{"id":10044,"date":"2024-08-16T22:58:02","date_gmt":"2024-08-16T21:58:02","guid":{"rendered":"https:\/\/news.avantools.pt\/?p=10044"},"modified":"2024-08-20T18:54:49","modified_gmt":"2024-08-20T17:54:49","slug":"solucoes-de-audio-lawo-inovacao-na-sala-de-controlo-do-pavilhao-de-congressos-de-saarbrucken","status":"publish","type":"post","link":"https:\/\/news.avantools.pt\/?p=10044","title":{"rendered":"Solu\u00e7\u00f5es de \u00c1udio LAWO: Inova\u00e7\u00e3o na Sala de Controlo do Pavilh\u00e3o de Congressos de Saarbr\u00fccken"},"content":{"rendered":"\n<p class=\"has-drop-cap\">Constru\u00eddo em 1967, o Pavilh\u00e3o de Congressos de Saarbr\u00fccken (Alemanha) \u00e9 palco de uma ampla variedade de eventos, como, entre outros, confer\u00eancias, feiras comerciais e conven\u00e7\u00f5es, bem como espect\u00e1culos e concertos de todos os tipos, alguns dos quais tamb\u00e9m transmitidos na r\u00e1dio e na televis\u00e3o pela emissora p\u00fablica Saarl\u00e4ndischer Rundfunk (SR), que possui uma sala de controlo pr\u00f3pria. Ap\u00f3s a reforma e reabertura do espa\u00e7o, em setembro de 2023, tamb\u00e9m essa sala de controlo foi equipada com uma moderna infraestrutura de \u00e1udio, com tecnologia AoIP. Com a instala\u00e7\u00e3o de uma mesa de mistura da <strong>LAWO<\/strong> modelo <em>mc\u00b236 MkII<\/em> e duas <em>stage boxes<\/em> <em>A__stage64 AoIP<\/em>, tamb\u00e9m da marca alem\u00e3, o SR substituiu o sistema anal\u00f3gico anterior por uma mesa que responde aos padr\u00f5es de alta qualidade da emissora, no que diz respeito ao desempenho, flexibilidade e efici\u00eancia.<\/p>\n\n\n<div class=\"wp-block-image\">\n<figure class=\"aligncenter size-large\"><img data-recalc-dims=\"1\" loading=\"lazy\" decoding=\"async\" width=\"525\" height=\"350\" src=\"https:\/\/i0.wp.com\/news.avantools.pt\/wp-content\/uploads\/2024\/08\/Congress_Hall_Control_Room.jpg?resize=525%2C350&#038;ssl=1\" alt=\"\" class=\"wp-image-10047\" srcset=\"https:\/\/i0.wp.com\/news.avantools.pt\/wp-content\/uploads\/2024\/08\/Congress_Hall_Control_Room.jpg?resize=1024%2C682&amp;ssl=1 1024w, https:\/\/i0.wp.com\/news.avantools.pt\/wp-content\/uploads\/2024\/08\/Congress_Hall_Control_Room.jpg?resize=300%2C200&amp;ssl=1 300w, https:\/\/i0.wp.com\/news.avantools.pt\/wp-content\/uploads\/2024\/08\/Congress_Hall_Control_Room.jpg?resize=768%2C512&amp;ssl=1 768w, https:\/\/i0.wp.com\/news.avantools.pt\/wp-content\/uploads\/2024\/08\/Congress_Hall_Control_Room.jpg?resize=1536%2C1024&amp;ssl=1 1536w, https:\/\/i0.wp.com\/news.avantools.pt\/wp-content\/uploads\/2024\/08\/Congress_Hall_Control_Room.jpg?resize=2048%2C1365&amp;ssl=1 2048w\" sizes=\"auto, (max-width: 767px) 89vw, (max-width: 1000px) 54vw, (max-width: 1071px) 543px, 580px\" \/><\/figure>\n<\/div>\n\n\n<p><\/p>\n\n\n\n<p>Situado no cora\u00e7\u00e3o da Europa, o <a href=\"https:\/\/www.ccsaar.de\/en\/\" target=\"_blank\" rel=\"noreferrer noopener\">Congress Centrum Saar GmbH<\/a> acolhe congressos, eventos culturais, desportivos, feiras comerciais e outras actividades. No cora\u00e7\u00e3o da Europa, palpita agora uma nova solu\u00e7\u00e3o para o controlo \u00e1udio, baseado num novo sistema, cujo elemento central \u00e9 uma mesa <em>mc\u00b236 MkII<\/em>, com processamento integrado, da <strong>LAWO<\/strong>. Com a sua tecnologia central A__UHD, a mesa oferece 256 canais de processamento dispon\u00edveis em 48 e 96 kHz, o que significa que mesmo grandes produ\u00e7\u00f5es orquestrais podem ser misturadas com esta solu\u00e7\u00e3o. A mesa suporta as normas ST2110, AES67, RAVENNA e Ember+. Com capacidade de I\/O de at\u00e9 864 canais e I\/O locais, a <em>mc\u00b236 MkII<\/em> oferece uma enorme capacidade e grande flexibilidade. As duas caixas de palco adicionais <em>A__stage64 AoIP<\/em> funcionam com base nas normas ST2110-30\/31 e AES67 \/ RAVENNA e garantem a integra\u00e7\u00e3o de sinais de \u00e1udio.<\/p>\n\n\n<div class=\"wp-block-image\">\n<figure class=\"aligncenter size-large is-resized\"><img data-recalc-dims=\"1\" loading=\"lazy\" decoding=\"async\" width=\"525\" height=\"787\" src=\"https:\/\/i0.wp.com\/news.avantools.pt\/wp-content\/uploads\/2024\/08\/Congress_Hall_Rack_A__stage64.jpg?resize=525%2C787&#038;ssl=1\" alt=\"\" class=\"wp-image-10046\" style=\"width:469px;height:auto\" srcset=\"https:\/\/i0.wp.com\/news.avantools.pt\/wp-content\/uploads\/2024\/08\/Congress_Hall_Rack_A__stage64.jpg?resize=683%2C1024&amp;ssl=1 683w, https:\/\/i0.wp.com\/news.avantools.pt\/wp-content\/uploads\/2024\/08\/Congress_Hall_Rack_A__stage64.jpg?resize=200%2C300&amp;ssl=1 200w, https:\/\/i0.wp.com\/news.avantools.pt\/wp-content\/uploads\/2024\/08\/Congress_Hall_Rack_A__stage64.jpg?resize=768%2C1151&amp;ssl=1 768w, https:\/\/i0.wp.com\/news.avantools.pt\/wp-content\/uploads\/2024\/08\/Congress_Hall_Rack_A__stage64.jpg?resize=1025%2C1536&amp;ssl=1 1025w, https:\/\/i0.wp.com\/news.avantools.pt\/wp-content\/uploads\/2024\/08\/Congress_Hall_Rack_A__stage64.jpg?w=1182&amp;ssl=1 1182w\" sizes=\"auto, (max-width: 525px) 100vw, 525px\" \/><\/figure>\n<\/div>\n\n\n<p><\/p>\n\n\n\n<p>Com base nos muitos anos de boa experi\u00eancia com sistemas <strong>LAWO<\/strong>, bem como no projecto da empresa e no suporte ao cliente, a <a href=\"https:\/\/www.sr.de\/sr\/home\/index.html\" target=\"_blank\" rel=\"noreferrer noopener\">Saarl\u00e4ndischer Rundfunk (SR)<\/a> optou por uma configura\u00e7\u00e3o da <strong>LAWO<\/strong> para esta instala\u00e7\u00e3o no Pavilh\u00e3o de Congressos. Al\u00e9m do desempenho, das caracter\u00edsticas sonoras e do seu car\u00e1cter compacto, a enorme flexibilidade do sistema tamb\u00e9m desempenhou um papel importante na decis\u00e3o sobre a op\u00e7\u00e3o <strong>LAWO<\/strong>. Toda esta capacidade permite uma enorme gama de configura\u00e7\u00f5es, para uma ampla variedade de produ\u00e7\u00f5es, e as op\u00e7\u00f5es da matriz e de controlo, bem como a integra\u00e7\u00e3o de pain\u00e9is externos, nesta instala\u00e7\u00e3o, tornam obsoleta uma infraestrutura de <em>talkback<\/em> externa.  <\/p>\n\n\n\n<p>Com esta instala\u00e7\u00e3o foi criada uma sala de controlo de som inteligente e economicamente muito interessante. Todos estes componentes podem tamb\u00e9m ser transportados para uso m\u00f3vel, sem grande esfor\u00e7o, como em festivais de ver\u00e3o.<\/p>\n\n\n\n<p>\u201cCom a nova tecnologia de \u00e1udio instalada agora na sala de controlo do Pavilh\u00e3o de Congressos, demos um primeiro passo no mundo IP, o que nos d\u00e1 uma liberdade consider\u00e1vel na produ\u00e7\u00e3o\u201d, como explica Ralf Schnellbach, Chefe de Tecnologia de Produ\u00e7\u00e3o de R\u00e1dio da SR e gestor de projeto desta instala\u00e7\u00e3o. \u201cIsso torna tudo muito mais f\u00e1cil, r\u00e1pido e claro\u201d, conclui Schnellbach.<\/p>\n\n\n<div class=\"wp-block-image\">\n<figure class=\"aligncenter size-large\"><img data-recalc-dims=\"1\" loading=\"lazy\" decoding=\"async\" width=\"525\" height=\"217\" src=\"https:\/\/i0.wp.com\/news.avantools.pt\/wp-content\/uploads\/2024\/08\/image.png?resize=525%2C217&#038;ssl=1\" alt=\"\" class=\"wp-image-10051\" srcset=\"https:\/\/i0.wp.com\/news.avantools.pt\/wp-content\/uploads\/2024\/08\/image.png?resize=1024%2C423&amp;ssl=1 1024w, https:\/\/i0.wp.com\/news.avantools.pt\/wp-content\/uploads\/2024\/08\/image.png?resize=300%2C124&amp;ssl=1 300w, https:\/\/i0.wp.com\/news.avantools.pt\/wp-content\/uploads\/2024\/08\/image.png?resize=768%2C317&amp;ssl=1 768w, https:\/\/i0.wp.com\/news.avantools.pt\/wp-content\/uploads\/2024\/08\/image.png?w=1280&amp;ssl=1 1280w\" sizes=\"auto, (max-width: 767px) 89vw, (max-width: 1000px) 54vw, (max-width: 1071px) 543px, 580px\" \/><\/figure>\n<\/div>\n\n\n<p>Para saber mais sobre este projecto clique <a href=\"https:\/\/lawo.com\/broadcasters-control-room-in-the-saarbrucken-congress-hall-equipped-with-lawo\/\" target=\"_blank\" rel=\"noreferrer noopener\">aqui<\/a>. Se deseja saber que solu\u00e7\u00f5es <strong>LAWO<\/strong> temos para satisfazer as suas necessidades, <a href=\"http:\/\/avantools.pt\/contacts.html\">consulte-nos<\/a>.<\/p>\n\n\n<div class=\"wp-block-image\">\n<figure class=\"aligncenter size-full is-resized\"><img data-recalc-dims=\"1\" loading=\"lazy\" decoding=\"async\" width=\"415\" height=\"415\" src=\"https:\/\/i0.wp.com\/news.avantools.pt\/wp-content\/uploads\/2019\/09\/Lawo_Logo.gif?resize=415%2C415&#038;ssl=1\" alt=\"\" class=\"wp-image-2447\" style=\"width:251px;height:auto\"\/><\/figure>\n<\/div>\n\n\n<hr class=\"wp-block-separator aligncenter has-alpha-channel-opacity is-style-wide\"\/>\n","protected":false},"excerpt":{"rendered":"<p>Constru\u00eddo em 1967, o Pavilh\u00e3o de Congressos de Saarbr\u00fccken (Alemanha) \u00e9 palco de uma ampla variedade de eventos, como, entre outros, confer\u00eancias, feiras comerciais e conven\u00e7\u00f5es, bem como espect\u00e1culos e concertos de todos os tipos, alguns dos quais tamb\u00e9m transmitidos na r\u00e1dio e na televis\u00e3o pela emissora p\u00fablica Saarl\u00e4ndischer Rundfunk (SR), que possui uma sala &hellip; <\/p>\n<p class=\"link-more\"><a href=\"https:\/\/news.avantools.pt\/?p=10044\" class=\"more-link\">Continuar a ler <span class=\"screen-reader-text\">&#8220;Solu\u00e7\u00f5es de \u00c1udio LAWO: Inova\u00e7\u00e3o na Sala de Controlo do Pavilh\u00e3o de Congressos de Saarbr\u00fccken&#8221;<\/span><\/a><\/p>\n","protected":false},"author":2,"featured_media":10053,"comment_status":"closed","ping_status":"open","sticky":false,"template":"","format":"standard","meta":{"_jetpack_memberships_contains_paid_content":false,"footnotes":"","_links_to":"","_links_to_target":""},"categories":[92,93,266,538],"tags":[595,740,2,531,741],"class_list":["post-10044","post","type-post","status-publish","format-standard","has-post-thumbnail","hentry","category-broadcast","category-radio","category-televisao","category-venues","tag-a__digital-64-aoip","tag-congress-centrum-saar-gmbh","tag-lawo","tag-mc36-mkii","tag-saarlandischer-rundfunk"],"jetpack_featured_media_url":"https:\/\/i0.wp.com\/news.avantools.pt\/wp-content\/uploads\/2024\/08\/Congress_Hall_Grand_Piano.jpg?fit=1836%2C1436&ssl=1","jetpack_sharing_enabled":true,"_links":{"self":[{"href":"https:\/\/news.avantools.pt\/index.php?rest_route=\/wp\/v2\/posts\/10044","targetHints":{"allow":["GET"]}}],"collection":[{"href":"https:\/\/news.avantools.pt\/index.php?rest_route=\/wp\/v2\/posts"}],"about":[{"href":"https:\/\/news.avantools.pt\/index.php?rest_route=\/wp\/v2\/types\/post"}],"author":[{"embeddable":true,"href":"https:\/\/news.avantools.pt\/index.php?rest_route=\/wp\/v2\/users\/2"}],"replies":[{"embeddable":true,"href":"https:\/\/news.avantools.pt\/index.php?rest_route=%2Fwp%2Fv2%2Fcomments&post=10044"}],"version-history":[{"count":13,"href":"https:\/\/news.avantools.pt\/index.php?rest_route=\/wp\/v2\/posts\/10044\/revisions"}],"predecessor-version":[{"id":10064,"href":"https:\/\/news.avantools.pt\/index.php?rest_route=\/wp\/v2\/posts\/10044\/revisions\/10064"}],"wp:featuredmedia":[{"embeddable":true,"href":"https:\/\/news.avantools.pt\/index.php?rest_route=\/wp\/v2\/media\/10053"}],"wp:attachment":[{"href":"https:\/\/news.avantools.pt\/index.php?rest_route=%2Fwp%2Fv2%2Fmedia&parent=10044"}],"wp:term":[{"taxonomy":"category","embeddable":true,"href":"https:\/\/news.avantools.pt\/index.php?rest_route=%2Fwp%2Fv2%2Fcategories&post=10044"},{"taxonomy":"post_tag","embeddable":true,"href":"https:\/\/news.avantools.pt\/index.php?rest_route=%2Fwp%2Fv2%2Ftags&post=10044"}],"curies":[{"name":"wp","href":"https:\/\/api.w.org\/{rel}","templated":true}]}}