{"id":10520,"date":"2025-01-10T18:59:22","date_gmt":"2025-01-10T18:59:22","guid":{"rendered":"https:\/\/news.avantools.pt\/?p=10520"},"modified":"2025-01-10T20:02:31","modified_gmt":"2025-01-10T20:02:31","slug":"open-house-pmc","status":"publish","type":"post","link":"https:\/\/news.avantools.pt\/?p=10520","title":{"rendered":"Open house PMC"},"content":{"rendered":"<div class=\"wp-block-image\">\n<figure class=\"aligncenter size-large\"><img data-recalc-dims=\"1\" loading=\"lazy\" decoding=\"async\" width=\"525\" height=\"705\" src=\"https:\/\/i0.wp.com\/news.avantools.pt\/wp-content\/uploads\/2025\/01\/image.png?resize=525%2C705&#038;ssl=1\" alt=\"\" class=\"wp-image-10522\" srcset=\"https:\/\/i0.wp.com\/news.avantools.pt\/wp-content\/uploads\/2025\/01\/image.png?resize=763%2C1024&amp;ssl=1 763w, https:\/\/i0.wp.com\/news.avantools.pt\/wp-content\/uploads\/2025\/01\/image.png?resize=224%2C300&amp;ssl=1 224w, https:\/\/i0.wp.com\/news.avantools.pt\/wp-content\/uploads\/2025\/01\/image.png?resize=768%2C1031&amp;ssl=1 768w, https:\/\/i0.wp.com\/news.avantools.pt\/wp-content\/uploads\/2025\/01\/image.png?w=912&amp;ssl=1 912w\" sizes=\"auto, (max-width: 706px) 89vw, (max-width: 767px) 82vw, 740px\" \/><\/figure>\n<\/div>\n\n\n<p><\/p>\n\n\n\n<p class=\"has-drop-cap\">No pr\u00f3ximo dia 17 de Janeiro, em duas sess\u00f5es (das 11-13h e das 15-17h), <em>open house<\/em> <strong>PMC<\/strong> para ouvir e experimentar os novos modelos da prestigiada marca brit\u00e2nica.<br>Poder\u00e1 ver o sistema optimizado para escuta e compara\u00e7\u00e3o entre modelos e modos de utiliza\u00e7\u00e3o, em  formato est\u00e9reo 2.0 e 2.1. Estar\u00e3o em demonstra\u00e7\u00e3o os modelos PMC 6, PMC 6.2, PMC 8.2, PMC 8.2 SUB e PMC TwoTwo6. E poder\u00e1 tamb\u00e9m ficar a conhecer o m\u00f3dulo de controlo de sistemas, atrav\u00e9s de software PMC Sound Align.<\/p>\n\n\n\n<p>A <em>open house<\/em> vai ter lugar no est\u00fadio <em>Mute Sound, Lda.<\/em>, Estrada da Cruz, 17C, 1400-422 Lisboa. <\/p>\n\n\n\n<p>Para mais informa\u00e7\u00f5es, por favor, <a href=\"http:\/avantools.pt\/contacts.html\">contacte-nos<\/a>. Para ficar a saber mais sobre os produtos <strong>PMC<\/strong> em exposi\u00e7\u00e3o, veja <a href=\"https:\/\/pmc-speakers.com\/studio\/studio-range\/\" target=\"_blank\" rel=\"noreferrer noopener\">aqui<\/a> e <a href=\"https:\/\/pmc-speakers.com\/soundalign\/\" target=\"_blank\" rel=\"noreferrer noopener\">aqui<\/a>.<\/p>\n\n\n<div class=\"wp-block-image\">\n<figure class=\"aligncenter size-full\"><img data-recalc-dims=\"1\" loading=\"lazy\" decoding=\"async\" width=\"320\" height=\"144\" src=\"https:\/\/i0.wp.com\/news.avantools.pt\/wp-content\/uploads\/2018\/04\/avantools-logo-black-200px.png?resize=320%2C144&#038;ssl=1\" alt=\"\" class=\"wp-image-1222\" srcset=\"https:\/\/i0.wp.com\/news.avantools.pt\/wp-content\/uploads\/2018\/04\/avantools-logo-black-200px.png?w=320&amp;ssl=1 320w, https:\/\/i0.wp.com\/news.avantools.pt\/wp-content\/uploads\/2018\/04\/avantools-logo-black-200px.png?resize=300%2C135&amp;ssl=1 300w\" sizes=\"auto, (max-width: 320px) 100vw, 320px\" \/><\/figure>\n<\/div>\n\n\n<hr class=\"wp-block-separator aligncenter has-alpha-channel-opacity is-style-wide\"\/>\n\n\n\n<p><\/p>\n","protected":false},"excerpt":{"rendered":"<p>No pr\u00f3ximo dia 17 de Janeiro, em duas sess\u00f5es (das 11-13h e das 15-17h), open house PMC para ouvir e experimentar os novos modelos da prestigiada marca brit\u00e2nica.Poder\u00e1 ver o sistema optimizado para escuta e compara\u00e7\u00e3o entre modelos e modos de utiliza\u00e7\u00e3o, em formato est\u00e9reo 2.0 e 2.1. Estar\u00e3o em demonstra\u00e7\u00e3o os modelos PMC 6, &hellip; <\/p>\n<p class=\"link-more\"><a href=\"https:\/\/news.avantools.pt\/?p=10520\" class=\"more-link\">Continuar a ler <span class=\"screen-reader-text\">&#8220;Open house PMC&#8221;<\/span><\/a><\/p>\n","protected":false},"author":2,"featured_media":0,"comment_status":"closed","ping_status":"open","sticky":false,"template":"","format":"standard","meta":{"_jetpack_memberships_contains_paid_content":false,"footnotes":"","_links_to":"","_links_to_target":""},"categories":[662,92,93,94,266,96],"tags":[11,757,755,756,759,760,761],"class_list":["post-10520","post","type-post","status-publish","format-standard","hentry","category-avantools","category-broadcast","category-radio","category-studio","category-televisao","category-video","tag-pmc","tag-pmc-6","tag-pmc-6-2","tag-pmc-8-2","tag-pmc-8-2-sub","tag-pmc-twotwo6","tag-software-pmc-sound-align"],"jetpack_featured_media_url":"","jetpack_sharing_enabled":true,"_links":{"self":[{"href":"https:\/\/news.avantools.pt\/index.php?rest_route=\/wp\/v2\/posts\/10520","targetHints":{"allow":["GET"]}}],"collection":[{"href":"https:\/\/news.avantools.pt\/index.php?rest_route=\/wp\/v2\/posts"}],"about":[{"href":"https:\/\/news.avantools.pt\/index.php?rest_route=\/wp\/v2\/types\/post"}],"author":[{"embeddable":true,"href":"https:\/\/news.avantools.pt\/index.php?rest_route=\/wp\/v2\/users\/2"}],"replies":[{"embeddable":true,"href":"https:\/\/news.avantools.pt\/index.php?rest_route=%2Fwp%2Fv2%2Fcomments&post=10520"}],"version-history":[{"count":5,"href":"https:\/\/news.avantools.pt\/index.php?rest_route=\/wp\/v2\/posts\/10520\/revisions"}],"predecessor-version":[{"id":10533,"href":"https:\/\/news.avantools.pt\/index.php?rest_route=\/wp\/v2\/posts\/10520\/revisions\/10533"}],"wp:attachment":[{"href":"https:\/\/news.avantools.pt\/index.php?rest_route=%2Fwp%2Fv2%2Fmedia&parent=10520"}],"wp:term":[{"taxonomy":"category","embeddable":true,"href":"https:\/\/news.avantools.pt\/index.php?rest_route=%2Fwp%2Fv2%2Fcategories&post=10520"},{"taxonomy":"post_tag","embeddable":true,"href":"https:\/\/news.avantools.pt\/index.php?rest_route=%2Fwp%2Fv2%2Ftags&post=10520"}],"curies":[{"name":"wp","href":"https:\/\/api.w.org\/{rel}","templated":true}]}}