{"id":10526,"date":"2025-01-10T19:19:44","date_gmt":"2025-01-10T19:19:44","guid":{"rendered":"https:\/\/news.avantools.pt\/?p=10526"},"modified":"2025-01-18T00:00:08","modified_gmt":"2025-01-18T00:00:08","slug":"open-house-lawo","status":"publish","type":"post","link":"https:\/\/news.avantools.pt\/?p=10526","title":{"rendered":"Open House LAWO"},"content":{"rendered":"\n<figure class=\"wp-block-image size-large\"><img data-recalc-dims=\"1\" loading=\"lazy\" decoding=\"async\" width=\"525\" height=\"350\" src=\"https:\/\/i0.wp.com\/news.avantools.pt\/wp-content\/uploads\/2025\/01\/image-2.png?resize=525%2C350&#038;ssl=1\" alt=\"\" class=\"wp-image-10529\" srcset=\"https:\/\/i0.wp.com\/news.avantools.pt\/wp-content\/uploads\/2025\/01\/image-2.png?resize=1024%2C682&amp;ssl=1 1024w, https:\/\/i0.wp.com\/news.avantools.pt\/wp-content\/uploads\/2025\/01\/image-2.png?resize=300%2C200&amp;ssl=1 300w, https:\/\/i0.wp.com\/news.avantools.pt\/wp-content\/uploads\/2025\/01\/image-2.png?resize=768%2C512&amp;ssl=1 768w, https:\/\/i0.wp.com\/news.avantools.pt\/wp-content\/uploads\/2025\/01\/image-2.png?resize=1536%2C1024&amp;ssl=1 1536w, https:\/\/i0.wp.com\/news.avantools.pt\/wp-content\/uploads\/2025\/01\/image-2.png?w=1772&amp;ssl=1 1772w\" sizes=\"auto, (max-width: 767px) 89vw, (max-width: 1000px) 54vw, (max-width: 1071px) 543px, 580px\" \/><\/figure>\n\n\n<div class=\"wp-block-image\">\n<figure class=\"aligncenter size-full\"><img data-recalc-dims=\"1\" loading=\"lazy\" decoding=\"async\" width=\"525\" height=\"207\" src=\"https:\/\/i0.wp.com\/news.avantools.pt\/wp-content\/uploads\/2025\/01\/image-1.png?resize=525%2C207&#038;ssl=1\" alt=\"\" class=\"wp-image-10528\" srcset=\"https:\/\/i0.wp.com\/news.avantools.pt\/wp-content\/uploads\/2025\/01\/image-1.png?w=980&amp;ssl=1 980w, https:\/\/i0.wp.com\/news.avantools.pt\/wp-content\/uploads\/2025\/01\/image-1.png?resize=300%2C118&amp;ssl=1 300w, https:\/\/i0.wp.com\/news.avantools.pt\/wp-content\/uploads\/2025\/01\/image-1.png?resize=768%2C303&amp;ssl=1 768w\" sizes=\"auto, (max-width: 767px) 89vw, (max-width: 1000px) 54vw, (max-width: 1071px) 543px, 580px\" \/><\/figure>\n<\/div>\n\n\n<p>No pr\u00f3ximo dia 17 de Janeiro, em duas sess\u00f5es (das 11-13h e das 15-17h), open house <strong>LAWO<\/strong>. Venha conhecer e experimentar dois novos modelos da prestigiada marca alem\u00e3. Os novos modelos em exposi\u00e7\u00e3o ser\u00e3o o <em>PowerCore<\/em> e a <em>Crystal Console<\/em>.<\/p>\n\n\n\n<p>A <em>open house<\/em> vai ter lugar no est\u00fadio Mute Sound, Lda., Estrada da Cruz, 17C, 1400-422 Lisboa.<\/p>\n\n\n\n<p>Para mais informa\u00e7\u00f5es, por favor, <a href=\"http:\/avantools.pt\/contacts.html\" target=\"_blank\" rel=\"noreferrer noopener\">contacte-nos<\/a>. Para ficar a saber mais sobre os produtos <strong>LAWO<\/strong> em exposi\u00e7\u00e3o, veja <a href=\"https:\/\/lawo.com\/products\/new_crystal\/\" target=\"_blank\" rel=\"noreferrer noopener\">aqui<\/a> e <a href=\"https:\/\/lawo.com\/products\/power-core\/\" target=\"_blank\" rel=\"noreferrer noopener\">aqui<\/a>.<\/p>\n\n\n<div class=\"wp-block-image\">\n<figure class=\"aligncenter size-full is-resized\"><img data-recalc-dims=\"1\" loading=\"lazy\" decoding=\"async\" width=\"320\" height=\"144\" src=\"https:\/\/i0.wp.com\/news.avantools.pt\/wp-content\/uploads\/2018\/04\/avantools-logo-black-200px.png?resize=320%2C144&#038;ssl=1\" alt=\"\" class=\"wp-image-1222\" style=\"width:320px;height:auto\" srcset=\"https:\/\/i0.wp.com\/news.avantools.pt\/wp-content\/uploads\/2018\/04\/avantools-logo-black-200px.png?w=320&amp;ssl=1 320w, https:\/\/i0.wp.com\/news.avantools.pt\/wp-content\/uploads\/2018\/04\/avantools-logo-black-200px.png?resize=300%2C135&amp;ssl=1 300w\" sizes=\"auto, (max-width: 320px) 100vw, 320px\" \/><\/figure>\n<\/div>\n\n\n<hr class=\"wp-block-separator has-alpha-channel-opacity is-style-wide\"\/>\n","protected":false},"excerpt":{"rendered":"<p>No pr\u00f3ximo dia 17 de Janeiro, em duas sess\u00f5es (das 11-13h e das 15-17h), open house LAWO. Venha conhecer e experimentar dois novos modelos da prestigiada marca alem\u00e3. Os novos modelos em exposi\u00e7\u00e3o ser\u00e3o o PowerCore e a Crystal Console. A open house vai ter lugar no est\u00fadio Mute Sound, Lda., Estrada da Cruz, 17C, &hellip; <\/p>\n<p class=\"link-more\"><a href=\"https:\/\/news.avantools.pt\/?p=10526\" class=\"more-link\">Continuar a ler <span class=\"screen-reader-text\">&#8220;Open House LAWO&#8221;<\/span><\/a><\/p>\n","protected":false},"author":2,"featured_media":0,"comment_status":"closed","ping_status":"open","sticky":false,"template":"","format":"standard","meta":{"_jetpack_memberships_contains_paid_content":false,"footnotes":"","_links_to":"","_links_to_target":""},"categories":[662,92,93],"tags":[154,2,492],"class_list":["post-10526","post","type-post","status-publish","format-standard","hentry","category-avantools","category-broadcast","category-radio","tag-crystal","tag-lawo","tag-power-core"],"jetpack_featured_media_url":"","jetpack_sharing_enabled":true,"_links":{"self":[{"href":"https:\/\/news.avantools.pt\/index.php?rest_route=\/wp\/v2\/posts\/10526","targetHints":{"allow":["GET"]}}],"collection":[{"href":"https:\/\/news.avantools.pt\/index.php?rest_route=\/wp\/v2\/posts"}],"about":[{"href":"https:\/\/news.avantools.pt\/index.php?rest_route=\/wp\/v2\/types\/post"}],"author":[{"embeddable":true,"href":"https:\/\/news.avantools.pt\/index.php?rest_route=\/wp\/v2\/users\/2"}],"replies":[{"embeddable":true,"href":"https:\/\/news.avantools.pt\/index.php?rest_route=%2Fwp%2Fv2%2Fcomments&post=10526"}],"version-history":[{"count":4,"href":"https:\/\/news.avantools.pt\/index.php?rest_route=\/wp\/v2\/posts\/10526\/revisions"}],"predecessor-version":[{"id":10536,"href":"https:\/\/news.avantools.pt\/index.php?rest_route=\/wp\/v2\/posts\/10526\/revisions\/10536"}],"wp:attachment":[{"href":"https:\/\/news.avantools.pt\/index.php?rest_route=%2Fwp%2Fv2%2Fmedia&parent=10526"}],"wp:term":[{"taxonomy":"category","embeddable":true,"href":"https:\/\/news.avantools.pt\/index.php?rest_route=%2Fwp%2Fv2%2Fcategories&post=10526"},{"taxonomy":"post_tag","embeddable":true,"href":"https:\/\/news.avantools.pt\/index.php?rest_route=%2Fwp%2Fv2%2Ftags&post=10526"}],"curies":[{"name":"wp","href":"https:\/\/api.w.org\/{rel}","templated":true}]}}