{"id":122,"date":"2017-01-30T17:30:00","date_gmt":"2017-01-30T17:30:00","guid":{"rendered":"http:\/\/avantools.pt\/noticias\/hd-broadcaast-com-riedel"},"modified":"2018-04-03T16:22:35","modified_gmt":"2018-04-03T15:22:35","slug":"hd-broadcast-com-riedel","status":"publish","type":"post","link":"https:\/\/news.avantools.pt\/?p=122","title":{"rendered":"HD Broadcast com Riedel"},"content":{"rendered":"<p>A alem\u00e3 <strong>HD Broadcast<\/strong> acaba de enriquecer a capacidade dos seus carros de exteriores com novo equipamento <strong>RIEDEL<\/strong>.<\/p>\n<p><img data-recalc-dims=\"1\" decoding=\"async\" class=\"aligncenter\" src=\"https:\/\/i0.wp.com\/wwwavantoolseu.worldsecuresystems.com\/images\/HD_Broadcast_2016.jpeg?w=525&#038;ssl=1\"  \/><\/p>\n<p>A <a title=\"hdboradcaast\" href=\"http:\/\/hd.t-c-s.com\/\" target=\"_blank\" rel=\"noopener\">HD Broadcast<\/a> \u00e9 uma das maiores prestadoras de servi\u00e7os de produ\u00e7\u00e3o de telvis\u00e3o, vivo e de exteriores, da Alemanha. A actualiza\u00e7\u00e3o da oferta t\u00e9cnica passou por uma op\u00e7\u00e3o pela <strong>RIEDEL<\/strong>. A op\u00e7\u00e3o justifica-se pela capacidade que as solu\u00e7\u00f5es Riedel oferecem quando se trata de construir poderos\u00edssimas infraestruturas de distribui\u00e7\u00e3o de dados e sinal video e \u00e1udio.<\/p>\n<p>Tr\u00eas <strong><a title=\"mediornet compact\" href=\"https:\/\/www.riedel.net\/en\/products\/media-networks\/mediornet-compact\/\" target=\"_blank\" rel=\"noopener\">MediorNet Compact Pro<\/a><\/strong> e seis <strong><a title=\"medior net micron\" href=\"https:\/\/www.riedel.net\/en\/products\/media-networks\/mediornet-micron\/\" target=\"_blank\" rel=\"noopener\">MicroN<\/a><\/strong> para uma rede de alta densidade de distribui\u00e7\u00e3o est\u00e3o ligadas atrav\u00e9s de um infraestrutura de fibra \u00f3ptica de 10 Gbps. Esta possibilita a cria\u00e7\u00e3o de uma matriz de liga\u00e7\u00f5es totalmente redundante. Estas novas unidades combinam com o sistema de intercomunica\u00e7\u00e3o digital <strong><a title=\"Artist\" href=\"https:\/\/www.riedel.net\/en\/products\/intercom\/artist-digital-matrix-intercom\/\" target=\"_blank\" rel=\"noopener\">Artist<\/a><\/strong> que a HD Broadcast possuia j\u00e1.<\/p>\n<p>Este sistema totalmente modular da infraestrutura <strong>MediorNet<\/strong> permite a integra\u00e7\u00e3o total de transporte de sinal, <i>routing<\/i> e processamento de sinal<br \/>\ncom comunica\u00e7\u00f5es de alta defini\u00e7\u00e3o.<\/p>\n<p>Saiba <a title=\"hdboradcaast\" href=\"https:\/\/www.riedel.net\/news\/news-detail\/mediornet-powers-hd-broadcasts-upgraded-hd1\/\" target=\"_blank\" rel=\"noopener\">mais<\/a> sobre este novo cap\u00edtulo na hist\u00f3ria da HD Broadcast.<\/p>\n<p>Saiba <a title=\"riedel\" href=\"https:\/\/www.riedel.net\/\" target=\"_blank\" rel=\"noopener\">mais<\/a> sobre a <strong>RIEDEL<\/strong>.<\/p>\n<p>Venha <a href=\"\/contacts.html\">falar connosco<\/a> para saber que outras solu\u00e7\u00f5es a <strong>RIEDEL<\/strong> pode oferecer para a sua infraestrutura t\u00e9cnica.<\/p>\n<p style=\"text-align: right;\">\n<p style=\"text-align: right;\"><img decoding=\"async\" src=\"\/images\/2012_logo.png\" \/><\/p>\n<hr \/>\n<p style=\"text-align: right;\">\n","protected":false},"excerpt":{"rendered":"<p>A alem\u00e3 HD Broadcast acaba de enriquecer a capacidade dos seus carros de exteriores com novo equipamento RIEDEL. A HD Broadcast \u00e9 uma das maiores prestadoras de servi\u00e7os de produ\u00e7\u00e3o de telvis\u00e3o, vivo e de exteriores, da Alemanha. A actualiza\u00e7\u00e3o da oferta t\u00e9cnica passou por uma op\u00e7\u00e3o pela RIEDEL. A op\u00e7\u00e3o justifica-se pela capacidade que &hellip; <\/p>\n<p class=\"link-more\"><a href=\"https:\/\/news.avantools.pt\/?p=122\" class=\"more-link\">Continuar a ler <span class=\"screen-reader-text\">&#8220;HD Broadcast com Riedel&#8221;<\/span><\/a><\/p>\n","protected":false},"author":2,"featured_media":0,"comment_status":"open","ping_status":"open","sticky":false,"template":"","format":"standard","meta":{"_jetpack_memberships_contains_paid_content":false,"footnotes":"","_links_to":"","_links_to_target":""},"categories":[92],"tags":[49,355,85,354,125,73,9],"class_list":["post-122","post","type-post","status-publish","format-standard","hentry","category-broadcast","tag-artist","tag-hd-broadcast","tag-mediornet","tag-mediornet-compact-pro","tag-mediornet-micron","tag-ob-van","tag-riedel"],"jetpack_featured_media_url":"","jetpack_sharing_enabled":true,"_links":{"self":[{"href":"https:\/\/news.avantools.pt\/index.php?rest_route=\/wp\/v2\/posts\/122","targetHints":{"allow":["GET"]}}],"collection":[{"href":"https:\/\/news.avantools.pt\/index.php?rest_route=\/wp\/v2\/posts"}],"about":[{"href":"https:\/\/news.avantools.pt\/index.php?rest_route=\/wp\/v2\/types\/post"}],"author":[{"embeddable":true,"href":"https:\/\/news.avantools.pt\/index.php?rest_route=\/wp\/v2\/users\/2"}],"replies":[{"embeddable":true,"href":"https:\/\/news.avantools.pt\/index.php?rest_route=%2Fwp%2Fv2%2Fcomments&post=122"}],"version-history":[{"count":2,"href":"https:\/\/news.avantools.pt\/index.php?rest_route=\/wp\/v2\/posts\/122\/revisions"}],"predecessor-version":[{"id":1129,"href":"https:\/\/news.avantools.pt\/index.php?rest_route=\/wp\/v2\/posts\/122\/revisions\/1129"}],"wp:attachment":[{"href":"https:\/\/news.avantools.pt\/index.php?rest_route=%2Fwp%2Fv2%2Fmedia&parent=122"}],"wp:term":[{"taxonomy":"category","embeddable":true,"href":"https:\/\/news.avantools.pt\/index.php?rest_route=%2Fwp%2Fv2%2Fcategories&post=122"},{"taxonomy":"post_tag","embeddable":true,"href":"https:\/\/news.avantools.pt\/index.php?rest_route=%2Fwp%2Fv2%2Ftags&post=122"}],"curies":[{"name":"wp","href":"https:\/\/api.w.org\/{rel}","templated":true}]}}