{"id":1262,"date":"2018-04-11T12:17:41","date_gmt":"2018-04-11T11:17:41","guid":{"rendered":"http:\/\/news.avantools.pt\/?p=1262"},"modified":"2021-07-11T17:30:23","modified_gmt":"2021-07-11T16:30:23","slug":"novo-smartpanel-da-riedel","status":"publish","type":"post","link":"https:\/\/news.avantools.pt\/?p=1262","title":{"rendered":"RSP-1232HL, novo SmartPanel da RIEDEL"},"content":{"rendered":"<p>Os interfaces da <strong>RIEDEL<\/strong> com as suas diferentes linhas de equipamento baseiam-se no bin\u00f3mio <em>SmartPanel\/app<\/em>. A empresa revela agora a sua nova s\u00e9rie 1200 de S<em>martPanels<\/em>.<\/p>\n<p style=\"text-align: center;\"><img data-recalc-dims=\"1\" loading=\"lazy\" decoding=\"async\" class=\"aligncenter wp-image-1264 size-large\" src=\"https:\/\/i0.wp.com\/news.avantools.pt\/wp-content\/uploads\/2018\/04\/csm_Riedel_RSP-1232HL_2bbda09d81.jpg?resize=525%2C225&#038;ssl=1\" alt=\"\" width=\"525\" height=\"225\" srcset=\"https:\/\/i0.wp.com\/news.avantools.pt\/wp-content\/uploads\/2018\/04\/csm_Riedel_RSP-1232HL_2bbda09d81.jpg?resize=1024%2C439&amp;ssl=1 1024w, https:\/\/i0.wp.com\/news.avantools.pt\/wp-content\/uploads\/2018\/04\/csm_Riedel_RSP-1232HL_2bbda09d81.jpg?resize=300%2C129&amp;ssl=1 300w, https:\/\/i0.wp.com\/news.avantools.pt\/wp-content\/uploads\/2018\/04\/csm_Riedel_RSP-1232HL_2bbda09d81.jpg?resize=768%2C330&amp;ssl=1 768w, https:\/\/i0.wp.com\/news.avantools.pt\/wp-content\/uploads\/2018\/04\/csm_Riedel_RSP-1232HL_2bbda09d81.jpg?w=1920&amp;ssl=1 1920w, https:\/\/i0.wp.com\/news.avantools.pt\/wp-content\/uploads\/2018\/04\/csm_Riedel_RSP-1232HL_2bbda09d81.jpg?w=1575&amp;ssl=1 1575w\" sizes=\"auto, (max-width: 525px) 100vw, 525px\" \/><\/p>\n<p>O novo\u00a0RSP-1232HL da s\u00e9rie 1200 da <strong>RIEDEL<\/strong> inclui ecr\u00e3s <em>full color<\/em> e <em>multitouch<\/em>, 32 teclas h\u00edbridas, possibilidade de combinar <em>apps<\/em> potenciando a multifuncionalidade e de adaptar a diferentes fluxos de trabalho.<\/p>\n<p>Saiba mais sobre o novo RSP-1232HL da <strong>RIEDEL<\/strong> <a href=\"https:\/\/www.riedel.net\/en\/news\/news-detail\/new-smartpanel-redefines-how-a-keypanel-should-look-and-feel\/\">aqui<\/a> ou <a href=\"http:\/\/www.avantools.pt\/contacts.html\">contacte-nos<\/a> para mais informa\u00e7\u00f5es.<img data-recalc-dims=\"1\" loading=\"lazy\" decoding=\"async\" class=\"size-medium wp-image-1263 alignright\" src=\"https:\/\/i0.wp.com\/news.avantools.pt\/wp-content\/uploads\/2018\/04\/riedel_4zu3_transparent.png?resize=300%2C169&#038;ssl=1\" alt=\"\" width=\"300\" height=\"169\" \/><\/p>\n<hr \/>\n","protected":false},"excerpt":{"rendered":"<p>Os interfaces da RIEDEL com as suas diferentes linhas de equipamento baseiam-se no bin\u00f3mio SmartPanel\/app. A empresa revela agora a sua nova s\u00e9rie 1200 de SmartPanels. O novo\u00a0RSP-1232HL da s\u00e9rie 1200 da RIEDEL inclui ecr\u00e3s full color e multitouch, 32 teclas h\u00edbridas, possibilidade de combinar apps potenciando a multifuncionalidade e de adaptar a diferentes fluxos &hellip; <\/p>\n<p class=\"link-more\"><a href=\"https:\/\/news.avantools.pt\/?p=1262\" class=\"more-link\">Continuar a ler <span class=\"screen-reader-text\">&#8220;RSP-1232HL, novo SmartPanel da RIEDEL&#8221;<\/span><\/a><\/p>\n","protected":false},"author":2,"featured_media":0,"comment_status":"closed","ping_status":"open","sticky":false,"template":"","format":"standard","meta":{"_jetpack_memberships_contains_paid_content":false,"footnotes":"","_links_to":"","_links_to_target":""},"categories":[92],"tags":[9,396],"class_list":["post-1262","post","type-post","status-publish","format-standard","hentry","category-broadcast","tag-riedel","tag-rsp-1232hl"],"jetpack_featured_media_url":"","jetpack_sharing_enabled":true,"_links":{"self":[{"href":"https:\/\/news.avantools.pt\/index.php?rest_route=\/wp\/v2\/posts\/1262","targetHints":{"allow":["GET"]}}],"collection":[{"href":"https:\/\/news.avantools.pt\/index.php?rest_route=\/wp\/v2\/posts"}],"about":[{"href":"https:\/\/news.avantools.pt\/index.php?rest_route=\/wp\/v2\/types\/post"}],"author":[{"embeddable":true,"href":"https:\/\/news.avantools.pt\/index.php?rest_route=\/wp\/v2\/users\/2"}],"replies":[{"embeddable":true,"href":"https:\/\/news.avantools.pt\/index.php?rest_route=%2Fwp%2Fv2%2Fcomments&post=1262"}],"version-history":[{"count":6,"href":"https:\/\/news.avantools.pt\/index.php?rest_route=\/wp\/v2\/posts\/1262\/revisions"}],"predecessor-version":[{"id":4362,"href":"https:\/\/news.avantools.pt\/index.php?rest_route=\/wp\/v2\/posts\/1262\/revisions\/4362"}],"wp:attachment":[{"href":"https:\/\/news.avantools.pt\/index.php?rest_route=%2Fwp%2Fv2%2Fmedia&parent=1262"}],"wp:term":[{"taxonomy":"category","embeddable":true,"href":"https:\/\/news.avantools.pt\/index.php?rest_route=%2Fwp%2Fv2%2Fcategories&post=1262"},{"taxonomy":"post_tag","embeddable":true,"href":"https:\/\/news.avantools.pt\/index.php?rest_route=%2Fwp%2Fv2%2Ftags&post=1262"}],"curies":[{"name":"wp","href":"https:\/\/api.w.org\/{rel}","templated":true}]}}