{"id":128,"date":"2016-09-12T00:00:00","date_gmt":"2016-09-11T23:00:00","guid":{"rendered":"http:\/\/avantools.pt\/noticias\/erc-publica-relatorio-sobre-loudness"},"modified":"2018-04-03T11:38:25","modified_gmt":"2018-04-03T10:38:25","slug":"erc-publica-relatorio-sobre-loudness","status":"publish","type":"post","link":"https:\/\/news.avantools.pt\/?p=128","title":{"rendered":"ERC publica relat\u00f3rio sobre loudness"},"content":{"rendered":"<p>Iniciada no m\u00eas de junho, a monitoriza\u00e7\u00e3o da varia\u00e7\u00e3o dos n\u00edveis de volume de som (<em>loudness<\/em>) das emiss\u00f5es de TV j\u00e1 deu origem a uma primeira avalia\u00e7\u00e3o.<\/p>\n<p><img data-recalc-dims=\"1\" decoding=\"async\" class=\"aligncenter\" src=\"https:\/\/i0.wp.com\/wwwavantoolseu.worldsecuresystems.com\/images\/ERC.jpg?w=525&#038;ssl=1\" \/><\/p>\n<p>Iniciada no m\u00eas de junho, a monitoriza\u00e7\u00e3o da varia\u00e7\u00e3o dos n\u00edveis de volume de som na difus\u00e3o de publicidade das emiss\u00f5es televisivas, levada a cabo pela<br \/>\nERC deu origem a um primeiro relat\u00f3rio que pode ser\u00a0pode ser consultado\u00a0<a href=\"http:\/\/www.erc.pt\/download.php?info=YTozOntzOjU6ImFjY2FvIjtzOjg6ImRvd25sb2FkIjtzOjg6ImZpY2hlaXJvIjtzOjM5OiJtZWRpYS9maWNoZWlyb3Mvb2JqZWN0b19vZmZsaW5lLzI4MS5wZGYiO3M6NjoidGl0dWxvIjtzOjI4OiJSZXN1bHRhZG9zK2FwdXJhZG9zK3BlbGErRVJDIjt9\">aqui<\/a>.<\/p>\n<p>A amostra contemplada neste relat\u00f3rio diz respeito aos tr\u00eas servi\u00e7os de programas generalistas de acesso n\u00e3o condicionado livre, RTP1, SIC e TVI.<\/p>\n<p>&nbsp;<\/p>\n<p style=\"text-align: right;\"><img decoding=\"async\" src=\"\/images\/avantoolscubelogo.jpg?Action=thumbnail&amp;algorithm=fill_proportional&amp;width=97\" width=\"97\" \/><\/p>\n<hr \/>\n<p>&nbsp;<\/p>\n<p>&nbsp;<\/p>\n<p>&nbsp;<\/p>\n","protected":false},"excerpt":{"rendered":"<p>Iniciada no m\u00eas de junho, a monitoriza\u00e7\u00e3o da varia\u00e7\u00e3o dos n\u00edveis de volume de som (loudness) das emiss\u00f5es de TV j\u00e1 deu origem a uma primeira avalia\u00e7\u00e3o. Iniciada no m\u00eas de junho, a monitoriza\u00e7\u00e3o da varia\u00e7\u00e3o dos n\u00edveis de volume de som na difus\u00e3o de publicidade das emiss\u00f5es televisivas, levada a cabo pela ERC deu &hellip; <\/p>\n<p class=\"link-more\"><a href=\"https:\/\/news.avantools.pt\/?p=128\" class=\"more-link\">Continuar a ler <span class=\"screen-reader-text\">&#8220;ERC publica relat\u00f3rio sobre loudness&#8221;<\/span><\/a><\/p>\n","protected":false},"author":2,"featured_media":0,"comment_status":"open","ping_status":"open","sticky":false,"template":"","format":"standard","meta":{"_jetpack_memberships_contains_paid_content":false,"footnotes":"","_links_to":"","_links_to_target":""},"categories":[136],"tags":[275,280],"class_list":["post-128","post","type-post","status-publish","format-standard","hentry","category-institucional","tag-erc","tag-loudness"],"jetpack_featured_media_url":"","jetpack_sharing_enabled":true,"_links":{"self":[{"href":"https:\/\/news.avantools.pt\/index.php?rest_route=\/wp\/v2\/posts\/128","targetHints":{"allow":["GET"]}}],"collection":[{"href":"https:\/\/news.avantools.pt\/index.php?rest_route=\/wp\/v2\/posts"}],"about":[{"href":"https:\/\/news.avantools.pt\/index.php?rest_route=\/wp\/v2\/types\/post"}],"author":[{"embeddable":true,"href":"https:\/\/news.avantools.pt\/index.php?rest_route=\/wp\/v2\/users\/2"}],"replies":[{"embeddable":true,"href":"https:\/\/news.avantools.pt\/index.php?rest_route=%2Fwp%2Fv2%2Fcomments&post=128"}],"version-history":[{"count":2,"href":"https:\/\/news.avantools.pt\/index.php?rest_route=\/wp\/v2\/posts\/128\/revisions"}],"predecessor-version":[{"id":1062,"href":"https:\/\/news.avantools.pt\/index.php?rest_route=\/wp\/v2\/posts\/128\/revisions\/1062"}],"wp:attachment":[{"href":"https:\/\/news.avantools.pt\/index.php?rest_route=%2Fwp%2Fv2%2Fmedia&parent=128"}],"wp:term":[{"taxonomy":"category","embeddable":true,"href":"https:\/\/news.avantools.pt\/index.php?rest_route=%2Fwp%2Fv2%2Fcategories&post=128"},{"taxonomy":"post_tag","embeddable":true,"href":"https:\/\/news.avantools.pt\/index.php?rest_route=%2Fwp%2Fv2%2Ftags&post=128"}],"curies":[{"name":"wp","href":"https:\/\/api.w.org\/{rel}","templated":true}]}}