{"id":1280,"date":"2018-04-16T18:42:57","date_gmt":"2018-04-16T17:42:57","guid":{"rendered":"http:\/\/news.avantools.pt\/?p=1280"},"modified":"2018-04-18T09:57:47","modified_gmt":"2018-04-18T08:57:47","slug":"lct-640-ts-ganha-premio-na-musikmesse","status":"publish","type":"post","link":"https:\/\/news.avantools.pt\/?p=1280","title":{"rendered":"LCT 640 TS ganha pr\u00e9mio na Musikmesse"},"content":{"rendered":"<p>O <span lang=\"EN-US\" xml:lang=\"EN-US\">Musikmesse International Press Award (MIPA) foi atribu\u00eddo ao modelo LCT 640 TS da <strong>LEWITT<\/strong>, na categoria de <em>recording hardware<\/em>. \u00c9 mais um dos v\u00e1rios galard\u00f5es atribu\u00eddos a este inovador microfone.<\/span><\/p>\n<p style=\"text-align: center;\"><img data-recalc-dims=\"1\" loading=\"lazy\" decoding=\"async\" class=\"aligncenter wp-image-1281 size-large\" src=\"https:\/\/i0.wp.com\/news.avantools.pt\/wp-content\/uploads\/2018\/04\/LCT-650-TS-PERFECT-MATCH-04.jpg?resize=525%2C210&#038;ssl=1\" alt=\"\" width=\"525\" height=\"210\" srcset=\"https:\/\/i0.wp.com\/news.avantools.pt\/wp-content\/uploads\/2018\/04\/LCT-650-TS-PERFECT-MATCH-04.jpg?resize=1024%2C410&amp;ssl=1 1024w, https:\/\/i0.wp.com\/news.avantools.pt\/wp-content\/uploads\/2018\/04\/LCT-650-TS-PERFECT-MATCH-04.jpg?resize=300%2C120&amp;ssl=1 300w, https:\/\/i0.wp.com\/news.avantools.pt\/wp-content\/uploads\/2018\/04\/LCT-650-TS-PERFECT-MATCH-04.jpg?resize=768%2C307&amp;ssl=1 768w, https:\/\/i0.wp.com\/news.avantools.pt\/wp-content\/uploads\/2018\/04\/LCT-650-TS-PERFECT-MATCH-04.jpg?w=1575&amp;ssl=1 1575w\" sizes=\"auto, (max-width: 525px) 100vw, 525px\" \/><\/p>\n<p><span lang=\"EN-US\" xml:lang=\"EN-US\">O LCT 640 TS \u00e9 um dos microfones mais valiosos existente actualmente no mercado e, seguramente, um dos tecnicamente mais evolu\u00eddos de sempre. \u00c9 a porta de acesso a um mundo novo de t\u00e9cnicas de grava\u00e7\u00e3o. O seu modo <em>Dual Output<\/em> permite separar os sinais frontal e traseiro do microfone, de modo a conseguir obter qualquer diagrama polar, mesmo depois da capta\u00e7\u00e3o ter sido efectuada. Depois de registado o sinal com o LCT 640 TS, o plugin <em>POLARIZER<\/em>, desenvolvido pela <strong>LEWITT<\/strong> pode ser usado para afinar o material recolhido. <img data-recalc-dims=\"1\" loading=\"lazy\" decoding=\"async\" class=\"size-medium wp-image-1283 alignleft\" src=\"https:\/\/i0.wp.com\/news.avantools.pt\/wp-content\/uploads\/2018\/04\/PolarizerLewitt.png?resize=300%2C205&#038;ssl=1\" alt=\"\" width=\"300\" height=\"205\" srcset=\"https:\/\/i0.wp.com\/news.avantools.pt\/wp-content\/uploads\/2018\/04\/PolarizerLewitt.png?resize=300%2C205&amp;ssl=1 300w, https:\/\/i0.wp.com\/news.avantools.pt\/wp-content\/uploads\/2018\/04\/PolarizerLewitt.png?w=564&amp;ssl=1 564w\" sizes=\"auto, (max-width: 300px) 100vw, 300px\" \/>No modo <em>Multi-Pattern<\/em>, o LCT 640 TS obedece aos mais altos padr\u00f5es de um microfone de est\u00fadio de condensador de topo de gama. A tecnologia <em>Perfect Match<\/em> garante que qualquer microfone LCT 640 TS tem a mesma exacta resposta a 1 kHz. O modo <em>Dual Output<\/em> permite gravar em est\u00e9reo com um \u00fanico LCT 640 TS. Mas as caracter\u00edsticas excepcionais do LCT 640 TS n\u00e3o se esgotam nesta breve descri\u00e7\u00e3o.<br \/>\n<\/span><\/p>\n<p>Saiba mais sobre o <span lang=\"EN-US\" xml:lang=\"EN-US\">LCT 640 TS da <strong>LEWITT <\/strong><\/span><a href=\"https:\/\/www.lewitt-audio.com\/microphones\/lct-recording\/lct-640-ts\">\u00a0aqui<\/a> . Leia <a href=\"https:\/\/www.lewitt-audio.com\/blog\/lct-640-ts-wins-2018-mipa-award\">aqui<\/a> e <a href=\"https:\/\/www.mixonline.com\/the-wire\/lewitts-lct-640-ts-studio-microphone-wins-2018-mipa-award\">aqui<\/a> mais sobre a &#8220;hist\u00f3ria&#8221; do galard\u00e3o MIPA agora atribu\u00eddo.<\/p>\n<p><a href=\"http:\/\/avantools.pt\/contacts.html\">Venha testar<\/a> o <span lang=\"EN-US\" xml:lang=\"EN-US\">LCT 640 TS<\/span> e ou\u00e7a, pelos seus pr\u00f3prios ouvidos, o que distingue este excepcional produto.<\/p>\n<p><img data-recalc-dims=\"1\" loading=\"lazy\" decoding=\"async\" class=\"size-medium wp-image-1282 alignright\" src=\"https:\/\/i0.wp.com\/news.avantools.pt\/wp-content\/uploads\/2018\/04\/LEWITT_simple_RGB_WhiteBG_RZ.png?resize=300%2C68&#038;ssl=1\" alt=\"\" width=\"300\" height=\"68\" srcset=\"https:\/\/i0.wp.com\/news.avantools.pt\/wp-content\/uploads\/2018\/04\/LEWITT_simple_RGB_WhiteBG_RZ.png?resize=300%2C68&amp;ssl=1 300w, https:\/\/i0.wp.com\/news.avantools.pt\/wp-content\/uploads\/2018\/04\/LEWITT_simple_RGB_WhiteBG_RZ.png?w=439&amp;ssl=1 439w\" sizes=\"auto, (max-width: 300px) 100vw, 300px\" \/><\/p>\n<p>&nbsp;<\/p>\n<p>&nbsp;<\/p>\n<hr \/>\n<p>&nbsp;<\/p>\n","protected":false},"excerpt":{"rendered":"<p>O Musikmesse International Press Award (MIPA) foi atribu\u00eddo ao modelo LCT 640 TS da LEWITT, na categoria de recording hardware. \u00c9 mais um dos v\u00e1rios galard\u00f5es atribu\u00eddos a este inovador microfone. O LCT 640 TS \u00e9 um dos microfones mais valiosos existente actualmente no mercado e, seguramente, um dos tecnicamente mais evolu\u00eddos de sempre. \u00c9 &hellip; <\/p>\n<p class=\"link-more\"><a href=\"https:\/\/news.avantools.pt\/?p=1280\" class=\"more-link\">Continuar a ler <span class=\"screen-reader-text\">&#8220;LCT 640 TS ganha pr\u00e9mio na Musikmesse&#8221;<\/span><\/a><\/p>\n","protected":false},"author":2,"featured_media":0,"comment_status":"closed","ping_status":"open","sticky":false,"template":"","format":"standard","meta":{"_jetpack_memberships_contains_paid_content":false,"footnotes":"","_links_to":"","_links_to_target":""},"categories":[94],"tags":[397,146,398],"class_list":["post-1280","post","type-post","status-publish","format-standard","hentry","category-studio","tag-lct-640-ts","tag-lewitt","tag-polarizer"],"jetpack_featured_media_url":"","jetpack_sharing_enabled":true,"_links":{"self":[{"href":"https:\/\/news.avantools.pt\/index.php?rest_route=\/wp\/v2\/posts\/1280","targetHints":{"allow":["GET"]}}],"collection":[{"href":"https:\/\/news.avantools.pt\/index.php?rest_route=\/wp\/v2\/posts"}],"about":[{"href":"https:\/\/news.avantools.pt\/index.php?rest_route=\/wp\/v2\/types\/post"}],"author":[{"embeddable":true,"href":"https:\/\/news.avantools.pt\/index.php?rest_route=\/wp\/v2\/users\/2"}],"replies":[{"embeddable":true,"href":"https:\/\/news.avantools.pt\/index.php?rest_route=%2Fwp%2Fv2%2Fcomments&post=1280"}],"version-history":[{"count":7,"href":"https:\/\/news.avantools.pt\/index.php?rest_route=\/wp\/v2\/posts\/1280\/revisions"}],"predecessor-version":[{"id":1297,"href":"https:\/\/news.avantools.pt\/index.php?rest_route=\/wp\/v2\/posts\/1280\/revisions\/1297"}],"wp:attachment":[{"href":"https:\/\/news.avantools.pt\/index.php?rest_route=%2Fwp%2Fv2%2Fmedia&parent=1280"}],"wp:term":[{"taxonomy":"category","embeddable":true,"href":"https:\/\/news.avantools.pt\/index.php?rest_route=%2Fwp%2Fv2%2Fcategories&post=1280"},{"taxonomy":"post_tag","embeddable":true,"href":"https:\/\/news.avantools.pt\/index.php?rest_route=%2Fwp%2Fv2%2Ftags&post=1280"}],"curies":[{"name":"wp","href":"https:\/\/api.w.org\/{rel}","templated":true}]}}