{"id":129,"date":"2016-08-30T11:00:00","date_gmt":"2016-08-30T10:00:00","guid":{"rendered":"http:\/\/avantools.pt\/noticias\/lawo-apurada-para-copa-america"},"modified":"2018-04-03T11:31:03","modified_gmt":"2018-04-03T10:31:03","slug":"lawo-apurada-para-a-copa-america","status":"publish","type":"post","link":"https:\/\/news.avantools.pt\/?p=129","title":{"rendered":"Lawo apurada para a Copa Am\u00e9rica"},"content":{"rendered":"<p>Este ano a Copa Am\u00e9rica contou com um craque inesperado. A <strong>LAWO<\/strong> forneceu \u00e0 Fox Sports os pontas de lan\u00e7a que lhe faltavam.<\/p>\n<p><img data-recalc-dims=\"1\" decoding=\"async\" class=\"aligncenter\" src=\"https:\/\/i0.wp.com\/wwwavantoolseu.worldsecuresystems.com\/images\/2016-08-29-lawo.jpg?w=525&#038;ssl=1\"  \/><\/p>\n<p>Dois kits da Lawo baseados em tecnologia IP, para produ\u00e7\u00e3o remota, foram usados pela <a title=\"Fox Sports\" href=\"http:\/\/www.foxsports.com\/\" target=\"_blank\" rel=\"noopener\">Fox Sports<\/a> para fazer a cobertura da Copa Am\u00e9rica. Cada kit \u00e9 composto por dois <strong><a title=\"V_remote4\" href=\"https:\/\/www.lawo.com\/products\/video-processing-core-infrastructure\/v-remote4.html\" target=\"_blank\" rel=\"noopener\">V_remote4<\/a><\/strong> para o transporte e processamento do sinal video e \u00e1udio, dois <strong><a title=\"compact engine\" href=\"https:\/\/www.lawo.com\/products\/audio-production-tools\/compact-engine.html\" target=\"_blank\" rel=\"noopener\">Compact Engines<\/a><\/strong> que possibilitam o interface via\u00a0AoIP e o controlo por DSP, e um <strong><a title=\"commentary unti\" href=\"https:\/\/www.lawo.com\/products\/host-commentary-system\/host-commentary-system.html\" target=\"_blank\" rel=\"noopener\">LCU Commentary Unit<\/a><\/strong> .<\/p>\n<p>Os kits foram utilizados em cada est\u00e1dio, sendo o coment\u00e1rio enviado para o centro de produ\u00e7\u00e3o da Fox Sports. A experi\u00eancia ganha e a possibilidade<br \/>\nde criar novos fluxos de produ\u00e7\u00e3o ir\u00e1 servir para a utiliza\u00e7\u00e3o destes kits no torneio maior do futebol que se realiza na R\u00fassia em 2018.<\/p>\n<p>Saiba mais sobre este novo processo de trabalho <a title=\"Lawo Fox Sports\" href=\"http:\/\/www.prosoundnetwork.com\/post-and-broadcast\/fox-sports-scores-with-lawo\/46501\" target=\"_blank\" rel=\"noopener\">aqui<\/a>. Saiba mais sobre a <strong>LAWO<\/strong> <a title=\"Lawo\" href=\"https:\/\/www.lawo.com\/home.html\" target=\"_blank\" rel=\"noopener\">aqui<\/a> ou <a href=\"\/contacts.html\">contacte-nos<\/a> para mais informa\u00e7\u00f5es.<\/p>\n<p>&nbsp;<\/p>\n<p style=\"text-align: right;\"><img decoding=\"async\" src=\"\/images\/lawo_logo.jpg\" \/><\/p>\n<hr \/>\n<p>&nbsp;<\/p>\n<p>&nbsp;<\/p>\n<p>&nbsp;<\/p>\n","protected":false},"excerpt":{"rendered":"<p>Este ano a Copa Am\u00e9rica contou com um craque inesperado. A LAWO forneceu \u00e0 Fox Sports os pontas de lan\u00e7a que lhe faltavam. Dois kits da Lawo baseados em tecnologia IP, para produ\u00e7\u00e3o remota, foram usados pela Fox Sports para fazer a cobertura da Copa Am\u00e9rica. Cada kit \u00e9 composto por dois V_remote4 para o &hellip; <\/p>\n<p class=\"link-more\"><a href=\"https:\/\/news.avantools.pt\/?p=129\" class=\"more-link\">Continuar a ler <span class=\"screen-reader-text\">&#8220;Lawo apurada para a Copa Am\u00e9rica&#8221;<\/span><\/a><\/p>\n","protected":false},"author":2,"featured_media":0,"comment_status":"open","ping_status":"open","sticky":false,"template":"","format":"standard","meta":{"_jetpack_memberships_contains_paid_content":false,"footnotes":"","_links_to":"","_links_to_target":""},"categories":[92],"tags":[299,297,2,117,298],"class_list":["post-129","post","type-post","status-publish","format-standard","hentry","category-broadcast","tag-compact-engines","tag-copa-america","tag-lawo","tag-lcu-commentary-units","tag-v_remote4"],"jetpack_featured_media_url":"","jetpack_sharing_enabled":true,"_links":{"self":[{"href":"https:\/\/news.avantools.pt\/index.php?rest_route=\/wp\/v2\/posts\/129","targetHints":{"allow":["GET"]}}],"collection":[{"href":"https:\/\/news.avantools.pt\/index.php?rest_route=\/wp\/v2\/posts"}],"about":[{"href":"https:\/\/news.avantools.pt\/index.php?rest_route=\/wp\/v2\/types\/post"}],"author":[{"embeddable":true,"href":"https:\/\/news.avantools.pt\/index.php?rest_route=\/wp\/v2\/users\/2"}],"replies":[{"embeddable":true,"href":"https:\/\/news.avantools.pt\/index.php?rest_route=%2Fwp%2Fv2%2Fcomments&post=129"}],"version-history":[{"count":3,"href":"https:\/\/news.avantools.pt\/index.php?rest_route=\/wp\/v2\/posts\/129\/revisions"}],"predecessor-version":[{"id":1056,"href":"https:\/\/news.avantools.pt\/index.php?rest_route=\/wp\/v2\/posts\/129\/revisions\/1056"}],"wp:attachment":[{"href":"https:\/\/news.avantools.pt\/index.php?rest_route=%2Fwp%2Fv2%2Fmedia&parent=129"}],"wp:term":[{"taxonomy":"category","embeddable":true,"href":"https:\/\/news.avantools.pt\/index.php?rest_route=%2Fwp%2Fv2%2Fcategories&post=129"},{"taxonomy":"post_tag","embeddable":true,"href":"https:\/\/news.avantools.pt\/index.php?rest_route=%2Fwp%2Fv2%2Ftags&post=129"}],"curies":[{"name":"wp","href":"https:\/\/api.w.org\/{rel}","templated":true}]}}