{"id":130,"date":"2016-07-30T00:00:00","date_gmt":"2016-07-29T23:00:00","guid":{"rendered":"http:\/\/avantools.pt\/noticias\/14-de-julho-ao-som-da-lawo"},"modified":"2018-04-03T01:43:06","modified_gmt":"2018-04-03T00:43:06","slug":"festa-do-14-de-julho-ao-som-da-lawo","status":"publish","type":"post","link":"https:\/\/news.avantools.pt\/?p=130","title":{"rendered":"Festa do 14 de julho ao som da Lawo"},"content":{"rendered":"<p>Na festa nacional de Fran\u00e7a reinou a <strong>LAWO<\/strong>. Quatrocentos mil espectadores celebraram o 14 de julho, reunidos defronte da Torre Eiffel para assistir a um<br \/>\nconcerto conduzido pelo protocolo <em>Ravenna<\/em>.<\/p>\n<p><img data-recalc-dims=\"1\" decoding=\"async\" class=\"aligncenter\" src=\"https:\/\/i0.wp.com\/wwwavantoolseu.worldsecuresystems.com\/images\/14JuilletRavenna.png?w=525&#038;ssl=1\"  \/><\/p>\n<p><img data-recalc-dims=\"1\" decoding=\"async\" class=\"aligncenter\" src=\"https:\/\/i0.wp.com\/wwwavantoolseu.worldsecuresystems.com\/images\/image.png?w=525&#038;ssl=1\"  \/><\/p>\n<p>Longe dos tr\u00e1gicos acontecimentos que estavam a ter lugar mais para sul, em Paris, estes 400 000 espectadores que se reuniram junto \u00e0 Torre Eiffel puderam assistir a um espect\u00e1culo que reuniu m\u00fasica e fogo de artif\u00edcio.<\/p>\n<p>No programa os\u00a0250 m\u00fasicos da Orquestra Nacional de Fran\u00e7a e o Coro da Radio France dirigidos por\u00a0Daniele Gatti executaram obras de\u00a0Bizet, Ravel, Saint-Sa\u00ebns, Mozart, Verdi e Beethoven. O programa foi transmitido para<br \/>\ntoda a Fran\u00e7a, atrav\u00e9s da televis\u00e3o e da r\u00e1dio.<\/p>\n<p>A infraestrutra \u00e1udio desta complexa produ\u00e7\u00e3o, que permitiu a opera\u00e7\u00e3o do evento e a sua transmiss\u00e3o via televis\u00e3o e r\u00e1dio, assentou em equipamento Lawo. No epicentro desta ac\u00e7\u00e3o estiveram duas mesas\u00a0<strong><a title=\"mc236\" href=\"https:\/\/www.lawo.com\/products\/audio-production-consoles\/mc236.html\" target=\"_blank\" rel=\"noopener\">mc\u00b236<\/a><\/strong>, um router <strong><a title=\"nova37\" href=\"https:\/\/www.lawo.com\/products\/routingsystems\/nova37.html\" target=\"_blank\" rel=\"noopener\">Nova37<\/a><\/strong> e duas unidades I\/O <strong><a title=\"dallis\" href=\"https:\/\/www.lawo.com\/products\/audio-interfaces\/dallis0.html\" target=\"_blank\" rel=\"noopener\">Dallis<\/a><\/strong>. Este equipamento permitiu a opera\u00e7\u00e3o ao vivo e a transmiss\u00e3o dos dados. O protocolo <em>Ravenna<\/em> reinou na noite<br \/>\nde 14 de julho.<\/p>\n<p>Se quiser saber todos os detalhes sobre esta produ\u00e7\u00e3o veja <a title=\"14juilletLawo\" href=\"http:\/\/www.ravenna-network.com\/2016\/07\/29\/ravenna-revels-with-the-crowds-during-14th-july-celebrations-in-paris\/\" target=\"_blank\" rel=\"noopener\">aqui<\/a>. Saiba <a title=\"ravenna\" href=\"http:\/\/www.ravenna-network.com\/\" target=\"_blank\" rel=\"noopener\">mais<\/a> sobre o protocolo <em>Ravenna<\/em>.<\/p>\n<p>Para mais informa\u00e7\u00f5es sobre a <strong><a title=\"lawo\" href=\"https:\/\/www.lawo.com\/home.html\" target=\"_blank\" rel=\"noopener\">LAWO<\/a><\/strong> e os seus produtos, por favor, <a href=\"\/contacts.html\">contacte-nos<\/a>.<\/p>\n<p style=\"text-align: right;\"><img decoding=\"async\" src=\"\/images\/lawo_logo.jpg\" \/><\/p>\n<hr \/>\n","protected":false},"excerpt":{"rendered":"<p>Na festa nacional de Fran\u00e7a reinou a LAWO. Quatrocentos mil espectadores celebraram o 14 de julho, reunidos defronte da Torre Eiffel para assistir a um concerto conduzido pelo protocolo Ravenna. Longe dos tr\u00e1gicos acontecimentos que estavam a ter lugar mais para sul, em Paris, estes 400 000 espectadores que se reuniram junto \u00e0 Torre Eiffel &hellip; <\/p>\n<p class=\"link-more\"><a href=\"https:\/\/news.avantools.pt\/?p=130\" class=\"more-link\">Continuar a ler <span class=\"screen-reader-text\">&#8220;Festa do 14 de julho ao som da Lawo&#8221;<\/span><\/a><\/p>\n","protected":false},"author":2,"featured_media":0,"comment_status":"open","ping_status":"open","sticky":false,"template":"","format":"standard","meta":{"_jetpack_memberships_contains_paid_content":false,"footnotes":"","_links_to":"","_links_to_target":""},"categories":[92,95],"tags":[150,2,34,287],"class_list":["post-130","post","type-post","status-publish","format-standard","hentry","category-broadcast","category-live","tag-dallis-i-o","tag-lawo","tag-mc36","tag-nova37"],"jetpack_featured_media_url":"","jetpack_sharing_enabled":true,"_links":{"self":[{"href":"https:\/\/news.avantools.pt\/index.php?rest_route=\/wp\/v2\/posts\/130","targetHints":{"allow":["GET"]}}],"collection":[{"href":"https:\/\/news.avantools.pt\/index.php?rest_route=\/wp\/v2\/posts"}],"about":[{"href":"https:\/\/news.avantools.pt\/index.php?rest_route=\/wp\/v2\/types\/post"}],"author":[{"embeddable":true,"href":"https:\/\/news.avantools.pt\/index.php?rest_route=\/wp\/v2\/users\/2"}],"replies":[{"embeddable":true,"href":"https:\/\/news.avantools.pt\/index.php?rest_route=%2Fwp%2Fv2%2Fcomments&post=130"}],"version-history":[{"count":2,"href":"https:\/\/news.avantools.pt\/index.php?rest_route=\/wp\/v2\/posts\/130\/revisions"}],"predecessor-version":[{"id":1033,"href":"https:\/\/news.avantools.pt\/index.php?rest_route=\/wp\/v2\/posts\/130\/revisions\/1033"}],"wp:attachment":[{"href":"https:\/\/news.avantools.pt\/index.php?rest_route=%2Fwp%2Fv2%2Fmedia&parent=130"}],"wp:term":[{"taxonomy":"category","embeddable":true,"href":"https:\/\/news.avantools.pt\/index.php?rest_route=%2Fwp%2Fv2%2Fcategories&post=130"},{"taxonomy":"post_tag","embeddable":true,"href":"https:\/\/news.avantools.pt\/index.php?rest_route=%2Fwp%2Fv2%2Ftags&post=130"}],"curies":[{"name":"wp","href":"https:\/\/api.w.org\/{rel}","templated":true}]}}