{"id":142,"date":"2015-07-23T00:00:00","date_gmt":"2015-07-22T23:00:00","guid":{"rendered":"http:\/\/avantools.pt\/noticias\/la-boheme-na-intimidade"},"modified":"2018-04-02T14:53:55","modified_gmt":"2018-04-02T13:53:55","slug":"la-boheme-na-intimidade","status":"publish","type":"post","link":"https:\/\/news.avantools.pt\/?p=142","title":{"rendered":"La Boh\u00e8me na intimidade"},"content":{"rendered":"<p>Carsten K\u00fcmmel \u00e9 um\u00a0<em>tonmeister<\/em> alem\u00e3o, respons\u00e1vel pela realiza\u00e7\u00e3o de uma singular produ\u00e7\u00e3o da \u00f3pera\u00a0\u00a0de\u00a0Giacomo Puccini \u201cLa Boh\u00e8me\u201d. Um espect\u00e1culo feito em\u00a0ambiente de sala de concerto&#8230; mas ao ar livre. O elemento principal do sucesso deste projecto\u00a0foi uma mesa\u00a0<strong>mc\u00b256<\/strong><br \/>\nda <strong>LAWO<\/strong>.<\/p>\n<p><img data-recalc-dims=\"1\" decoding=\"async\" class=\"aligncenter\" src=\"https:\/\/i0.wp.com\/wwwavantoolseu.worldsecuresystems.com\/boheme.jpg?w=512&#038;ssl=1\"  \/><\/p>\n<p><a title=\"carsten\" href=\"http:\/\/www.tonmeister-online.de\/index.html\" target=\"_blank\" rel=\"noopener\">Carsten K\u00fcmmel<\/a> \u00e9 um\u00a0tonmeister alem\u00e3o, respons\u00e1vel por um n\u00famero consider\u00e1vel de concertos em diversas \u00e1reas musicais. Para este\u00a0espet\u00e1culo, em particular,\u00a0K\u00fcmmel\u00a0criou uma atmosfera de sala de concerto para a execu\u00e7\u00e3o da \u00f3pera de Puccini, embora o evento tenha tido\u00a0lugar ao ar livre. Poss\u00edvel gra\u00e7as \u00e0\u00a0<strong>mc\u00b256<\/strong> da <strong>LAWO<\/strong>.<\/p>\n<p>Veja todos os detalhes desta acontecimento invulgar <a title=\"la boheme\" href=\"https:\/\/www.lawo.com\/up-to-date\/news\/nbsp\/puccinis_la_boheme_at_the_2015_thurn_and_taxis_festival_mixed_on_an_mc256.html\" target=\"_blank\" rel=\"noopener\">aqui<\/a>. Saiba mais sobre as mesas da s\u00e9rie\u00a0<strong>mc\u00b256<\/strong> <a title=\"mc256\" href=\"https:\/\/www.lawo.com\/products\/broadcast-live-consoles\/mc256.html\" target=\"_blank\" rel=\"noopener\">aqui<\/a>.<\/p>\n<p>Venha falar <a href=\"\/contacts.html\" target=\"_blank\" rel=\"noopener\">connosco<\/a> para mais\u00a0detalhes sobre este e outros produtos da <strong><a title=\"lawo\" href=\"https:\/\/www.lawo.com\/home.html\" target=\"_blank\" rel=\"noopener\">LAWO<\/a><\/strong>.<\/p>\n<p><img data-recalc-dims=\"1\" decoding=\"async\" class=\"alignright\" src=\"https:\/\/i0.wp.com\/wwwavantoolseu.worldsecuresystems.com\/images\/Logos\/lawo-60px.png?w=525&#038;ssl=1\" \/><\/p>\n<hr id=\"horizontalrule\" \/>\n","protected":false},"excerpt":{"rendered":"<p>Carsten K\u00fcmmel \u00e9 um\u00a0tonmeister alem\u00e3o, respons\u00e1vel pela realiza\u00e7\u00e3o de uma singular produ\u00e7\u00e3o da \u00f3pera\u00a0\u00a0de\u00a0Giacomo Puccini \u201cLa Boh\u00e8me\u201d. Um espect\u00e1culo feito em\u00a0ambiente de sala de concerto&#8230; mas ao ar livre. O elemento principal do sucesso deste projecto\u00a0foi uma mesa\u00a0mc\u00b256 da LAWO. Carsten K\u00fcmmel \u00e9 um\u00a0tonmeister alem\u00e3o, respons\u00e1vel por um n\u00famero consider\u00e1vel de concertos em diversas \u00e1reas &hellip; <\/p>\n<p class=\"link-more\"><a href=\"https:\/\/news.avantools.pt\/?p=142\" class=\"more-link\">Continuar a ler <span class=\"screen-reader-text\">&#8220;La Boh\u00e8me na intimidade&#8221;<\/span><\/a><\/p>\n","protected":false},"author":2,"featured_media":0,"comment_status":"open","ping_status":"open","sticky":false,"template":"","format":"standard","meta":{"_jetpack_memberships_contains_paid_content":false,"footnotes":"","_links_to":"","_links_to_target":""},"categories":[95],"tags":[198,2,82],"class_list":["post-142","post","type-post","status-publish","format-standard","hentry","category-live","tag-carsten-kumme","tag-lawo","tag-mc56"],"jetpack_featured_media_url":"","jetpack_sharing_enabled":true,"_links":{"self":[{"href":"https:\/\/news.avantools.pt\/index.php?rest_route=\/wp\/v2\/posts\/142","targetHints":{"allow":["GET"]}}],"collection":[{"href":"https:\/\/news.avantools.pt\/index.php?rest_route=\/wp\/v2\/posts"}],"about":[{"href":"https:\/\/news.avantools.pt\/index.php?rest_route=\/wp\/v2\/types\/post"}],"author":[{"embeddable":true,"href":"https:\/\/news.avantools.pt\/index.php?rest_route=\/wp\/v2\/users\/2"}],"replies":[{"embeddable":true,"href":"https:\/\/news.avantools.pt\/index.php?rest_route=%2Fwp%2Fv2%2Fcomments&post=142"}],"version-history":[{"count":3,"href":"https:\/\/news.avantools.pt\/index.php?rest_route=\/wp\/v2\/posts\/142\/revisions"}],"predecessor-version":[{"id":839,"href":"https:\/\/news.avantools.pt\/index.php?rest_route=\/wp\/v2\/posts\/142\/revisions\/839"}],"wp:attachment":[{"href":"https:\/\/news.avantools.pt\/index.php?rest_route=%2Fwp%2Fv2%2Fmedia&parent=142"}],"wp:term":[{"taxonomy":"category","embeddable":true,"href":"https:\/\/news.avantools.pt\/index.php?rest_route=%2Fwp%2Fv2%2Fcategories&post=142"},{"taxonomy":"post_tag","embeddable":true,"href":"https:\/\/news.avantools.pt\/index.php?rest_route=%2Fwp%2Fv2%2Ftags&post=142"}],"curies":[{"name":"wp","href":"https:\/\/api.w.org\/{rel}","templated":true}]}}