{"id":147,"date":"2015-06-22T00:00:00","date_gmt":"2015-06-21T23:00:00","guid":{"rendered":"http:\/\/avantools.pt\/noticias\/lawo-waves"},"modified":"2018-04-02T11:32:19","modified_gmt":"2018-04-02T10:32:19","slug":"lawo-amp-waves","status":"publish","type":"post","link":"https:\/\/news.avantools.pt\/?p=147","title":{"rendered":"Lawo &#038; Waves"},"content":{"rendered":"<p>A <strong>LAWO<\/strong> e a <strong>WAVES<\/strong>. duas das nossas representadas, planeiam integra\u00e7\u00e3o dos servidore <em>SoundGrid<\/em> com as mesas da s\u00e9rie mc\u00b2.<\/p>\n<p>&nbsp;<\/p>\n<p style=\"text-align: center;\"><img data-recalc-dims=\"1\" decoding=\"async\" class=\"aligncenter\" src=\"https:\/\/i0.wp.com\/wwwavantoolseu.worldsecuresystems.com\/images\/Lawo_Waves.jpg?w=512&#038;ssl=1\"  \/><\/p>\n<p>&nbsp;<\/p>\n<p>&#8220;A colabora\u00e7\u00e3o com a <strong>WAVES<\/strong> tem sido muito frutuosa e extremamente agrad\u00e1vel. Ambas as empresas s\u00e3o muito focadas e as nossas equipas de R&amp;D foram capazes de obter integra\u00e7\u00e3o total dos plugins da <strong>WAVES<\/strong> com as nossas mesas num curto prazo,&#8221; afirmou Christian Struck, <em>Senior Product Manager Audio Production<\/em> da <strong>LAWO<\/strong>.<\/p>\n<p>Para saber mais sobre esta joint venture leia <a title=\"LawoWaves\" href=\"https:\/\/www.lawo.com\/up-to-date\/news\/nbsp\/live_infocomm_lawo_and_waves_introduce_waves_soundgrid_integration_for_lawo_mc2_36_consoles.html\">aqui<\/a>. Para mais informa\u00e7\u00f5es sobre estas nossas representadas, por favor, <a href=\"\/contacts.html\">contacte-nos<\/a>.<\/p>\n<p style=\"text-align: right;\"><img data-recalc-dims=\"1\" decoding=\"async\" src=\"https:\/\/i0.wp.com\/wwwavantoolseu.worldsecuresystems.com\/images\/Logos\/lawo-60px.png?w=83&#038;ssl=1\"  \/><img data-recalc-dims=\"1\" decoding=\"async\" src=\"https:\/\/i0.wp.com\/wwwavantoolseu.worldsecuresystems.com\/waves.png?w=38&#038;ssl=1\"  \/><\/p>\n<hr \/>\n<p style=\"text-align: right;\">\n<p>&nbsp;<\/p>\n","protected":false},"excerpt":{"rendered":"<p>A LAWO e a WAVES. duas das nossas representadas, planeiam integra\u00e7\u00e3o dos servidore SoundGrid com as mesas da s\u00e9rie mc\u00b2. &nbsp; &nbsp; &#8220;A colabora\u00e7\u00e3o com a WAVES tem sido muito frutuosa e extremamente agrad\u00e1vel. Ambas as empresas s\u00e3o muito focadas e as nossas equipas de R&amp;D foram capazes de obter integra\u00e7\u00e3o total dos plugins da &hellip; <\/p>\n<p class=\"link-more\"><a href=\"https:\/\/news.avantools.pt\/?p=147\" class=\"more-link\">Continuar a ler <span class=\"screen-reader-text\">&#8220;Lawo &#038; Waves&#8221;<\/span><\/a><\/p>\n","protected":false},"author":2,"featured_media":0,"comment_status":"open","ping_status":"open","sticky":false,"template":"","format":"standard","meta":{"_jetpack_memberships_contains_paid_content":false,"footnotes":"","_links_to":"","_links_to_target":""},"categories":[92],"tags":[2,186,185,184],"class_list":["post-147","post","type-post","status-publish","format-standard","hentry","category-broadcast","tag-lawo","tag-mc","tag-soundgrid","tag-waves"],"jetpack_featured_media_url":"","jetpack_sharing_enabled":true,"_links":{"self":[{"href":"https:\/\/news.avantools.pt\/index.php?rest_route=\/wp\/v2\/posts\/147","targetHints":{"allow":["GET"]}}],"collection":[{"href":"https:\/\/news.avantools.pt\/index.php?rest_route=\/wp\/v2\/posts"}],"about":[{"href":"https:\/\/news.avantools.pt\/index.php?rest_route=\/wp\/v2\/types\/post"}],"author":[{"embeddable":true,"href":"https:\/\/news.avantools.pt\/index.php?rest_route=\/wp\/v2\/users\/2"}],"replies":[{"embeddable":true,"href":"https:\/\/news.avantools.pt\/index.php?rest_route=%2Fwp%2Fv2%2Fcomments&post=147"}],"version-history":[{"count":2,"href":"https:\/\/news.avantools.pt\/index.php?rest_route=\/wp\/v2\/posts\/147\/revisions"}],"predecessor-version":[{"id":807,"href":"https:\/\/news.avantools.pt\/index.php?rest_route=\/wp\/v2\/posts\/147\/revisions\/807"}],"wp:attachment":[{"href":"https:\/\/news.avantools.pt\/index.php?rest_route=%2Fwp%2Fv2%2Fmedia&parent=147"}],"wp:term":[{"taxonomy":"category","embeddable":true,"href":"https:\/\/news.avantools.pt\/index.php?rest_route=%2Fwp%2Fv2%2Fcategories&post=147"},{"taxonomy":"post_tag","embeddable":true,"href":"https:\/\/news.avantools.pt\/index.php?rest_route=%2Fwp%2Fv2%2Ftags&post=147"}],"curies":[{"name":"wp","href":"https:\/\/api.w.org\/{rel}","templated":true}]}}