{"id":1488,"date":"2018-08-03T23:40:20","date_gmt":"2018-08-03T22:40:20","guid":{"rendered":"http:\/\/news.avantools.pt\/?p=1488"},"modified":"2021-07-31T17:08:47","modified_gmt":"2021-07-31T16:08:47","slug":"lawo-na-comemoracao-do-14-de-julho","status":"publish","type":"post","link":"https:\/\/news.avantools.pt\/?p=1488","title":{"rendered":"LAWO na comemora\u00e7\u00e3o do 14 de julho"},"content":{"rendered":"<p>O 14 de julho \u00e9 o importante feriado que comemora a tomada da Bastilha.<br \/>\nParis celebrou a data com um grande concerto junto \u00e0 Torre Eiffel, assistido por mais de meio milh\u00e3o de espectadores no local e transmitido para v\u00e1rios milh\u00f5es para todo o mundo. A <strong>LAWO<\/strong> assegurou a qualidade do som do espect\u00e1culo. Quase toda a sua linha de mesas <strong>mc\u00b2<\/strong> esteve em ac\u00e7\u00e3o.<\/p>\n<p style=\"text-align: center;\"><img data-recalc-dims=\"1\" loading=\"lazy\" decoding=\"async\" class=\"aligncenter wp-image-1496\" src=\"https:\/\/i0.wp.com\/news.avantools.pt\/wp-content\/uploads\/2018\/08\/14juillet_c_abramowtiz.png?resize=525%2C296&#038;ssl=1\" alt=\"\" width=\"525\" height=\"296\" srcset=\"https:\/\/i0.wp.com\/news.avantools.pt\/wp-content\/uploads\/2018\/08\/14juillet_c_abramowtiz.png?resize=300%2C169&amp;ssl=1 300w, https:\/\/i0.wp.com\/news.avantools.pt\/wp-content\/uploads\/2018\/08\/14juillet_c_abramowtiz.png?resize=768%2C432&amp;ssl=1 768w, https:\/\/i0.wp.com\/news.avantools.pt\/wp-content\/uploads\/2018\/08\/14juillet_c_abramowtiz.png?w=932&amp;ssl=1 932w\" sizes=\"auto, (max-width: 525px) 100vw, 525px\" \/><\/p>\n<p>\u00c9 em Paris, mesmo em frente da Torre Eiffel, que tem lugar a celebra\u00e7\u00e3o mais importante do 14 de julho. O concerto de Paris \u00e9 um dos maiores eventos de m\u00fasica cl\u00e1ssica do mundo. Participam a Orquestra Sinf\u00f3nica Nacional e o Coro e a Maitrise da Radio France, dirigidos por Calery Gergiev. Agrupamentos aos quais se juntou um conjunto significativo de solistas de reputa\u00e7\u00e3o internacional.<\/p>\n<p>A Radio France, que tem a seu cargo a transmiss\u00e3o do evento e produz o concerto, conta com a <strong>LAWO<\/strong>. Uma participa\u00e7\u00e3o em toda a linha, dir-se-ia, porque o destaque vai para a presen\u00e7a de praticamente toda a linha de mesas da <strong>LAWO<\/strong>, da mc\u00b296 \u00e0s compactas\u00a0mc\u00b236.<\/p>\n<p style=\"text-align: center;\"><img data-recalc-dims=\"1\" loading=\"lazy\" decoding=\"async\" class=\"aligncenter wp-image-1490\" src=\"https:\/\/i0.wp.com\/news.avantools.pt\/wp-content\/uploads\/2018\/08\/bastillleday.jpg?resize=525%2C394&#038;ssl=1\" alt=\"\" width=\"525\" height=\"394\" srcset=\"https:\/\/i0.wp.com\/news.avantools.pt\/wp-content\/uploads\/2018\/08\/bastillleday.jpg?resize=300%2C225&amp;ssl=1 300w, https:\/\/i0.wp.com\/news.avantools.pt\/wp-content\/uploads\/2018\/08\/bastillleday.jpg?w=700&amp;ssl=1 700w\" sizes=\"auto, (max-width: 525px) 100vw, 525px\" \/><\/p>\n<p>Uma opera\u00e7\u00e3o complexa onde a extrema exig\u00eancia de qualidade se confronta com a dimens\u00e3o do evento.<\/p>\n<p>Saiba mais sobre esta opera\u00e7\u00e3o <a href=\"https:\/\/www.lawo.com\/up-to-date\/news\/nbsp\/lawo_performs_at_frances_14_july_celebrations_live_foh_and_broadcast_production_on_a_new_level.html\">aqui<\/a> e <a href=\"https:\/\/www.tpimagazine.com\/lawo-provides-sound-on-bastille-day\/\">aqui<\/a>. Saiba mais sobre as mesas <strong>LAWO<\/strong> <a href=\"https:\/\/www.lawo.com\/products\/audio-production-consoles.html\">aqui<\/a>.<\/p>\n<p><a href=\"http:\/\/avantools.contacts.html\">Fale connosco<\/a> para saber mais ainda sobre estes e outros produtos da <strong>LAWO<\/strong> e para avaliar qual a mesa adequada \u00e0s suas necessidades.<\/p>\n<p><img data-recalc-dims=\"1\" loading=\"lazy\" decoding=\"async\" class=\"aligncenter wp-image-1489 size-large\" src=\"https:\/\/i0.wp.com\/news.avantools.pt\/wp-content\/uploads\/2018\/08\/14juillet.jpg?resize=525%2C449&#038;ssl=1\" alt=\"\" width=\"525\" height=\"449\" srcset=\"https:\/\/i0.wp.com\/news.avantools.pt\/wp-content\/uploads\/2018\/08\/14juillet.jpg?resize=1024%2C875&amp;ssl=1 1024w, https:\/\/i0.wp.com\/news.avantools.pt\/wp-content\/uploads\/2018\/08\/14juillet.jpg?resize=300%2C256&amp;ssl=1 300w, https:\/\/i0.wp.com\/news.avantools.pt\/wp-content\/uploads\/2018\/08\/14juillet.jpg?resize=768%2C657&amp;ssl=1 768w, https:\/\/i0.wp.com\/news.avantools.pt\/wp-content\/uploads\/2018\/08\/14juillet.jpg?w=1082&amp;ssl=1 1082w\" sizes=\"auto, (max-width: 525px) 100vw, 525px\" \/><\/p>\n<p style=\"text-align: right;\"><img data-recalc-dims=\"1\" loading=\"lazy\" decoding=\"async\" class=\"alignnone size-full wp-image-397\" src=\"https:\/\/i0.wp.com\/news.avantools.pt\/wp-content\/uploads\/2014\/03\/lawo_logo.png?resize=74%2C74&#038;ssl=1\" alt=\"\" width=\"74\" height=\"74\" \/><\/p>\n<hr \/>\n","protected":false},"excerpt":{"rendered":"<p>O 14 de julho \u00e9 o importante feriado que comemora a tomada da Bastilha. Paris celebrou a data com um grande concerto junto \u00e0 Torre Eiffel, assistido por mais de meio milh\u00e3o de espectadores no local e transmitido para v\u00e1rios milh\u00f5es para todo o mundo. A LAWO assegurou a qualidade do som do espect\u00e1culo. Quase &hellip; <\/p>\n<p class=\"link-more\"><a href=\"https:\/\/news.avantools.pt\/?p=1488\" class=\"more-link\">Continuar a ler <span class=\"screen-reader-text\">&#8220;LAWO na comemora\u00e7\u00e3o do 14 de julho&#8221;<\/span><\/a><\/p>\n","protected":false},"author":2,"featured_media":0,"comment_status":"closed","ping_status":"open","sticky":false,"template":"","format":"standard","meta":{"_jetpack_memberships_contains_paid_content":false,"footnotes":"","_links_to":"","_links_to_target":""},"categories":[92,95,93,266],"tags":[2,34,148,35],"class_list":["post-1488","post","type-post","status-publish","format-standard","hentry","category-broadcast","category-live","category-radio","category-televisao","tag-lawo","tag-mc36","tag-mc66","tag-mc96"],"jetpack_featured_media_url":"","jetpack_sharing_enabled":true,"_links":{"self":[{"href":"https:\/\/news.avantools.pt\/index.php?rest_route=\/wp\/v2\/posts\/1488","targetHints":{"allow":["GET"]}}],"collection":[{"href":"https:\/\/news.avantools.pt\/index.php?rest_route=\/wp\/v2\/posts"}],"about":[{"href":"https:\/\/news.avantools.pt\/index.php?rest_route=\/wp\/v2\/types\/post"}],"author":[{"embeddable":true,"href":"https:\/\/news.avantools.pt\/index.php?rest_route=\/wp\/v2\/users\/2"}],"replies":[{"embeddable":true,"href":"https:\/\/news.avantools.pt\/index.php?rest_route=%2Fwp%2Fv2%2Fcomments&post=1488"}],"version-history":[{"count":14,"href":"https:\/\/news.avantools.pt\/index.php?rest_route=\/wp\/v2\/posts\/1488\/revisions"}],"predecessor-version":[{"id":4406,"href":"https:\/\/news.avantools.pt\/index.php?rest_route=\/wp\/v2\/posts\/1488\/revisions\/4406"}],"wp:attachment":[{"href":"https:\/\/news.avantools.pt\/index.php?rest_route=%2Fwp%2Fv2%2Fmedia&parent=1488"}],"wp:term":[{"taxonomy":"category","embeddable":true,"href":"https:\/\/news.avantools.pt\/index.php?rest_route=%2Fwp%2Fv2%2Fcategories&post=1488"},{"taxonomy":"post_tag","embeddable":true,"href":"https:\/\/news.avantools.pt\/index.php?rest_route=%2Fwp%2Fv2%2Ftags&post=1488"}],"curies":[{"name":"wp","href":"https:\/\/api.w.org\/{rel}","templated":true}]}}