{"id":1627,"date":"2018-10-27T18:49:38","date_gmt":"2018-10-27T17:49:38","guid":{"rendered":"http:\/\/news.avantools.pt\/?p=1627"},"modified":"2018-10-27T18:49:38","modified_gmt":"2018-10-27T17:49:38","slug":"premio-para-a-cedar","status":"publish","type":"post","link":"https:\/\/news.avantools.pt\/?p=1627","title":{"rendered":"Pr\u00e9mio para a Cedar"},"content":{"rendered":"<p>A revista <strong>Resolution<\/strong> atribuiu o seu pr\u00e9mio para a categoria de <em>plugin<\/em> ao <em>Studio 8<\/em> da <strong>Cedar Audio<\/strong>.<\/p>\n<p><img data-recalc-dims=\"1\" loading=\"lazy\" decoding=\"async\" class=\"aligncenter wp-image-1628\" src=\"https:\/\/i0.wp.com\/news.avantools.pt\/wp-content\/uploads\/2018\/10\/resolutionaward2018.png?resize=525%2C280&#038;ssl=1\" alt=\"\" width=\"525\" height=\"280\" srcset=\"https:\/\/i0.wp.com\/news.avantools.pt\/wp-content\/uploads\/2018\/10\/resolutionaward2018.png?resize=300%2C160&amp;ssl=1 300w, https:\/\/i0.wp.com\/news.avantools.pt\/wp-content\/uploads\/2018\/10\/resolutionaward2018.png?w=600&amp;ssl=1 600w\" sizes=\"auto, (max-width: 525px) 100vw, 525px\" \/><\/p>\n<p>Os leitores da imortante publica\u00e7\u00e3o profissional <strong>Resolution<\/strong> votaram no <em>Studio 8<\/em> da <strong>Cedar Audio<\/strong> que venceu a categoria de plugins. Uma distin\u00e7\u00e3o que marca a melhoria das capacidades desta suite de plugins. O relat\u00f3rio de atribui\u00e7\u00e3o deste pr\u00e9mio deixa o aviso: &#8220;se quer o melhor, n\u00e3o h\u00e1 outra op\u00e7\u00e3o.&#8221;<\/p>\n<p>Disponn\u00edvel no formato AAX, VST2, VST3 e AU (ou como <em>standalone<\/em> na vers\u00e3o Retouch\u2122), para Windows 7 e OSX 10.9 e seguintes, o <em>Studio 8<\/em> da <strong>Cedar<\/strong> compreende 11 processos que visam a elimina\u00e7\u00e3o de uma vasta gama de problemas comuns e melhora substancialmente da qualidade do seu sinal \u00e1udio.<\/p>\n<p>Veja <a href=\"https:\/\/www.cedaraudio.com\/products\/cedarstudio\/cedarstudio8.shtml\">aqui<\/a> tudo sobre o <strong>Studio 8<\/strong>. <a href=\"http:\/\/avantools.pt\/contacts.html\">Fale connosco<\/a> para mais informa\u00e7\u00e3o sobre este e otros produtos da <strong>Cedar<\/strong> ou para uma demonstra\u00e7\u00e3o.<\/p>\n<p><img data-recalc-dims=\"1\" loading=\"lazy\" decoding=\"async\" class=\"size-full wp-image-1434 alignright\" src=\"https:\/\/i0.wp.com\/news.avantools.pt\/wp-content\/uploads\/2018\/07\/cedarlogo.gif?resize=230%2C37&#038;ssl=1\" alt=\"\" width=\"230\" height=\"37\" \/><\/p>\n<p>&nbsp;<\/p>\n<p>&nbsp;<\/p>\n<hr \/>\n","protected":false},"excerpt":{"rendered":"<p>A revista Resolution atribuiu o seu pr\u00e9mio para a categoria de plugin ao Studio 8 da Cedar Audio. Os leitores da imortante publica\u00e7\u00e3o profissional Resolution votaram no Studio 8 da Cedar Audio que venceu a categoria de plugins. Uma distin\u00e7\u00e3o que marca a melhoria das capacidades desta suite de plugins. O relat\u00f3rio de atribui\u00e7\u00e3o deste &hellip; <\/p>\n<p class=\"link-more\"><a href=\"https:\/\/news.avantools.pt\/?p=1627\" class=\"more-link\">Continuar a ler <span class=\"screen-reader-text\">&#8220;Pr\u00e9mio para a Cedar&#8221;<\/span><\/a><\/p>\n","protected":false},"author":2,"featured_media":0,"comment_status":"closed","ping_status":"open","sticky":false,"template":"","format":"standard","meta":{"_jetpack_memberships_contains_paid_content":false,"footnotes":"","_links_to":"","_links_to_target":""},"categories":[92,187,93,94,96],"tags":[356,419],"class_list":["post-1627","post","type-post","status-publish","format-standard","hentry","category-broadcast","category-cinema","category-radio","category-studio","category-video","tag-cedar-audio","tag-studio-8"],"jetpack_featured_media_url":"","jetpack_sharing_enabled":true,"_links":{"self":[{"href":"https:\/\/news.avantools.pt\/index.php?rest_route=\/wp\/v2\/posts\/1627","targetHints":{"allow":["GET"]}}],"collection":[{"href":"https:\/\/news.avantools.pt\/index.php?rest_route=\/wp\/v2\/posts"}],"about":[{"href":"https:\/\/news.avantools.pt\/index.php?rest_route=\/wp\/v2\/types\/post"}],"author":[{"embeddable":true,"href":"https:\/\/news.avantools.pt\/index.php?rest_route=\/wp\/v2\/users\/2"}],"replies":[{"embeddable":true,"href":"https:\/\/news.avantools.pt\/index.php?rest_route=%2Fwp%2Fv2%2Fcomments&post=1627"}],"version-history":[{"count":1,"href":"https:\/\/news.avantools.pt\/index.php?rest_route=\/wp\/v2\/posts\/1627\/revisions"}],"predecessor-version":[{"id":1629,"href":"https:\/\/news.avantools.pt\/index.php?rest_route=\/wp\/v2\/posts\/1627\/revisions\/1629"}],"wp:attachment":[{"href":"https:\/\/news.avantools.pt\/index.php?rest_route=%2Fwp%2Fv2%2Fmedia&parent=1627"}],"wp:term":[{"taxonomy":"category","embeddable":true,"href":"https:\/\/news.avantools.pt\/index.php?rest_route=%2Fwp%2Fv2%2Fcategories&post=1627"},{"taxonomy":"post_tag","embeddable":true,"href":"https:\/\/news.avantools.pt\/index.php?rest_route=%2Fwp%2Fv2%2Ftags&post=1627"}],"curies":[{"name":"wp","href":"https:\/\/api.w.org\/{rel}","templated":true}]}}