{"id":1630,"date":"2018-11-02T18:19:42","date_gmt":"2018-11-02T18:19:42","guid":{"rendered":"http:\/\/news.avantools.pt\/?p=1630"},"modified":"2018-11-02T19:25:22","modified_gmt":"2018-11-02T19:25:22","slug":"centro-de-congressos-em-adelaide-escolhe-riedel","status":"publish","type":"post","link":"https:\/\/news.avantools.pt\/?p=1630","title":{"rendered":"Centro de Congressos em Adelaide escolhe RIEDEL"},"content":{"rendered":"<p><strong>\u00c9 o primeiro centro de congressos constru\u00eddo para este fim espec\u00edfico na Austr\u00e1lia. Foi inaugurado em 1987. Uma solu\u00e7\u00e3o RIEDEL faz agora parte do recente projecto gigante de renova\u00e7\u00e3o deste centro.<\/strong><\/p>\n<p style=\"text-align: center;\"><img data-recalc-dims=\"1\" loading=\"lazy\" decoding=\"async\" class=\"aligncenter wp-image-1631 size-large\" src=\"https:\/\/i0.wp.com\/news.avantools.pt\/wp-content\/uploads\/2018\/11\/Adelaide_Convention_Centre.jpg?resize=525%2C351&#038;ssl=1\" alt=\"\" width=\"525\" height=\"351\" srcset=\"https:\/\/i0.wp.com\/news.avantools.pt\/wp-content\/uploads\/2018\/11\/Adelaide_Convention_Centre.jpg?resize=1024%2C684&amp;ssl=1 1024w, https:\/\/i0.wp.com\/news.avantools.pt\/wp-content\/uploads\/2018\/11\/Adelaide_Convention_Centre.jpg?resize=300%2C200&amp;ssl=1 300w, https:\/\/i0.wp.com\/news.avantools.pt\/wp-content\/uploads\/2018\/11\/Adelaide_Convention_Centre.jpg?resize=768%2C513&amp;ssl=1 768w, https:\/\/i0.wp.com\/news.avantools.pt\/wp-content\/uploads\/2018\/11\/Adelaide_Convention_Centre.jpg?w=1920&amp;ssl=1 1920w, https:\/\/i0.wp.com\/news.avantools.pt\/wp-content\/uploads\/2018\/11\/Adelaide_Convention_Centre.jpg?w=1575&amp;ssl=1 1575w\" sizes=\"auto, (max-width: 525px) 100vw, 525px\" \/><\/p>\n<p>O <a href=\"http:\/\/www.adelaidecc.com.au\/\">Centro de Congressos de Adelaide<\/a> (ACC) foi o primeiro espa\u00e7o concebido e constru\u00eddo na Austr\u00e1lia com o objectivo de acolher congressos e outras iniciativas do g\u00e9nero.\u00a0 S\u00e3o cerca de 700 anualmente, que contam com a presen\u00e7a de mais de 200 000 delegados. O Centro foi inaugurado em 1987 e recentemente passou por um mega processo de renova\u00e7\u00e3o, resultante de um projecto que custou AU$397.<\/p>\n<p><img data-recalc-dims=\"1\" loading=\"lazy\" decoding=\"async\" class=\"size-medium wp-image-1632 alignleft\" src=\"https:\/\/i0.wp.com\/news.avantools.pt\/wp-content\/uploads\/2018\/11\/Inside_the_new_Adelaide_Convention_Centre_East_Building_a67fc1d80c.jpg?resize=300%2C200&#038;ssl=1\" alt=\"\" width=\"300\" height=\"200\" srcset=\"https:\/\/i0.wp.com\/news.avantools.pt\/wp-content\/uploads\/2018\/11\/Inside_the_new_Adelaide_Convention_Centre_East_Building_a67fc1d80c.jpg?resize=300%2C200&amp;ssl=1 300w, https:\/\/i0.wp.com\/news.avantools.pt\/wp-content\/uploads\/2018\/11\/Inside_the_new_Adelaide_Convention_Centre_East_Building_a67fc1d80c.jpg?resize=768%2C512&amp;ssl=1 768w, https:\/\/i0.wp.com\/news.avantools.pt\/wp-content\/uploads\/2018\/11\/Inside_the_new_Adelaide_Convention_Centre_East_Building_a67fc1d80c.jpg?resize=1024%2C683&amp;ssl=1 1024w, https:\/\/i0.wp.com\/news.avantools.pt\/wp-content\/uploads\/2018\/11\/Inside_the_new_Adelaide_Convention_Centre_East_Building_a67fc1d80c.jpg?w=1920&amp;ssl=1 1920w, https:\/\/i0.wp.com\/news.avantools.pt\/wp-content\/uploads\/2018\/11\/Inside_the_new_Adelaide_Convention_Centre_East_Building_a67fc1d80c.jpg?w=1575&amp;ssl=1 1575w\" sizes=\"auto, (max-width: 300px) 100vw, 300px\" \/>\u00c0 instala\u00e7\u00e3o anterior, baseada em tecnologia anal\u00f3gica, com <em>multicores<\/em> \u00e1udio, cablagem video RGBHV e DMX sobre cablagem de cobre, sucedeu uma solu\u00e7\u00e3o RIEDEL baseada num <em>backbone<\/em> MediorNet. Esta solu\u00e7\u00e3o descentralizada d\u00e1 ao ACC a capacidade de enviar qualquer tipo de sinal, de qualquer ponto do centro para qualquer outro ponto ou pontos dos 3 edif\u00edcios que constituem o ACC, sem a necessidade de reconfigura\u00e7\u00e3o de quaisquer cabos. <img data-recalc-dims=\"1\" loading=\"lazy\" decoding=\"async\" class=\"size-medium wp-image-1633 alignright\" src=\"https:\/\/i0.wp.com\/news.avantools.pt\/wp-content\/uploads\/2018\/11\/IMG_0199.jpg?resize=225%2C300&#038;ssl=1\" alt=\"\" width=\"225\" height=\"300\" srcset=\"https:\/\/i0.wp.com\/news.avantools.pt\/wp-content\/uploads\/2018\/11\/IMG_0199.jpg?resize=225%2C300&amp;ssl=1 225w, https:\/\/i0.wp.com\/news.avantools.pt\/wp-content\/uploads\/2018\/11\/IMG_0199.jpg?resize=768%2C1024&amp;ssl=1 768w, https:\/\/i0.wp.com\/news.avantools.pt\/wp-content\/uploads\/2018\/11\/IMG_0199.jpg?w=1053&amp;ssl=1 1053w\" sizes=\"auto, (max-width: 225px) 100vw, 225px\" \/>Esta solu\u00e7\u00e3o assegura a distribui\u00e7\u00e3o, totalmente redundante,\u00a0 de todos os sinais, incluindo video, \u00e1udio digital e anal\u00f3gico, intercomunica\u00e7\u00e3o, controlo de luz ArtNet, sistemas de controlo de sinais AV e dados para apoio aos palestrantes.<\/p>\n<p>Um projecto robusto e de excepcional envergadura para um centro de enorme prest\u00edgio mundial. <a href=\"https:\/\/www.riedel.net\/news\/news-detail\/adelaide-convention-centre-selects-riedel-mediornet-and-artist\/\">Saiba mais<\/a> sobre o projecto, os equipamentos utilizados e a instala\u00e7\u00e3o do sistema RIEDEL no ACC.<\/p>\n<p><a href=\"http:\/\/avantools.pt\/contacts.html\">Fale connosco<\/a> para saber que solu\u00e7\u00f5es a RIEDEL tem para si.<\/p>\n<p><img data-recalc-dims=\"1\" loading=\"lazy\" decoding=\"async\" class=\"alignright wp-image-1634\" src=\"https:\/\/i0.wp.com\/news.avantools.pt\/wp-content\/uploads\/2018\/11\/Riedel_Logo.png?resize=200%2C59&#038;ssl=1\" alt=\"\" width=\"200\" height=\"59\" srcset=\"https:\/\/i0.wp.com\/news.avantools.pt\/wp-content\/uploads\/2018\/11\/Riedel_Logo.png?resize=300%2C88&amp;ssl=1 300w, https:\/\/i0.wp.com\/news.avantools.pt\/wp-content\/uploads\/2018\/11\/Riedel_Logo.png?resize=768%2C226&amp;ssl=1 768w, https:\/\/i0.wp.com\/news.avantools.pt\/wp-content\/uploads\/2018\/11\/Riedel_Logo.png?resize=1024%2C302&amp;ssl=1 1024w, https:\/\/i0.wp.com\/news.avantools.pt\/wp-content\/uploads\/2018\/11\/Riedel_Logo.png?w=1280&amp;ssl=1 1280w\" sizes=\"auto, (max-width: 200px) 100vw, 200px\" \/><\/p>\n<p>&nbsp;<\/p>\n<p>&nbsp;<\/p>\n<p>&nbsp;<\/p>\n<hr \/>\n","protected":false},"excerpt":{"rendered":"<p>\u00c9 o primeiro centro de congressos constru\u00eddo para este fim espec\u00edfico na Austr\u00e1lia. Foi inaugurado em 1987. Uma solu\u00e7\u00e3o RIEDEL faz agora parte do recente projecto gigante de renova\u00e7\u00e3o deste centro. O Centro de Congressos de Adelaide (ACC) foi o primeiro espa\u00e7o concebido e constru\u00eddo na Austr\u00e1lia com o objectivo de acolher congressos e outras &hellip; <\/p>\n<p class=\"link-more\"><a href=\"https:\/\/news.avantools.pt\/?p=1630\" class=\"more-link\">Continuar a ler <span class=\"screen-reader-text\">&#8220;Centro de Congressos em Adelaide escolhe RIEDEL&#8221;<\/span><\/a><\/p>\n","protected":false},"author":2,"featured_media":0,"comment_status":"closed","ping_status":"open","sticky":false,"template":"","format":"standard","meta":{"_jetpack_memberships_contains_paid_content":false,"footnotes":"","_links_to":"","_links_to_target":""},"categories":[92,136,95],"tags":[420,85,9],"class_list":["post-1630","post","type-post","status-publish","format-standard","hentry","category-broadcast","category-institucional","category-live","tag-acc","tag-mediornet","tag-riedel"],"jetpack_featured_media_url":"","jetpack_sharing_enabled":true,"_links":{"self":[{"href":"https:\/\/news.avantools.pt\/index.php?rest_route=\/wp\/v2\/posts\/1630","targetHints":{"allow":["GET"]}}],"collection":[{"href":"https:\/\/news.avantools.pt\/index.php?rest_route=\/wp\/v2\/posts"}],"about":[{"href":"https:\/\/news.avantools.pt\/index.php?rest_route=\/wp\/v2\/types\/post"}],"author":[{"embeddable":true,"href":"https:\/\/news.avantools.pt\/index.php?rest_route=\/wp\/v2\/users\/2"}],"replies":[{"embeddable":true,"href":"https:\/\/news.avantools.pt\/index.php?rest_route=%2Fwp%2Fv2%2Fcomments&post=1630"}],"version-history":[{"count":7,"href":"https:\/\/news.avantools.pt\/index.php?rest_route=\/wp\/v2\/posts\/1630\/revisions"}],"predecessor-version":[{"id":1642,"href":"https:\/\/news.avantools.pt\/index.php?rest_route=\/wp\/v2\/posts\/1630\/revisions\/1642"}],"wp:attachment":[{"href":"https:\/\/news.avantools.pt\/index.php?rest_route=%2Fwp%2Fv2%2Fmedia&parent=1630"}],"wp:term":[{"taxonomy":"category","embeddable":true,"href":"https:\/\/news.avantools.pt\/index.php?rest_route=%2Fwp%2Fv2%2Fcategories&post=1630"},{"taxonomy":"post_tag","embeddable":true,"href":"https:\/\/news.avantools.pt\/index.php?rest_route=%2Fwp%2Fv2%2Ftags&post=1630"}],"curies":[{"name":"wp","href":"https:\/\/api.w.org\/{rel}","templated":true}]}}