{"id":1723,"date":"2019-01-09T10:47:50","date_gmt":"2019-01-09T10:47:50","guid":{"rendered":"http:\/\/news.avantools.pt\/?p=1723"},"modified":"2019-01-09T10:47:51","modified_gmt":"2019-01-09T10:47:51","slug":"open-day-estudio","status":"publish","type":"post","link":"https:\/\/news.avantools.pt\/?p=1723","title":{"rendered":"Open Day Est\u00fadio"},"content":{"rendered":"\n<p>A FCCN promove um <em>Open Day Est\u00fadio<\/em>, com a participa\u00e7\u00e3o da AVANTOOLS. \u00c9 no pr\u00f3ximo dia 11, das 10 \u00e0s 16h. <\/p>\n\n\n\n<figure class=\"wp-block-image\"><img data-recalc-dims=\"1\" loading=\"lazy\" decoding=\"async\" width=\"525\" height=\"743\" src=\"https:\/\/i0.wp.com\/news.avantools.pt\/wp-content\/uploads\/2019\/01\/image003.jpg?resize=525%2C743&#038;ssl=1\" alt=\"\" class=\"wp-image-1721\" srcset=\"https:\/\/i0.wp.com\/news.avantools.pt\/wp-content\/uploads\/2019\/01\/image003.jpg?w=567&amp;ssl=1 567w, https:\/\/i0.wp.com\/news.avantools.pt\/wp-content\/uploads\/2019\/01\/image003.jpg?resize=212%2C300&amp;ssl=1 212w\" sizes=\"auto, (max-width: 525px) 100vw, 525px\" \/><\/figure>\n\n\n\n<p>Registe-se <a href=\"https:\/\/www.eventbrite.pt\/e\/bilhetes-open-day-estudio-53808923940\">aqui<\/a>.<\/p>\n","protected":false},"excerpt":{"rendered":"<p>A FCCN promove um Open Day Est\u00fadio, com a participa\u00e7\u00e3o da AVANTOOLS. \u00c9 no pr\u00f3ximo dia 11, das 10 \u00e0s 16h. Registe-se aqui.<\/p>\n","protected":false},"author":2,"featured_media":0,"comment_status":"closed","ping_status":"open","sticky":false,"template":"","format":"standard","meta":{"_jetpack_memberships_contains_paid_content":false,"footnotes":"","_links_to":"","_links_to_target":""},"categories":[92,266,96],"tags":[16,427],"class_list":["post-1723","post","type-post","status-publish","format-standard","hentry","category-broadcast","category-televisao","category-video","tag-avantools","tag-fccn"],"jetpack_featured_media_url":"","jetpack_sharing_enabled":true,"_links":{"self":[{"href":"https:\/\/news.avantools.pt\/index.php?rest_route=\/wp\/v2\/posts\/1723","targetHints":{"allow":["GET"]}}],"collection":[{"href":"https:\/\/news.avantools.pt\/index.php?rest_route=\/wp\/v2\/posts"}],"about":[{"href":"https:\/\/news.avantools.pt\/index.php?rest_route=\/wp\/v2\/types\/post"}],"author":[{"embeddable":true,"href":"https:\/\/news.avantools.pt\/index.php?rest_route=\/wp\/v2\/users\/2"}],"replies":[{"embeddable":true,"href":"https:\/\/news.avantools.pt\/index.php?rest_route=%2Fwp%2Fv2%2Fcomments&post=1723"}],"version-history":[{"count":1,"href":"https:\/\/news.avantools.pt\/index.php?rest_route=\/wp\/v2\/posts\/1723\/revisions"}],"predecessor-version":[{"id":1724,"href":"https:\/\/news.avantools.pt\/index.php?rest_route=\/wp\/v2\/posts\/1723\/revisions\/1724"}],"wp:attachment":[{"href":"https:\/\/news.avantools.pt\/index.php?rest_route=%2Fwp%2Fv2%2Fmedia&parent=1723"}],"wp:term":[{"taxonomy":"category","embeddable":true,"href":"https:\/\/news.avantools.pt\/index.php?rest_route=%2Fwp%2Fv2%2Fcategories&post=1723"},{"taxonomy":"post_tag","embeddable":true,"href":"https:\/\/news.avantools.pt\/index.php?rest_route=%2Fwp%2Fv2%2Ftags&post=1723"}],"curies":[{"name":"wp","href":"https:\/\/api.w.org\/{rel}","templated":true}]}}