{"id":1730,"date":"2019-01-20T22:07:57","date_gmt":"2019-01-20T22:07:57","guid":{"rendered":"http:\/\/news.avantools.pt\/?p=1730"},"modified":"2019-01-28T10:23:03","modified_gmt":"2019-01-28T10:23:03","slug":"os-desafios-futuros-do-broadcast","status":"publish","type":"post","link":"https:\/\/news.avantools.pt\/?p=1730","title":{"rendered":"Os desafios futuros do broadcast"},"content":{"rendered":"\n<p>O <em>broadcast<\/em> enfrenta um sem n\u00famero de decis\u00f5es dif\u00edceis nos anos que se aproximam. Novas solu\u00e7\u00f5es de produ\u00e7\u00e3o, novas normas, novos conte\u00fados, novos p\u00fablicos. O <em>broadcast<\/em>, tal como o vemos e ouvimos hoje, pode estar morto h\u00e1 j\u00e1 algum tempo. Sem que a generalidade das pessoas pare\u00e7a ter dado por isso. Para sobreviver \u00e9 preciso conhecer estes novos desafios, conhecer as solu\u00e7\u00f5es e assegurar conte\u00fados novos.<\/p>\n\n\n\n<figure class=\"wp-block-image\"><img data-recalc-dims=\"1\" loading=\"lazy\" decoding=\"async\" width=\"525\" height=\"326\" src=\"https:\/\/i0.wp.com\/news.avantools.pt\/wp-content\/uploads\/2019\/01\/csm_1_FINAL-SHOW_ESC-2018_Photo-Ralph-Larmann_2ad2046e62.jpg?resize=525%2C326&#038;ssl=1\" alt=\"\" class=\"wp-image-1731\" srcset=\"https:\/\/i0.wp.com\/news.avantools.pt\/wp-content\/uploads\/2019\/01\/csm_1_FINAL-SHOW_ESC-2018_Photo-Ralph-Larmann_2ad2046e62.jpg?resize=1024%2C635&amp;ssl=1 1024w, https:\/\/i0.wp.com\/news.avantools.pt\/wp-content\/uploads\/2019\/01\/csm_1_FINAL-SHOW_ESC-2018_Photo-Ralph-Larmann_2ad2046e62.jpg?resize=300%2C186&amp;ssl=1 300w, https:\/\/i0.wp.com\/news.avantools.pt\/wp-content\/uploads\/2019\/01\/csm_1_FINAL-SHOW_ESC-2018_Photo-Ralph-Larmann_2ad2046e62.jpg?resize=768%2C476&amp;ssl=1 768w, https:\/\/i0.wp.com\/news.avantools.pt\/wp-content\/uploads\/2019\/01\/csm_1_FINAL-SHOW_ESC-2018_Photo-Ralph-Larmann_2ad2046e62.jpg?w=1920&amp;ssl=1 1920w, https:\/\/i0.wp.com\/news.avantools.pt\/wp-content\/uploads\/2019\/01\/csm_1_FINAL-SHOW_ESC-2018_Photo-Ralph-Larmann_2ad2046e62.jpg?w=1575&amp;ssl=1 1575w\" sizes=\"auto, (max-width: 767px) 89vw, (max-width: 1000px) 54vw, (max-width: 1071px) 543px, 580px\" \/><\/figure>\n\n\n\n<p>No princ\u00edpio, diz-se, quando a r\u00e1dio fazia ouvir os seus primeiros conte\u00fados, se um emissor se avariava, era normal ir pedir ajuda ao outro lado da rua, ao vizinho da esta\u00e7\u00e3o concorrente. Aos tempos deste <em>broadcast<\/em> de novas fronteiras, primitivo, mas j\u00e1 poderos\u00edssimo, foram sucendendo novas fases que corresponderam \u00e0 introdu\u00e7\u00e3o de novos m\u00eddia \u2014 a televis\u00e3o, a r\u00e1dio digital, as plataformas de distribui\u00e7\u00e3o cada vez mais diversificadas e de maior alcance \u2014 que foram remetendo os m\u00eddia entretanto destronados e os respectiovs equipamenttos de produ\u00e7\u00e3o, sucessivamente, para o reino das curiosidades de museu. Novos equipamentos, da parte dos <em>broadcasters<\/em> e dos seus destinat\u00e1rios, cada vez mais r\u00e1pidos, melhores e mais baratos, foram determinando novos fluxos de trabalho, novos h\u00e1bitos de leitura e entretenimento, e foram influenciando a pr\u00f3pria natureza dos conte\u00fados, que se aproximaram progressivamente das possibilidades proporcionadas pelos novos meios. A simples escolha de um formato de ecr\u00e3 pode n\u00e3o ser simples. O que funciona num <em>smartphone<\/em> pode n\u00e3o funcionar num ecr\u00e3 de 88&#8243;, e vice versa. E os novos espectadores usam ambos!<\/p>\n\n\n\n<p>Para o <em>broadcast<\/em>, a era em que nos encontramos neste momento, a palavra chave \u00e9 <em>digital<\/em>. Em todas as fases da produ\u00e7\u00e3o do conte\u00fado at\u00e9 \u00e0 sua frui\u00e7\u00e3o final, tudo gira \u00e0 volta deste conceito. O ano de 2019 promete ser o ano para mais uma viragem hist\u00f3rica. A completa adop\u00e7\u00e3o da norma <a href=\"https:\/\/en.wikipedia.org\/wiki\/ATSC_3.0\">ATSC 3.0<\/a> (j\u00e1 em vigor em pa\u00edses como a Coreia do Sul, por exemplo) e o <a href=\"https:\/\/en.wikipedia.org\/wiki\/5G\">5G<\/a>, por um lado, e o facto de viabilizarem e tornarem dispon\u00edveis ao mercado <em>mainstream<\/em>, tecnologias que at\u00e9 agora se mantiveram quase no dom\u00ednio da fic\u00e7\u00e3o cient\u00edfica, \u00e9 um desses desafios que os <em>broadcasters<\/em> enfrentam neste momento. \u00c9 o momento de decis\u00f5es vitais, que inevitavelmente ir\u00e3o ter profundas consequ\u00eancias da viabilidade e no sucesso dos neg\u00f3cios.<\/p>\n\n\n\n<p>Saiba mais sobre alguns destes temas <a href=\"https:\/\/www.cnet.com\/news\/atsc-3-0-the-future-of-free-antenna-tv-is-coming-eventually\/\">aqui<\/a>, <a href=\"https:\/\/www.thebroadcastbridge.com\/content\/entry\/12470\/a-broadcast-engineers-look-into-the-2019-crystal-ball?cat_id=1&amp;fbclid=IwAR2zWvjiPqmg1xjyLOjl_BQOZmoOqVr6yYCFSyIfx09eOsSZ0_bD0KoLG60\">aqui<\/a>, <a href=\"https:\/\/www.digitaltveurope.com\/2018\/01\/10\/atsc-completes-3-0-standards-and-launches-at-ces\/\">aqui<\/a>, <a href=\"https:\/\/www.digitaltveurope.com\/2019\/01\/08\/sinclair-teams-up-with-sk-broadband-for-atsc-3-0-jv\/\">aqui<\/a> ou <a href=\"https:\/\/www.digitaltveurope.com\/2018\/10\/18\/us-broadcasters-commit-to-atsc-3-0-launch-in-2020\/\">aqui<\/a>.<\/p>\n\n\n\n<p><a href=\"http:\/\/avantools.pt\/contacts.html\">Venha falar connosco<\/a> sobre as suas escolhas, as suas dificuldades e as suas perspectivas para o futuro. Mantenha-se atento, a <strong>AVANTOOLS<\/strong> ir\u00e1, durante o corrente ano, organizar encontros para debater estas importantes quest\u00f5es e ac\u00e7\u00f5es de forma\u00e7\u00e3o apontadas a este futuro que j\u00e1 \u00e9 hoje o nosso.<\/p>\n\n\n\n<div class=\"wp-block-image\"><figure class=\"aligncenter\"><img data-recalc-dims=\"1\" loading=\"lazy\" decoding=\"async\" width=\"280\" height=\"280\" src=\"https:\/\/i0.wp.com\/news.avantools.pt\/wp-content\/uploads\/2014\/03\/avanToolsCubeLogo.png?resize=280%2C280&#038;ssl=1\" alt=\"\" class=\"wp-image-392\" srcset=\"https:\/\/i0.wp.com\/news.avantools.pt\/wp-content\/uploads\/2014\/03\/avanToolsCubeLogo.png?w=280&amp;ssl=1 280w, https:\/\/i0.wp.com\/news.avantools.pt\/wp-content\/uploads\/2014\/03\/avanToolsCubeLogo.png?resize=150%2C150&amp;ssl=1 150w, https:\/\/i0.wp.com\/news.avantools.pt\/wp-content\/uploads\/2014\/03\/avanToolsCubeLogo.png?resize=100%2C100&amp;ssl=1 100w\" sizes=\"auto, (max-width: 280px) 100vw, 280px\" \/><\/figure><\/div>\n\n\n\n<hr class=\"wp-block-separator\"\/>\n\n\n\n<p><br><\/p>\n","protected":false},"excerpt":{"rendered":"<p>O broadcast enfrenta um sem n\u00famero de decis\u00f5es dif\u00edceis nos anos que se aproximam. Novas solu\u00e7\u00f5es de produ\u00e7\u00e3o, novas normas, novos conte\u00fados, novos p\u00fablicos. O broadcast, tal como o vemos e ouvimos hoje, pode estar morto h\u00e1 j\u00e1 algum tempo. Sem que a generalidade das pessoas pare\u00e7a ter dado por isso. Para sobreviver \u00e9 preciso &hellip; <\/p>\n<p class=\"link-more\"><a href=\"https:\/\/news.avantools.pt\/?p=1730\" class=\"more-link\">Continuar a ler <span class=\"screen-reader-text\">&#8220;Os desafios futuros do broadcast&#8221;<\/span><\/a><\/p>\n","protected":false},"author":2,"featured_media":1731,"comment_status":"closed","ping_status":"open","sticky":false,"template":"","format":"standard","meta":{"_jetpack_memberships_contains_paid_content":false,"footnotes":"","_links_to":"","_links_to_target":""},"categories":[92,93,266],"tags":[428,16],"class_list":["post-1730","post","type-post","status-publish","format-standard","has-post-thumbnail","hentry","category-broadcast","category-radio","category-televisao","tag-atsc-3-0","tag-avantools"],"jetpack_featured_media_url":"https:\/\/i0.wp.com\/news.avantools.pt\/wp-content\/uploads\/2019\/01\/csm_1_FINAL-SHOW_ESC-2018_Photo-Ralph-Larmann_2ad2046e62.jpg?fit=1920%2C1191&ssl=1","jetpack_sharing_enabled":true,"_links":{"self":[{"href":"https:\/\/news.avantools.pt\/index.php?rest_route=\/wp\/v2\/posts\/1730","targetHints":{"allow":["GET"]}}],"collection":[{"href":"https:\/\/news.avantools.pt\/index.php?rest_route=\/wp\/v2\/posts"}],"about":[{"href":"https:\/\/news.avantools.pt\/index.php?rest_route=\/wp\/v2\/types\/post"}],"author":[{"embeddable":true,"href":"https:\/\/news.avantools.pt\/index.php?rest_route=\/wp\/v2\/users\/2"}],"replies":[{"embeddable":true,"href":"https:\/\/news.avantools.pt\/index.php?rest_route=%2Fwp%2Fv2%2Fcomments&post=1730"}],"version-history":[{"count":11,"href":"https:\/\/news.avantools.pt\/index.php?rest_route=\/wp\/v2\/posts\/1730\/revisions"}],"predecessor-version":[{"id":1763,"href":"https:\/\/news.avantools.pt\/index.php?rest_route=\/wp\/v2\/posts\/1730\/revisions\/1763"}],"wp:featuredmedia":[{"embeddable":true,"href":"https:\/\/news.avantools.pt\/index.php?rest_route=\/wp\/v2\/media\/1731"}],"wp:attachment":[{"href":"https:\/\/news.avantools.pt\/index.php?rest_route=%2Fwp%2Fv2%2Fmedia&parent=1730"}],"wp:term":[{"taxonomy":"category","embeddable":true,"href":"https:\/\/news.avantools.pt\/index.php?rest_route=%2Fwp%2Fv2%2Fcategories&post=1730"},{"taxonomy":"post_tag","embeddable":true,"href":"https:\/\/news.avantools.pt\/index.php?rest_route=%2Fwp%2Fv2%2Ftags&post=1730"}],"curies":[{"name":"wp","href":"https:\/\/api.w.org\/{rel}","templated":true}]}}