{"id":177,"date":"2017-01-24T21:19:00","date_gmt":"2017-01-24T21:19:00","guid":{"rendered":"http:\/\/avantools.pt\/noticias\/lawo-no-centro-da-renvacao-tecnica-da-orf"},"modified":"2018-04-03T16:19:06","modified_gmt":"2018-04-03T15:19:06","slug":"lawo-no-centro-da-renovacao-tecnica-da-orf","status":"publish","type":"post","link":"https:\/\/news.avantools.pt\/?p=177","title":{"rendered":"Lawo no centro da renova\u00e7\u00e3o t\u00e9cnica da ORF"},"content":{"rendered":"<p>A <strong>ORF<\/strong>, a empresa p\u00fablica austr\u00edaca de radiotelevis\u00e3o, est\u00e1 a renovar-se tecnicamente. A pensar no futuro, a prefer\u00eancia vai para a <strong>LAWO<\/strong>.<\/p>\n<p><img data-recalc-dims=\"1\" decoding=\"async\" class=\"aligncenter\" src=\"https:\/\/i0.wp.com\/wwwavantoolseu.worldsecuresystems.com\/images\/Lawo_ORF.png?w=525&#038;ssl=1\"  \/><\/p>\n<p>Os nove centros de produ\u00e7\u00e3o regional da ORF est\u00e3o a ser reequipados com os novos meios de \u00e1udio e video necess\u00e1rios \u00e0 sua opera\u00e7\u00e3o, pensando no futuro. Todos v\u00e3o disp\u00f4r de equipamento igual. As mesas <strong><a title=\"mc266\" href=\"https:\/\/www.lawo.com\/products\/audio-production-consoles\/mc266.html\" target=\"_blank\" rel=\"noopener\">mc\u00b266<\/a><\/strong>, os sistemas de I\/O <strong><a title=\"dallis\" href=\"https:\/\/www.lawo.com\/products\/audio-interfaces\/dallis0.html\" target=\"_blank\" rel=\"noopener\">DALLIS<\/a><\/strong> e os processadores de video <a title=\"v_pro8\" href=\"https:\/\/www.lawo.com\/products\/video-processing-core-infrastructure\/v-pro8.html\" target=\"_blank\" rel=\"noopener\">V_pro8<\/a>, est\u00e3o no centro das op\u00e7\u00f5es.<\/p>\n<p>Saiba mais sobre esta opera\u00e7\u00e3o de renova\u00e7\u00e3o t\u00e9cnica da ORF <a title=\"orf lawo\" href=\"https:\/\/www.lawo.com\/up-to-date\/news\/nbsp\/austrian_orf_upgrades_all_regional_broadcast_stations_with_lawo.html\" target=\"_blank\" rel=\"noopener\">aqui<\/a>.<\/p>\n<p><a title=\"Lawo\" href=\"https:\/\/www.lawo.com\/\" target=\"_blank\" rel=\"noopener\">Saiba mais<\/a> sobre estes e outros produtos e solu\u00e7\u00f5es <strong>LAWO<\/strong>.<\/p>\n<p><a href=\"\/contacts.html\">Venha ter connosco<\/a> e saber o que a <strong>LAWO<\/strong> pode fazer para satisfazer as suas necessidades de produ\u00e7\u00e3o.<\/p>\n<p>&nbsp;<\/p>\n<p style=\"text-align: right;\"><img decoding=\"async\" src=\"\/images\/lawo_logo.jpg\" \/><\/p>\n<hr \/>\n<p style=\"text-align: right;\">\n","protected":false},"excerpt":{"rendered":"<p>A ORF, a empresa p\u00fablica austr\u00edaca de radiotelevis\u00e3o, est\u00e1 a renovar-se tecnicamente. A pensar no futuro, a prefer\u00eancia vai para a LAWO. Os nove centros de produ\u00e7\u00e3o regional da ORF est\u00e3o a ser reequipados com os novos meios de \u00e1udio e video necess\u00e1rios \u00e0 sua opera\u00e7\u00e3o, pensando no futuro. Todos v\u00e3o disp\u00f4r de equipamento igual. &hellip; <\/p>\n<p class=\"link-more\"><a href=\"https:\/\/news.avantools.pt\/?p=177\" class=\"more-link\">Continuar a ler <span class=\"screen-reader-text\">&#8220;Lawo no centro da renova\u00e7\u00e3o t\u00e9cnica da ORF&#8221;<\/span><\/a><\/p>\n","protected":false},"author":2,"featured_media":0,"comment_status":"open","ping_status":"open","sticky":false,"template":"","format":"standard","meta":{"_jetpack_memberships_contains_paid_content":false,"footnotes":"","_links_to":"","_links_to_target":""},"categories":[1],"tags":[150,2,148,353,27],"class_list":["post-177","post","type-post","status-publish","format-standard","hentry","category-uncategorised","tag-dallis-i-o","tag-lawo","tag-mc66","tag-orf","tag-v_pro8"],"jetpack_featured_media_url":"","jetpack_sharing_enabled":true,"_links":{"self":[{"href":"https:\/\/news.avantools.pt\/index.php?rest_route=\/wp\/v2\/posts\/177","targetHints":{"allow":["GET"]}}],"collection":[{"href":"https:\/\/news.avantools.pt\/index.php?rest_route=\/wp\/v2\/posts"}],"about":[{"href":"https:\/\/news.avantools.pt\/index.php?rest_route=\/wp\/v2\/types\/post"}],"author":[{"embeddable":true,"href":"https:\/\/news.avantools.pt\/index.php?rest_route=\/wp\/v2\/users\/2"}],"replies":[{"embeddable":true,"href":"https:\/\/news.avantools.pt\/index.php?rest_route=%2Fwp%2Fv2%2Fcomments&post=177"}],"version-history":[{"count":2,"href":"https:\/\/news.avantools.pt\/index.php?rest_route=\/wp\/v2\/posts\/177\/revisions"}],"predecessor-version":[{"id":1127,"href":"https:\/\/news.avantools.pt\/index.php?rest_route=\/wp\/v2\/posts\/177\/revisions\/1127"}],"wp:attachment":[{"href":"https:\/\/news.avantools.pt\/index.php?rest_route=%2Fwp%2Fv2%2Fmedia&parent=177"}],"wp:term":[{"taxonomy":"category","embeddable":true,"href":"https:\/\/news.avantools.pt\/index.php?rest_route=%2Fwp%2Fv2%2Fcategories&post=177"},{"taxonomy":"post_tag","embeddable":true,"href":"https:\/\/news.avantools.pt\/index.php?rest_route=%2Fwp%2Fv2%2Ftags&post=177"}],"curies":[{"name":"wp","href":"https:\/\/api.w.org\/{rel}","templated":true}]}}