{"id":184,"date":"2016-06-01T00:00:00","date_gmt":"2016-05-31T23:00:00","guid":{"rendered":"http:\/\/avantools.pt\/noticias\/nova-legislacao-sobre-volume-sonoro-dos-blocos-publicitarios-entrou-hoje-em-vigor"},"modified":"2018-04-03T00:52:33","modified_gmt":"2018-04-02T23:52:33","slug":"nova-legislacao-sobre-volume-sonoro-dos-blocos-publicitarios-entrou-hoje-em-vigor","status":"publish","type":"post","link":"https:\/\/news.avantools.pt\/?p=184","title":{"rendered":"Nova legisla\u00e7\u00e3o sobre volume sonoro dos blocos publicit\u00e1rios entrou hoje em vigor"},"content":{"rendered":"<p>A directiva da ERC foi anunciada em mar\u00e7o, mas s\u00f3 hoje entrou em vigor. A partir de agora manda o <strong>LUFS<\/strong>, <em>Loudness Unit Full Scale<\/em>.<\/p>\n<p>Fixe este valor: -23 LUFS.<\/p>\n<div class=\"irc_mimg irc_hic ilH2Cj751awU-lvVgf-rIiHk\"><a class=\"irc_mil i3597 ilH2Cj751awU-zixyDjKkw5M\" tabindex=\"0\" href=\"https:\/\/www.google.pt\/url?sa=i&amp;rct=j&amp;q=&amp;esrc=s&amp;source=images&amp;cd=&amp;ved=2ahUKEwjAmdSc5JzaAhXJ8RQKHYX1BP0QjRx6BAgAEAU&amp;url=http%3A%2F%2Fwww.producenewmedia.com%2Floudness-meters-absoluterelative-scales%2F&amp;psig=AOvVaw1yA_NCOvwsDOCs1ThICNEt&amp;ust=1522799466727835\" target=\"_blank\" rel=\"noopener\" data-noload=\"\" data-ved=\"2ahUKEwjAmdSc5JzaAhXJ8RQKHYX1BP0QjRx6BAgAEAU\" data-cthref=\"\/url?sa=i&amp;rct=j&amp;q=&amp;esrc=s&amp;source=images&amp;cd=&amp;ved=2ahUKEwjAmdSc5JzaAhXJ8RQKHYX1BP0QjRx6BAgAEAU&amp;url=http%3A%2F%2Fwww.producenewmedia.com%2Floudness-meters-absoluterelative-scales%2F&amp;psig=AOvVaw1yA_NCOvwsDOCs1ThICNEt&amp;ust=1522799466727835\"><img data-recalc-dims=\"1\" loading=\"lazy\" decoding=\"async\" class=\"irc_mi aligncenter\" src=\"https:\/\/i0.wp.com\/www.producenewmedia.com\/wp-content\/uploads\/2013\/05\/figg-scale.jpg?resize=480%2C375\" alt=\"Image result for loudness units full scale.jpg\" width=\"480\" height=\"375\" \/><\/a><\/div>\n<p>S\u00e3o as altera\u00e7\u00f5es \u00e0 Lei da Televis\u00e3o e dos Servi\u00e7os Audiovisuais a Pedido (LTSAP) que t\u00eam por base um directiva\u00a0da Entidade Reguladora para a Comunica\u00e7\u00e3o Social (ERC). A partir de hoje a \u201csensa\u00e7\u00e3o de intensidade auditiva dos intervalos publicit\u00e1rios\u201d deve ser fixada em -23 LUFS. O <a title=\"LUFS\" href=\"https:\/\/en.wikipedia.org\/wiki\/LKFS\" target=\"_blank\" rel=\"noopener\">Loudness Unit Full Scale<\/a> \u00e9 a unidade que rege esta nova directiva.<\/p>\n<p>No pre\u00e2mbulo da nova directiva pode ler-se que &#8220;[a] inser\u00e7\u00e3o de publicidade televisiva ou televenda n\u00e3o pode implicar o aumento do n\u00edvel de volume sonoro aplicado \u00e0 restante programa\u00e7\u00e3o\u201d, consubstanciando a viola\u00e7\u00e3o desta norma uma contraordena\u00e7\u00e3o grave, nos termos do artigo 76.o, n.o 1, al\u00ednea a), da LTSAP.&#8221;<\/p>\n<p>Obtenha a nova directiva <a title=\"download directiva ERC\" href=\"http:\/\/www.erc.pt\/download\/YToyOntzOjg6ImZpY2hlaXJvIjtzOjM5OiJtZWRpYS9kZWNpc29lcy9vYmplY3RvX29mZmxpbmUvNjE3Ny5wZGYiO3M6NjoidGl0dWxvIjtzOjE0OiJkaXJldGl2YS0yMDE2MSI7fQ==\/diretiva-20161\" target=\"_blank\" rel=\"noopener\">aqui<\/a>.<\/p>\n<p>Saiba mais sobre o <strong><em>loudness<\/em><\/strong>\u00a0<a title=\"loudness control\" href=\"http:\/\/postperspective.com\/review-rtw-continuous-loudness-control\/\" target=\"_blank\" rel=\"noopener\">aqui<\/a>,\u00a0 <a title=\"loudness1\" href=\"http:\/\/productionadvice.co.uk\/lufs-dbfs-rms\/\" target=\"_blank\" rel=\"noopener\">aqui<\/a> e <a title=\"loudness 2\" href=\"http:\/\/www.tcelectronic.com\/loudness\/loudness-explained\/\" target=\"_blank\" rel=\"noopener\">aqui<\/a>.<\/p>\n<p>Saiba mais ainda sobre a nova legisla\u00e7\u00e3o e as circunst\u00e2ncias da sua entrada em vigor\u00a0<a title=\"ERC Publico\" href=\"https:\/\/www.publico.pt\/sociedade\/noticia\/aumento-do-som-das-televisoes-durante-a-publicidade-vai-acabar-1733626\" target=\"_blank\" rel=\"noopener\">aqui<\/a>.<\/p>\n<p>Conhe\u00e7a entretanto algumas das solu\u00e7\u00f5es para o controle do <em>loudness<\/em> que temos para si\u00a0<a title=\"rtw clc\" href=\"https:\/\/www.rtw.com\/en\/products\/software\/clc.html\" target=\"_blank\" rel=\"noopener\">aqui<\/a> e\u00a0<a title=\"orban\" href=\"http:\/\/www.orban.com\" target=\"_blank\" rel=\"noopener\">aqui<\/a>.<\/p>\n<div><a href=\"\/contacts.html\">Venha falar connosco<\/a> para ficar a saber tudo sobre este assunto e testar todas as solu\u00e7\u00f5es que temos \u00e0 sua disposi\u00e7\u00e3o para cumprir o novo preceito.<\/div>\n<div><img data-recalc-dims=\"1\" loading=\"lazy\" decoding=\"async\" class=\"alignright wp-image-662 size-thumbnail\" src=\"https:\/\/i0.wp.com\/news.avantools.pt\/wp-content\/uploads\/2014\/03\/cropped-avanToolsCubeLogo.png?resize=150%2C150&#038;ssl=1\" alt=\"\" width=\"150\" height=\"150\" srcset=\"https:\/\/i0.wp.com\/news.avantools.pt\/wp-content\/uploads\/2014\/03\/cropped-avanToolsCubeLogo.png?resize=150%2C150&amp;ssl=1 150w, https:\/\/i0.wp.com\/news.avantools.pt\/wp-content\/uploads\/2014\/03\/cropped-avanToolsCubeLogo.png?resize=300%2C300&amp;ssl=1 300w, https:\/\/i0.wp.com\/news.avantools.pt\/wp-content\/uploads\/2014\/03\/cropped-avanToolsCubeLogo.png?resize=768%2C768&amp;ssl=1 768w, https:\/\/i0.wp.com\/news.avantools.pt\/wp-content\/uploads\/2014\/03\/cropped-avanToolsCubeLogo.png?resize=1024%2C1024&amp;ssl=1 1024w, https:\/\/i0.wp.com\/news.avantools.pt\/wp-content\/uploads\/2014\/03\/cropped-avanToolsCubeLogo.png?resize=100%2C100&amp;ssl=1 100w, https:\/\/i0.wp.com\/news.avantools.pt\/wp-content\/uploads\/2014\/03\/cropped-avanToolsCubeLogo.png?w=2000&amp;ssl=1 2000w, https:\/\/i0.wp.com\/news.avantools.pt\/wp-content\/uploads\/2014\/03\/cropped-avanToolsCubeLogo.png?w=1575&amp;ssl=1 1575w\" sizes=\"auto, (max-width: 150px) 100vw, 150px\" \/><\/div>\n<div><\/div>\n<div><\/div>\n<div><\/div>\n<div><\/div>\n<div><\/div>\n<div><\/div>\n<div><\/div>\n<hr \/>\n","protected":false},"excerpt":{"rendered":"<p>A directiva da ERC foi anunciada em mar\u00e7o, mas s\u00f3 hoje entrou em vigor. A partir de agora manda o LUFS, Loudness Unit Full Scale. Fixe este valor: -23 LUFS. S\u00e3o as altera\u00e7\u00f5es \u00e0 Lei da Televis\u00e3o e dos Servi\u00e7os Audiovisuais a Pedido (LTSAP) que t\u00eam por base um directiva\u00a0da Entidade Reguladora para a Comunica\u00e7\u00e3o &hellip; <\/p>\n<p class=\"link-more\"><a href=\"https:\/\/news.avantools.pt\/?p=184\" class=\"more-link\">Continuar a ler <span class=\"screen-reader-text\">&#8220;Nova legisla\u00e7\u00e3o sobre volume sonoro dos blocos publicit\u00e1rios entrou hoje em vigor&#8221;<\/span><\/a><\/p>\n","protected":false},"author":2,"featured_media":0,"comment_status":"open","ping_status":"open","sticky":false,"template":"","format":"standard","meta":{"_jetpack_memberships_contains_paid_content":false,"footnotes":"","_links_to":"","_links_to_target":""},"categories":[92],"tags":[276,275,274,273],"class_list":["post-184","post","type-post","status-publish","format-standard","hentry","category-broadcast","tag-ebu-r128","tag-erc","tag-lei-da-televisao-e-dos-servicos-audiovisuais-a-pedido","tag-lfus"],"jetpack_featured_media_url":"","jetpack_sharing_enabled":true,"_links":{"self":[{"href":"https:\/\/news.avantools.pt\/index.php?rest_route=\/wp\/v2\/posts\/184","targetHints":{"allow":["GET"]}}],"collection":[{"href":"https:\/\/news.avantools.pt\/index.php?rest_route=\/wp\/v2\/posts"}],"about":[{"href":"https:\/\/news.avantools.pt\/index.php?rest_route=\/wp\/v2\/types\/post"}],"author":[{"embeddable":true,"href":"https:\/\/news.avantools.pt\/index.php?rest_route=\/wp\/v2\/users\/2"}],"replies":[{"embeddable":true,"href":"https:\/\/news.avantools.pt\/index.php?rest_route=%2Fwp%2Fv2%2Fcomments&post=184"}],"version-history":[{"count":3,"href":"https:\/\/news.avantools.pt\/index.php?rest_route=\/wp\/v2\/posts\/184\/revisions"}],"predecessor-version":[{"id":1001,"href":"https:\/\/news.avantools.pt\/index.php?rest_route=\/wp\/v2\/posts\/184\/revisions\/1001"}],"wp:attachment":[{"href":"https:\/\/news.avantools.pt\/index.php?rest_route=%2Fwp%2Fv2%2Fmedia&parent=184"}],"wp:term":[{"taxonomy":"category","embeddable":true,"href":"https:\/\/news.avantools.pt\/index.php?rest_route=%2Fwp%2Fv2%2Fcategories&post=184"},{"taxonomy":"post_tag","embeddable":true,"href":"https:\/\/news.avantools.pt\/index.php?rest_route=%2Fwp%2Fv2%2Ftags&post=184"}],"curies":[{"name":"wp","href":"https:\/\/api.w.org\/{rel}","templated":true}]}}