{"id":191,"date":"2015-10-08T00:00:00","date_gmt":"2015-10-07T23:00:00","guid":{"rendered":"http:\/\/avantools.pt\/noticias\/um-concerto-cinco-orgaos-cinco-cidades-unidas-pela-lawo"},"modified":"2018-04-02T19:01:09","modified_gmt":"2018-04-02T18:01:09","slug":"lawo-um-concerto-5-orgaos-e-5-cidades","status":"publish","type":"post","link":"https:\/\/news.avantools.pt\/?p=191","title":{"rendered":"Lawo, um concerto, 5 org\u00e3os e 5 cidades"},"content":{"rendered":"<p>Um concerto especial marcou o 300\u00aa anivers\u00e1rio da cidade\u00a0Karlsruhe. Organistas em 5 cidades tocaram uma pe\u00e7a concebida para este concerto. Ligados, via \u00e1udio e video, pela <strong>LAWO<\/strong>.<\/p>\n<p style=\"text-align: center;\"><img data-recalc-dims=\"1\" decoding=\"async\" class=\"aligncenter\" src=\"https:\/\/i0.wp.com\/wwwavantoolseu.worldsecuresystems.com\/Organum_PRESS_2.jpg?w=512&#038;ssl=1\"  \/><\/p>\n<p>As cidades geminadas de Halle an der Saale (Alemanha), Nancy (Fran\u00e7a), Nottingham (Inglaterra) and Timisoara (Rom\u00e9nia), para al\u00e9m da pr\u00f3pria cidade de \u00a0Karlsruhe, foram palco de um concerto \u00fanico.<br \/>\nA pe\u00e7a, \u2018Organum\u2019, uma obra contempor\u00e2nea para 5\u00a0\u00f3rg\u00e3os, foi composta por\u00a0\u00a0Wolfgang Mitterer para este evento. O concerto foi transmitido<br \/>\nao vivo, via sat\u00e9llite para a Academia de Design do Estado de\u00a0Karlsruhe\u00a0(Hochschule f\u00fcr Gestaltung, HfG).<\/p>\n<p>Na academia, foi criada uma instala\u00e7\u00e3o com os sinais de video e de \u00e1udio dos organistas situados nas cinco cidades, um enorme desafio t\u00e9cnico e art\u00edstico.<\/p>\n<p>A <a title=\"lawo\" href=\"https:\/\/www.lawo.com\/\" target=\"_blank\" rel=\"noopener\">Lawo<\/a> assegurou a solu\u00e7\u00e3o t\u00e9cnica com dois\u00a0processadores <strong>V_pro8<\/strong> video e uma mesa <strong>mc\u00b236<\/strong>.<\/p>\n<p>Saiba todos os pormenores sobre esta complexa opera\u00e7\u00e3o <a title=\"karlsruhe LwA\" href=\"https:\/\/soundforums.net\/content\/3748-Pioneering-premiere-with-Lawo-audio-and-video-equipment-organs-in-eight-churches-in-five-cities-perform-one-live-concert\" target=\"_blank\" rel=\"noopener\">aqui<\/a>.<\/p>\n<p><a href=\"\/contacts.html\">Consulte-nos<\/a> para mais informa\u00e7\u00f5es sobre os produtos Lawo.<\/p>\n<p><img data-recalc-dims=\"1\" decoding=\"async\" class=\"alignright\" src=\"https:\/\/i0.wp.com\/wwwavantoolseu.worldsecuresystems.com\/images\/Logos\/lawo-60px.png?w=525&#038;ssl=1\" \/><\/p>\n<p style=\"text-align: right;\">\n<hr \/>\n<p style=\"text-align: right;\">\n","protected":false},"excerpt":{"rendered":"<p>Um concerto especial marcou o 300\u00aa anivers\u00e1rio da cidade\u00a0Karlsruhe. Organistas em 5 cidades tocaram uma pe\u00e7a concebida para este concerto. Ligados, via \u00e1udio e video, pela LAWO. As cidades geminadas de Halle an der Saale (Alemanha), Nancy (Fran\u00e7a), Nottingham (Inglaterra) and Timisoara (Rom\u00e9nia), para al\u00e9m da pr\u00f3pria cidade de \u00a0Karlsruhe, foram palco de um concerto &hellip; <\/p>\n<p class=\"link-more\"><a href=\"https:\/\/news.avantools.pt\/?p=191\" class=\"more-link\">Continuar a ler <span class=\"screen-reader-text\">&#8220;Lawo, um concerto, 5 org\u00e3os e 5 cidades&#8221;<\/span><\/a><\/p>\n","protected":false},"author":2,"featured_media":0,"comment_status":"open","ping_status":"open","sticky":false,"template":"","format":"standard","meta":{"_jetpack_memberships_contains_paid_content":false,"footnotes":"","_links_to":"","_links_to_target":""},"categories":[92,95],"tags":[2,34,27],"class_list":["post-191","post","type-post","status-publish","format-standard","hentry","category-broadcast","category-live","tag-lawo","tag-mc36","tag-v_pro8"],"jetpack_featured_media_url":"","jetpack_sharing_enabled":true,"_links":{"self":[{"href":"https:\/\/news.avantools.pt\/index.php?rest_route=\/wp\/v2\/posts\/191","targetHints":{"allow":["GET"]}}],"collection":[{"href":"https:\/\/news.avantools.pt\/index.php?rest_route=\/wp\/v2\/posts"}],"about":[{"href":"https:\/\/news.avantools.pt\/index.php?rest_route=\/wp\/v2\/types\/post"}],"author":[{"embeddable":true,"href":"https:\/\/news.avantools.pt\/index.php?rest_route=\/wp\/v2\/users\/2"}],"replies":[{"embeddable":true,"href":"https:\/\/news.avantools.pt\/index.php?rest_route=%2Fwp%2Fv2%2Fcomments&post=191"}],"version-history":[{"count":2,"href":"https:\/\/news.avantools.pt\/index.php?rest_route=\/wp\/v2\/posts\/191\/revisions"}],"predecessor-version":[{"id":888,"href":"https:\/\/news.avantools.pt\/index.php?rest_route=\/wp\/v2\/posts\/191\/revisions\/888"}],"wp:attachment":[{"href":"https:\/\/news.avantools.pt\/index.php?rest_route=%2Fwp%2Fv2%2Fmedia&parent=191"}],"wp:term":[{"taxonomy":"category","embeddable":true,"href":"https:\/\/news.avantools.pt\/index.php?rest_route=%2Fwp%2Fv2%2Fcategories&post=191"},{"taxonomy":"post_tag","embeddable":true,"href":"https:\/\/news.avantools.pt\/index.php?rest_route=%2Fwp%2Fv2%2Ftags&post=191"}],"curies":[{"name":"wp","href":"https:\/\/api.w.org\/{rel}","templated":true}]}}