{"id":1960,"date":"2019-04-28T14:30:16","date_gmt":"2019-04-28T13:30:16","guid":{"rendered":"http:\/\/news.avantools.pt\/?p=1960"},"modified":"2019-04-28T17:46:01","modified_gmt":"2019-04-28T16:46:01","slug":"televisa-opta-por-uma-solucao-lawo","status":"publish","type":"post","link":"https:\/\/news.avantools.pt\/?p=1960","title":{"rendered":"Televisa escolhe LAWO"},"content":{"rendered":"\n<p>O maior grupo de multim\u00e9dia sul americano, a mexicana <strong>Televisa<\/strong>, escolheu uma solu\u00e7\u00e3o integral <strong>LAWO<\/strong> para a renova\u00e7\u00e3o da sua base de opera\u00e7\u00f5es em San \u00c1ngel. Na base da escolha recaiu a conformidade da <strong>LAWO<\/strong> aos actuais protocolos da ind\u00fastria. Em harmonia com o presente e preparada para o futuro.<\/p>\n\n\n\n<figure class=\"wp-block-image\"><img data-recalc-dims=\"1\" loading=\"lazy\" decoding=\"async\" width=\"525\" height=\"343\" src=\"https:\/\/i0.wp.com\/news.avantools.pt\/wp-content\/uploads\/2019\/04\/Lawo-Televisa-Foro_16_mc2_56_32-fader.jpg?resize=525%2C343&#038;ssl=1\" alt=\"\" class=\"wp-image-1964\" srcset=\"https:\/\/i0.wp.com\/news.avantools.pt\/wp-content\/uploads\/2019\/04\/Lawo-Televisa-Foro_16_mc2_56_32-fader.jpg?w=600&amp;ssl=1 600w, https:\/\/i0.wp.com\/news.avantools.pt\/wp-content\/uploads\/2019\/04\/Lawo-Televisa-Foro_16_mc2_56_32-fader.jpg?resize=300%2C196&amp;ssl=1 300w\" sizes=\"auto, (max-width: 525px) 100vw, 525px\" \/><figcaption>Televisa opta por solu\u00e7\u00e3o LAWO<\/figcaption><\/figure>\n\n\n\n<p>\u00c0 <a href=\"https:\/\/www.televisa.com\/\"><strong>Televisa<\/strong><\/a> n\u00e3o \u00e9 estranha a marca <a href=\"http:\/\/www.lawo.com\"><strong>LAWO<\/strong><\/a>. Duas mesas <strong>mc\u00b266<\/strong> de 64 vias equipam desde h\u00e1 4 anos os carros de exteriores do gigante mexicano. Foi com base nesta experi\u00eancia com a marca, os seus produtos e servi\u00e7o, que a op\u00e7\u00e3o recaiu, mas tamb\u00e9m na conformidade da solu\u00e7\u00e3o <strong>LAWO<\/strong> aos actuais preceitos da ind\u00fastria. O equipamento agora instalado obedece totalmente aos  <em>standards<\/em> IP SMPTE 2022-6\/7, 2110 e AES67, e tamb\u00e9m quaisquer <em>standards<\/em> IP que venham a ser estabelecidos no futuro.<\/p>\n\n\n\n<p>As mesas da <strong>LAWO<\/strong> constituem o n\u00facleo central desta renova\u00e7\u00e3o que a <strong>Televisa<\/strong> levou a cabo. A instala\u00e7\u00e3o que foi feita nos Foro 3, 15 e 16 compreende mesas <strong>mc\u00b256<\/strong>, configuradas para 64, 48, 32 e 16 vias e incluem os respectivos n\u00facleos HD e integra\u00e7\u00e3o SoundGrid. V\u00e1rias unidades <strong>DALLIS I\/O<\/strong> e interfaces AoIP <strong>A_mic8<\/strong> e <strong>A_digital8<\/strong> completam a instala\u00e7\u00e3o. Nos Foros 8 e 9 a op\u00e7\u00e3o recaiu sobre mesas <strong>mc\u00b236<\/strong>, numa configura\u00e7\u00e3o de 24 vias, unidades <strong>Compact I\/O<\/strong>,<strong> <\/strong> um <em>router<\/em> <strong>Nova73 HD<\/strong> e total integra\u00e7\u00e3o via Ravenna\/AES67 na infraestrutura de rede.<\/p>\n\n\n\n<p>Os detalhes sobre esta importante opera\u00e7\u00e3o <a href=\"https:\/\/www.lawo.com\/up-to-date\/news\/nbsp\/televisa_chooses_lawo_ip_and_ravenna_for_major_upgrade.html\">aqui<\/a>. Saiba mais ainda sobre a renova\u00e7\u00e3o da infraestrutura da <strong>Televisa<\/strong> <a href=\"https:\/\/www.avinteractive.com\/news\/broadcast\/televisa-chooses-lawo-ip-ravenna-major-upgrade-24-04-2019\/?fbclid=IwAR1Iv1uAZosq4gTEju0cMX1GubJd7NAYZm1PxpXNTSVZqea5mHupZWY14WU\">aqui<\/a>, <a href=\"https:\/\/www.tvtechnology.com\/equipment\/facility-upgrades-at-televisa-feature-lawo-ip-gear\">aqui<\/a>, <a href=\"https:\/\/www.prosoundnetwork.com\/post-and-broadcast\/televisa-undertakes-lawo-upgrade\">aqui<\/a> e <a href=\"http:\/\/tmbroadcast.com\/index.php\/tag\/lawo\/\">aqui<\/a>.<\/p>\n\n\n\n<p>Saiba mais sobre a <strong>LAWO<\/strong> e todos estes produtos <a href=\"http:\/\/lawo.com\">aqui<\/a>.<\/p>\n\n\n\n<p><a href=\"http:\/\/avantools.pt\/contacts.html\">Consulte-nos<\/a> para mais informa\u00e7\u00f5es.<\/p>\n\n\n\n<figure class=\"wp-block-image\"><img data-recalc-dims=\"1\" loading=\"lazy\" decoding=\"async\" width=\"74\" height=\"74\" src=\"https:\/\/i0.wp.com\/news.avantools.pt\/wp-content\/uploads\/2014\/03\/lawo_logo.png?resize=74%2C74&#038;ssl=1\" alt=\"\" class=\"wp-image-397\"\/><\/figure>\n\n\n\n<hr class=\"wp-block-separator\"\/>\n","protected":false},"excerpt":{"rendered":"<p>O maior grupo de multim\u00e9dia sul americano, a mexicana Televisa, escolheu uma solu\u00e7\u00e3o integral LAWO para a renova\u00e7\u00e3o da sua base de opera\u00e7\u00f5es em San \u00c1ngel. Na base da escolha recaiu a conformidade da LAWO aos actuais protocolos da ind\u00fastria. Em harmonia com o presente e preparada para o futuro. \u00c0 Televisa n\u00e3o \u00e9 estranha &hellip; <\/p>\n<p class=\"link-more\"><a href=\"https:\/\/news.avantools.pt\/?p=1960\" class=\"more-link\">Continuar a ler <span class=\"screen-reader-text\">&#8220;Televisa escolhe LAWO&#8221;<\/span><\/a><\/p>\n","protected":false},"author":2,"featured_media":0,"comment_status":"closed","ping_status":"open","sticky":false,"template":"","format":"standard","meta":{"_jetpack_memberships_contains_paid_content":false,"footnotes":"","_links_to":"","_links_to_target":""},"categories":[92,266],"tags":[305,150,2,34,82,148,277],"class_list":["post-1960","post","type-post","status-publish","format-standard","hentry","category-broadcast","category-televisao","tag-compact-i-o","tag-dallis-i-o","tag-lawo","tag-mc36","tag-mc56","tag-mc66","tag-nova73hd"],"jetpack_featured_media_url":"","jetpack_sharing_enabled":true,"_links":{"self":[{"href":"https:\/\/news.avantools.pt\/index.php?rest_route=\/wp\/v2\/posts\/1960","targetHints":{"allow":["GET"]}}],"collection":[{"href":"https:\/\/news.avantools.pt\/index.php?rest_route=\/wp\/v2\/posts"}],"about":[{"href":"https:\/\/news.avantools.pt\/index.php?rest_route=\/wp\/v2\/types\/post"}],"author":[{"embeddable":true,"href":"https:\/\/news.avantools.pt\/index.php?rest_route=\/wp\/v2\/users\/2"}],"replies":[{"embeddable":true,"href":"https:\/\/news.avantools.pt\/index.php?rest_route=%2Fwp%2Fv2%2Fcomments&post=1960"}],"version-history":[{"count":9,"href":"https:\/\/news.avantools.pt\/index.php?rest_route=\/wp\/v2\/posts\/1960\/revisions"}],"predecessor-version":[{"id":1970,"href":"https:\/\/news.avantools.pt\/index.php?rest_route=\/wp\/v2\/posts\/1960\/revisions\/1970"}],"wp:attachment":[{"href":"https:\/\/news.avantools.pt\/index.php?rest_route=%2Fwp%2Fv2%2Fmedia&parent=1960"}],"wp:term":[{"taxonomy":"category","embeddable":true,"href":"https:\/\/news.avantools.pt\/index.php?rest_route=%2Fwp%2Fv2%2Fcategories&post=1960"},{"taxonomy":"post_tag","embeddable":true,"href":"https:\/\/news.avantools.pt\/index.php?rest_route=%2Fwp%2Fv2%2Ftags&post=1960"}],"curies":[{"name":"wp","href":"https:\/\/api.w.org\/{rel}","templated":true}]}}