{"id":199,"date":"2015-06-12T00:00:00","date_gmt":"2015-06-11T23:00:00","guid":{"rendered":"http:\/\/avantools.pt\/noticias\/lawo-no-festival-eurovisao-2015"},"modified":"2021-05-28T21:29:45","modified_gmt":"2021-05-28T20:29:45","slug":"lawo-no-festival-eurovisao-2015","status":"publish","type":"post","link":"https:\/\/news.avantools.pt\/?p=199","title":{"rendered":"Lawo no Festival Eurovis\u00e3o 2015"},"content":{"rendered":"<p>\u00c1udio sobre IP foi a solu\u00e7\u00e3o. No<em> Festival da Can\u00e7\u00e3o\u00a0Eurovis\u00e3o 2015<\/em> a <strong>LAWO<\/strong> ditou as regras.<\/p>\n<p style=\"text-align: center;\"><img data-recalc-dims=\"1\" loading=\"lazy\" decoding=\"async\" class=\"alignnone  wp-image-4176\" src=\"https:\/\/i0.wp.com\/news.avantools.pt\/wp-content\/uploads\/2015\/06\/16_0158_hr_live-production_esc-vienna-2015_photo-ralphlarmann_com_509a2305.jpg?resize=525%2C296&#038;ssl=1\" alt=\"\" width=\"525\" height=\"296\" srcset=\"https:\/\/i0.wp.com\/news.avantools.pt\/wp-content\/uploads\/2015\/06\/16_0158_hr_live-production_esc-vienna-2015_photo-ralphlarmann_com_509a2305.jpg?resize=300%2C169&amp;ssl=1 300w, https:\/\/i0.wp.com\/news.avantools.pt\/wp-content\/uploads\/2015\/06\/16_0158_hr_live-production_esc-vienna-2015_photo-ralphlarmann_com_509a2305.jpg?resize=768%2C433&amp;ssl=1 768w, https:\/\/i0.wp.com\/news.avantools.pt\/wp-content\/uploads\/2015\/06\/16_0158_hr_live-production_esc-vienna-2015_photo-ralphlarmann_com_509a2305.jpg?w=800&amp;ssl=1 800w\" sizes=\"auto, (max-width: 525px) 100vw, 525px\" \/><\/p>\n<p>O sinal \u00e1udio passou por uma infraestrutura assente no standard IP RAVENNA\/AES67, pela primeira vez no caso de um evento transmitido pela Eurovis\u00e3ao. Tanto a matriz \u00e1udio Nova 73 da Lawo \u2013 incluindo todos os sistemas DALLIS I\/O utilizados pelo\u00a0 broadcast SP da ORF, a VideoHouse \u2013 como a distribui\u00e7\u00e3o do coment\u00e1rio video e \u00e1udio da solu\u00e7\u00e3o Lawo assentaram num sistema de <em>IP networking<\/em>.<\/p>\n<p>Saiba mais sobre este evento <a title=\"Lawo Eurovisao\" href=\"https:\/\/www.lawo.com\/up-to-date\/news\/nbsp\/esc_en.html\">aqui<\/a>. Consulte-nos para saber <a href=\"\/contacts.html\">ainda mais<\/a> sobre a <strong>LAWO<\/strong> e a suas solu\u00e7\u00f5es.<\/p>\n<p><img data-recalc-dims=\"1\" decoding=\"async\" class=\"alignright\" src=\"https:\/\/i0.wp.com\/wwwavantoolseu.worldsecuresystems.com\/images\/Logos\/lawo-60px.png?w=525&#038;ssl=1\" \/><\/p>\n<p style=\"text-align: right;\">\n<hr \/>\n","protected":false},"excerpt":{"rendered":"<p>\u00c1udio sobre IP foi a solu\u00e7\u00e3o. No Festival da Can\u00e7\u00e3o\u00a0Eurovis\u00e3o 2015 a LAWO ditou as regras. O sinal \u00e1udio passou por uma infraestrutura assente no standard IP RAVENNA\/AES67, pela primeira vez no caso de um evento transmitido pela Eurovis\u00e3ao. Tanto a matriz \u00e1udio Nova 73 da Lawo \u2013 incluindo todos os sistemas DALLIS I\/O utilizados &hellip; <\/p>\n<p class=\"link-more\"><a href=\"https:\/\/news.avantools.pt\/?p=199\" class=\"more-link\">Continuar a ler <span class=\"screen-reader-text\">&#8220;Lawo no Festival Eurovis\u00e3o 2015&#8221;<\/span><\/a><\/p>\n","protected":false},"author":2,"featured_media":0,"comment_status":"open","ping_status":"open","sticky":false,"template":"","format":"standard","meta":{"_jetpack_memberships_contains_paid_content":false,"footnotes":"","_links_to":"","_links_to_target":""},"categories":[96],"tags":[19,150,2,181,26],"class_list":["post-199","post","type-post","status-publish","format-standard","hentry","category-video","tag-aoip","tag-dallis-i-o","tag-lawo","tag-nova-73","tag-ravenna"],"jetpack_featured_media_url":"","jetpack_sharing_enabled":true,"_links":{"self":[{"href":"https:\/\/news.avantools.pt\/index.php?rest_route=\/wp\/v2\/posts\/199","targetHints":{"allow":["GET"]}}],"collection":[{"href":"https:\/\/news.avantools.pt\/index.php?rest_route=\/wp\/v2\/posts"}],"about":[{"href":"https:\/\/news.avantools.pt\/index.php?rest_route=\/wp\/v2\/types\/post"}],"author":[{"embeddable":true,"href":"https:\/\/news.avantools.pt\/index.php?rest_route=\/wp\/v2\/users\/2"}],"replies":[{"embeddable":true,"href":"https:\/\/news.avantools.pt\/index.php?rest_route=%2Fwp%2Fv2%2Fcomments&post=199"}],"version-history":[{"count":2,"href":"https:\/\/news.avantools.pt\/index.php?rest_route=\/wp\/v2\/posts\/199\/revisions"}],"predecessor-version":[{"id":4178,"href":"https:\/\/news.avantools.pt\/index.php?rest_route=\/wp\/v2\/posts\/199\/revisions\/4178"}],"wp:attachment":[{"href":"https:\/\/news.avantools.pt\/index.php?rest_route=%2Fwp%2Fv2%2Fmedia&parent=199"}],"wp:term":[{"taxonomy":"category","embeddable":true,"href":"https:\/\/news.avantools.pt\/index.php?rest_route=%2Fwp%2Fv2%2Fcategories&post=199"},{"taxonomy":"post_tag","embeddable":true,"href":"https:\/\/news.avantools.pt\/index.php?rest_route=%2Fwp%2Fv2%2Ftags&post=199"}],"curies":[{"name":"wp","href":"https:\/\/api.w.org\/{rel}","templated":true}]}}