{"id":20,"date":"2017-06-09T00:00:00","date_gmt":"2017-06-08T23:00:00","guid":{"rendered":"http:\/\/avantools.pt\/noticias\/a-riedel-triunfa-na-formula-1"},"modified":"2018-04-03T18:42:21","modified_gmt":"2018-04-03T17:42:21","slug":"a-riedel-triunfa-na-formula-1","status":"publish","type":"post","link":"https:\/\/news.avantools.pt\/?p=20","title":{"rendered":"A Riedel triunfa na F\u00f3rmula 1"},"content":{"rendered":"<p>Por detr\u00e1s da atmosfera electrizante, do cheiro da gasolina e do ru\u00eddo dos motores da <strong><strong><strong>F\u00f3rmula 1<\/strong><\/strong> <\/strong>est\u00e1 um mundo de alta tecnologia. Aqui \u00e9 a <strong><strong><strong>RIEDEL<\/strong><\/strong><br \/>\n<\/strong> que est\u00e1 na <em>pole position<\/em>.<\/p>\n<p><img data-recalc-dims=\"1\" decoding=\"async\" class=\"aligncenter\" src=\"https:\/\/i0.wp.com\/wwwavantoolseu.worldsecuresystems.com\/images\/RiedelF1Bahrein.png?w=525&#038;ssl=1\"  \/><img data-recalc-dims=\"1\" decoding=\"async\" class=\"aligncenter\" src=\"https:\/\/i0.wp.com\/wwwavantoolseu.worldsecuresystems.com\/images\/Formula-1-Command-2-web.jpg?w=525&#038;ssl=1\"  \/><\/p>\n<p>Antes de cada prova do calend\u00e1rio da <strong><a title=\"riedel F1\" href=\"https:\/\/www.formula1.com\/\" target=\"_blank\" rel=\"noopener\">F\u00f3rmula 1<\/a><\/strong>, a <strong>RIEDEL<\/strong> instala um rede de fibra que contitui a base de todas as comunica\u00e7\u00f5es do evento. Esta rede, desenhada segundo as especifica\u00e7\u00f5es mais apertadas, atravessa todo<br \/>\no recinto onde decorrem as provas: atravessa o <em><em>pitwall<\/em><\/em>, as <em><em>boxes<\/em><\/em> das equipa, a torre de controlo e o complexo de televis\u00e3o. S\u00e3o 12 a 18 km de cabo, instalados na semana anterior \u00e0 corrida.<\/p>\n<p><img data-recalc-dims=\"1\" decoding=\"async\" class=\"aligncenter\" src=\"https:\/\/i0.wp.com\/wwwavantoolseu.worldsecuresystems.com\/images\/RiedelF1.png?w=525&#038;ssl=1\"  \/><\/p>\n<p>Este espinha dorsal de fibra \u00e9 usada para toda a comunica\u00e7\u00e3o dentro do evento e, atrav\u00e9s do <em><em>hub<\/em><\/em> da empresa em Frankfurt, para o mundo.<\/p>\n<p>Por a\u00ed passa toda a transmiss\u00e3o de dados, \u00e1udio e video, atrav\u00e9s de um sistema <strong><a title=\"Artist\" href=\"https:\/\/www.riedel.net\/en\/products\/intercom\/artist-digital-matrix-intercom\/\" target=\"_blank\" rel=\"noopener\">Artist<\/a><\/strong> da <strong>RIEDEL<\/strong> com 32, 64 e 128 <em>ports<\/em>.<\/p>\n<p>Veja tudo em detalhe <a title=\"riedel F1\" href=\"http:\/\/www.digitalstudiome.com\/article-11048-riedel-in-the-fast-lane-with-formula-one\/\" target=\"_blank\" rel=\"noopener\">aqui<\/a>.<\/p>\n<p>Venha <a href=\"\/contacts.html\">ter connosco<\/a> e saiba mais sobre a Riedel e as suas solu\u00e7\u00f5es.<\/p>\n<p>&nbsp;<\/p>\n<p style=\"text-align: right;\"><img decoding=\"async\" src=\"\/images\/2012_logo.png\" \/><\/p>\n<hr \/>\n<p style=\"text-align: right;\">\n","protected":false},"excerpt":{"rendered":"<p>Por detr\u00e1s da atmosfera electrizante, do cheiro da gasolina e do ru\u00eddo dos motores da F\u00f3rmula 1 est\u00e1 um mundo de alta tecnologia. Aqui \u00e9 a RIEDEL que est\u00e1 na pole position. Antes de cada prova do calend\u00e1rio da F\u00f3rmula 1, a RIEDEL instala um rede de fibra que contitui a base de todas as &hellip; <\/p>\n<p class=\"link-more\"><a href=\"https:\/\/news.avantools.pt\/?p=20\" class=\"more-link\">Continuar a ler <span class=\"screen-reader-text\">&#8220;A Riedel triunfa na F\u00f3rmula 1&#8221;<\/span><\/a><\/p>\n","protected":false},"author":2,"featured_media":0,"comment_status":"open","ping_status":"open","sticky":false,"template":"","format":"standard","meta":{"_jetpack_memberships_contains_paid_content":false,"footnotes":"","_links_to":"","_links_to_target":""},"categories":[92],"tags":[49,283,9],"class_list":["post-20","post","type-post","status-publish","format-standard","hentry","category-broadcast","tag-artist","tag-f1","tag-riedel"],"jetpack_featured_media_url":"","jetpack_sharing_enabled":true,"_links":{"self":[{"href":"https:\/\/news.avantools.pt\/index.php?rest_route=\/wp\/v2\/posts\/20","targetHints":{"allow":["GET"]}}],"collection":[{"href":"https:\/\/news.avantools.pt\/index.php?rest_route=\/wp\/v2\/posts"}],"about":[{"href":"https:\/\/news.avantools.pt\/index.php?rest_route=\/wp\/v2\/types\/post"}],"author":[{"embeddable":true,"href":"https:\/\/news.avantools.pt\/index.php?rest_route=\/wp\/v2\/users\/2"}],"replies":[{"embeddable":true,"href":"https:\/\/news.avantools.pt\/index.php?rest_route=%2Fwp%2Fv2%2Fcomments&post=20"}],"version-history":[{"count":2,"href":"https:\/\/news.avantools.pt\/index.php?rest_route=\/wp\/v2\/posts\/20\/revisions"}],"predecessor-version":[{"id":1181,"href":"https:\/\/news.avantools.pt\/index.php?rest_route=\/wp\/v2\/posts\/20\/revisions\/1181"}],"wp:attachment":[{"href":"https:\/\/news.avantools.pt\/index.php?rest_route=%2Fwp%2Fv2%2Fmedia&parent=20"}],"wp:term":[{"taxonomy":"category","embeddable":true,"href":"https:\/\/news.avantools.pt\/index.php?rest_route=%2Fwp%2Fv2%2Fcategories&post=20"},{"taxonomy":"post_tag","embeddable":true,"href":"https:\/\/news.avantools.pt\/index.php?rest_route=%2Fwp%2Fv2%2Ftags&post=20"}],"curies":[{"name":"wp","href":"https:\/\/api.w.org\/{rel}","templated":true}]}}