{"id":2098,"date":"2019-06-03T00:41:16","date_gmt":"2019-06-02T23:41:16","guid":{"rendered":"http:\/\/news.avantools.pt\/?p=2098"},"modified":"2019-06-03T01:41:42","modified_gmt":"2019-06-03T00:41:42","slug":"a-dupla-de-sucesso","status":"publish","type":"post","link":"https:\/\/news.avantools.pt\/?p=2098","title":{"rendered":"A dupla de sucesso"},"content":{"rendered":"\n<p>O mundo est\u00e1 em mudan\u00e7a e os meios para fazer chegar a informa\u00e7\u00e3o sobre essa mudan\u00e7a ao mundo tamb\u00e9m est\u00e3o a mudar. As redes digitais conquistam espa\u00e7o na circula\u00e7\u00e3o da informa\u00e7\u00e3o e na comunica\u00e7\u00e3o. Com base nelas, o transporte de sinal e a intercomunica\u00e7\u00e3o s\u00e3o opera\u00e7\u00f5es que podem ser feitas hoje sem os atropelos e as dificuldades de antigamente. S\u00e3o opera\u00e7\u00f5es globais, baseadas exactamente nos mesmo meios, seja do est\u00fadio para a r\u00e9gie ou de continente para continente. A <strong>RIEDEL<\/strong> tem as solu\u00e7\u00f5es.<\/p>\n\n\n\n<figure class=\"wp-block-image\"><img data-recalc-dims=\"1\" loading=\"lazy\" decoding=\"async\" width=\"525\" height=\"248\" src=\"https:\/\/i0.wp.com\/news.avantools.pt\/wp-content\/uploads\/2019\/06\/csm_-IMG_20190329_203509_2f931ac606.jpg?resize=525%2C248&#038;ssl=1\" alt=\"\" class=\"wp-image-2101\" srcset=\"https:\/\/i0.wp.com\/news.avantools.pt\/wp-content\/uploads\/2019\/06\/csm_-IMG_20190329_203509_2f931ac606.jpg?resize=1024%2C484&amp;ssl=1 1024w, https:\/\/i0.wp.com\/news.avantools.pt\/wp-content\/uploads\/2019\/06\/csm_-IMG_20190329_203509_2f931ac606.jpg?resize=300%2C142&amp;ssl=1 300w, https:\/\/i0.wp.com\/news.avantools.pt\/wp-content\/uploads\/2019\/06\/csm_-IMG_20190329_203509_2f931ac606.jpg?resize=768%2C363&amp;ssl=1 768w, https:\/\/i0.wp.com\/news.avantools.pt\/wp-content\/uploads\/2019\/06\/csm_-IMG_20190329_203509_2f931ac606.jpg?w=1920&amp;ssl=1 1920w, https:\/\/i0.wp.com\/news.avantools.pt\/wp-content\/uploads\/2019\/06\/csm_-IMG_20190329_203509_2f931ac606.jpg?w=1575&amp;ssl=1 1575w\" sizes=\"auto, (max-width: 767px) 89vw, (max-width: 1000px) 54vw, (max-width: 1071px) 543px, 580px\" \/><figcaption>A dinamarquesa Fjord Film esco;heu uma solu\u00e7\u00e3o RIEDEL<\/figcaption><\/figure>\n\n\n\n<p>Seja num est\u00fadio ou num est\u00e1dio, numa sala de concertos ou num grande navio de cruzeiro, entre um teatro e um carro de exteriores ou do <em>paddock<\/em> para o<em> cockpit<\/em> de um carro de F\u00f3rmula 1, complexas redes de m\u00eddia s\u00e3o hoje indispens\u00e1veis para lidar com as complexidades do transporte de sinal de video, \u00e1udio e dados em tempo real. Ao mesmo tempo, a infraestrutura que permite este transporte \u00e9 a mesma que vai servir de base \u00e0 intercomunica\u00e7\u00e3o entre todos os que interv\u00eam na gera\u00e7\u00e3o e processamento desses sinais e dados. Tudo isto tem que obedecer aos mais altos padr\u00f5es de qualidade e ser fi\u00e1vel. N\u00e3o pode estar abaixo dos <em>standards<\/em> da ind\u00fastria e n\u00e3o pode falhar. O <em>broadcast<\/em>, por exemplo, assentou durante muito tempo em complicadas, fr\u00e1geis e pouco flex\u00edveis redes anal\u00f3gicas. \u00c0 medida que os padr\u00f5es se elevaram e que a comunica\u00e7\u00e3o entrou verdadeiramente na era da globaiza\u00e7\u00e3o, essas redes mostraram-se limitadas e revelaram-se incapazes de lidar com as novas exig\u00eancias dos tempos.<\/p>\n\n\n\n<p>A <strong>RIEDEL<\/strong> trabalha desde h\u00e1 30 anos na concep\u00e7\u00e3o e produ\u00e7\u00e3o de equipamento que serve esta nova era. Todos este anos d\u00e3o-lhe a base que a  elevou \u00e0 posi\u00e7\u00e3o de vanguarda que ocupa hoje neste campo.<\/p>\n\n\n\n<div class=\"wp-block-image\"><figure class=\"alignleft is-resized\"><img data-recalc-dims=\"1\" loading=\"lazy\" decoding=\"async\" src=\"https:\/\/i0.wp.com\/news.avantools.pt\/wp-content\/uploads\/2019\/06\/IMG_20190329_170747.jpg?resize=251%2C334&#038;ssl=1\" alt=\"\" class=\"wp-image-2102\" width=\"251\" height=\"334\" srcset=\"https:\/\/i0.wp.com\/news.avantools.pt\/wp-content\/uploads\/2019\/06\/IMG_20190329_170747.jpg?resize=768%2C1024&amp;ssl=1 768w, https:\/\/i0.wp.com\/news.avantools.pt\/wp-content\/uploads\/2019\/06\/IMG_20190329_170747.jpg?resize=225%2C300&amp;ssl=1 225w, https:\/\/i0.wp.com\/news.avantools.pt\/wp-content\/uploads\/2019\/06\/IMG_20190329_170747.jpg?w=1053&amp;ssl=1 1053w\" sizes=\"auto, (max-width: 251px) 100vw, 251px\" \/><\/figure><\/div>\n\n\n\n<p>A solu\u00e7\u00e3o <a href=\"https:\/\/www.riedel.net\/products\/media-networks\/\">MEDIORNET<\/a> oferecida pela <strong>RIEDEL<\/strong> para transporte de sinal, combina processamento e convers\u00e3o, numa rede redundante a operar em tempo real. Em vez de um <em>router<\/em> central, a rede baseia-se num conjunto de m\u00f3dulos de rede descentralizados e nodos inteligentes. A intelig\u00eancia do sistema assim distribu\u00eddo permite a utiliza\u00e7\u00e3o de entradas e sa\u00eddas f\u00edsicas, consoante as necessidades. Isto aumenta a flexibilidade de qualquer instala\u00e7\u00e3o e reduz significativamente a cablagem e o tempo de montagem.<\/p>\n\n\n\n<p>A <a href=\"https:\/\/www.riedel.net\/products\/intercom\/artist\/hardware\/\">ARTIST<\/a>, por sua vez, \u00e9 a solu\u00e7\u00e3o oferecida pela <strong>RIEDEL<\/strong> de rede digital de intercomunica\u00e7\u00e3o, escal\u00e1vel, que proporciona comunica\u00e7\u00e3o fi\u00e1vel e distribui\u00e7\u00e3o de sinal \u00e1udio para aplica\u00e7\u00e3o em qualquer instala\u00e7\u00e3o de \u00e1udio ou intercomunica\u00e7\u00e3o.<\/p>\n\n\n\n<div class=\"wp-block-image\"><figure class=\"alignright is-resized\"><img data-recalc-dims=\"1\" loading=\"lazy\" decoding=\"async\" src=\"https:\/\/i0.wp.com\/news.avantools.pt\/wp-content\/uploads\/2019\/06\/csm_-IMG_20190329_175708_4edab915b2.jpg?resize=382%2C180&#038;ssl=1\" alt=\"\" class=\"wp-image-2103\" width=\"382\" height=\"180\" srcset=\"https:\/\/i0.wp.com\/news.avantools.pt\/wp-content\/uploads\/2019\/06\/csm_-IMG_20190329_175708_4edab915b2.jpg?resize=1024%2C484&amp;ssl=1 1024w, https:\/\/i0.wp.com\/news.avantools.pt\/wp-content\/uploads\/2019\/06\/csm_-IMG_20190329_175708_4edab915b2.jpg?resize=300%2C142&amp;ssl=1 300w, https:\/\/i0.wp.com\/news.avantools.pt\/wp-content\/uploads\/2019\/06\/csm_-IMG_20190329_175708_4edab915b2.jpg?resize=768%2C363&amp;ssl=1 768w, https:\/\/i0.wp.com\/news.avantools.pt\/wp-content\/uploads\/2019\/06\/csm_-IMG_20190329_175708_4edab915b2.jpg?w=1920&amp;ssl=1 1920w, https:\/\/i0.wp.com\/news.avantools.pt\/wp-content\/uploads\/2019\/06\/csm_-IMG_20190329_175708_4edab915b2.jpg?w=1575&amp;ssl=1 1575w\" sizes=\"auto, (max-width: 382px) 100vw, 382px\" \/><\/figure><\/div>\n\n\n\n<p>Juntas, a ARTIST e a MEDIORNET constituem a solu\u00e7\u00e3o mais poderosa para qualquer tipo de necessidade de transporte de sinal e de intercomunica\u00e7\u00e3o, no mais exigente dos ambientes. A RIEDEL exibe, neste dom\u00ednio um invej\u00e1vel curr\u00edculo. Desde a F\u00f3rmula 1, ao navio Anthem of the Seas, da BBC aos Jogos Ol\u00edmpicos. Do grande projecto \u00e0 escala planet\u00e1ria, \u00e0 pequena sala de concertos ou ao pequeno est\u00fadio de televis\u00e3o.<\/p>\n\n\n\n<p>Veja <a href=\"https:\/\/www.riedel.net\/news\/news-detail\/mediornet-and-artist-form-unified-signal-transport-core-for-fjord-film\/\">aqui<\/a> a recente aplica\u00e7\u00e3o de uma solu\u00e7\u00e3o MEDIORNET-ARTIST para a produtora dinamarquesa FJORD FILMS.<\/p>\n\n\n\n<p>Saiba mais sobre a <strong>RIEDEL<\/strong> e as suas solu\u00e7\u00f5es <a href=\"https:\/\/www.riedel.net\/\">aqui<\/a>. <\/p>\n\n\n\n<p><a href=\"http:\/\/avantools.pt\/contacts.html\">Venha falar connosco<\/a> para ficar a saber mais ainda sobre a <strong>RIEDEL<\/strong> e sobre as solu\u00e7\u00f5es temos para si.<\/p>\n\n\n\n<figure class=\"wp-block-image is-resized\"><img data-recalc-dims=\"1\" loading=\"lazy\" decoding=\"async\" src=\"https:\/\/i0.wp.com\/news.avantools.pt\/wp-content\/uploads\/2018\/11\/Riedel_Logo.png?resize=386%2C114&#038;ssl=1\" alt=\"\" class=\"wp-image-1634\" width=\"386\" height=\"114\" srcset=\"https:\/\/i0.wp.com\/news.avantools.pt\/wp-content\/uploads\/2018\/11\/Riedel_Logo.png?resize=1024%2C302&amp;ssl=1 1024w, https:\/\/i0.wp.com\/news.avantools.pt\/wp-content\/uploads\/2018\/11\/Riedel_Logo.png?resize=300%2C88&amp;ssl=1 300w, https:\/\/i0.wp.com\/news.avantools.pt\/wp-content\/uploads\/2018\/11\/Riedel_Logo.png?resize=768%2C226&amp;ssl=1 768w, https:\/\/i0.wp.com\/news.avantools.pt\/wp-content\/uploads\/2018\/11\/Riedel_Logo.png?w=1280&amp;ssl=1 1280w\" sizes=\"auto, (max-width: 386px) 100vw, 386px\" \/><\/figure>\n\n\n\n<hr class=\"wp-block-separator\"\/>\n","protected":false},"excerpt":{"rendered":"<p>O mundo est\u00e1 em mudan\u00e7a e os meios para fazer chegar a informa\u00e7\u00e3o sobre essa mudan\u00e7a ao mundo tamb\u00e9m est\u00e3o a mudar. As redes digitais conquistam espa\u00e7o na circula\u00e7\u00e3o da informa\u00e7\u00e3o e na comunica\u00e7\u00e3o. Com base nelas, o transporte de sinal e a intercomunica\u00e7\u00e3o s\u00e3o opera\u00e7\u00f5es que podem ser feitas hoje sem os atropelos e &hellip; <\/p>\n<p class=\"link-more\"><a href=\"https:\/\/news.avantools.pt\/?p=2098\" class=\"more-link\">Continuar a ler <span class=\"screen-reader-text\">&#8220;A dupla de sucesso&#8221;<\/span><\/a><\/p>\n","protected":false},"author":2,"featured_media":0,"comment_status":"closed","ping_status":"open","sticky":false,"template":"","format":"standard","meta":{"_jetpack_memberships_contains_paid_content":false,"footnotes":"","_links_to":"","_links_to_target":""},"categories":[92,95,93,266],"tags":[49,85,9],"class_list":["post-2098","post","type-post","status-publish","format-standard","hentry","category-broadcast","category-live","category-radio","category-televisao","tag-artist","tag-mediornet","tag-riedel"],"jetpack_featured_media_url":"","jetpack_sharing_enabled":true,"_links":{"self":[{"href":"https:\/\/news.avantools.pt\/index.php?rest_route=\/wp\/v2\/posts\/2098","targetHints":{"allow":["GET"]}}],"collection":[{"href":"https:\/\/news.avantools.pt\/index.php?rest_route=\/wp\/v2\/posts"}],"about":[{"href":"https:\/\/news.avantools.pt\/index.php?rest_route=\/wp\/v2\/types\/post"}],"author":[{"embeddable":true,"href":"https:\/\/news.avantools.pt\/index.php?rest_route=\/wp\/v2\/users\/2"}],"replies":[{"embeddable":true,"href":"https:\/\/news.avantools.pt\/index.php?rest_route=%2Fwp%2Fv2%2Fcomments&post=2098"}],"version-history":[{"count":11,"href":"https:\/\/news.avantools.pt\/index.php?rest_route=\/wp\/v2\/posts\/2098\/revisions"}],"predecessor-version":[{"id":2114,"href":"https:\/\/news.avantools.pt\/index.php?rest_route=\/wp\/v2\/posts\/2098\/revisions\/2114"}],"wp:attachment":[{"href":"https:\/\/news.avantools.pt\/index.php?rest_route=%2Fwp%2Fv2%2Fmedia&parent=2098"}],"wp:term":[{"taxonomy":"category","embeddable":true,"href":"https:\/\/news.avantools.pt\/index.php?rest_route=%2Fwp%2Fv2%2Fcategories&post=2098"},{"taxonomy":"post_tag","embeddable":true,"href":"https:\/\/news.avantools.pt\/index.php?rest_route=%2Fwp%2Fv2%2Ftags&post=2098"}],"curies":[{"name":"wp","href":"https:\/\/api.w.org\/{rel}","templated":true}]}}