{"id":219,"date":"2017-10-20T12:29:00","date_gmt":"2017-10-20T11:29:00","guid":{"rendered":"http:\/\/avantools.pt\/noticias\/onde-quer-que-esteja"},"modified":"2021-11-13T17:59:01","modified_gmt":"2021-11-13T17:59:01","slug":"onde-quer-que-esteja","status":"publish","type":"post","link":"https:\/\/news.avantools.pt\/?p=219","title":{"rendered":"Onde quer que esteja"},"content":{"rendered":"<p>O velho Television Centre (TVC) da BBC, em Londres, est\u00e1 de novo activo. Deu agora lugar a um moderno centro de produ\u00e7\u00e3o. A palavra de ordem: comunica\u00e7\u00e3o total entre todos, em qualquer lado. Entra o <strong>Bolero<\/strong> de <strong>RIEDEL<\/strong>.<\/p>\n<p style=\"text-align: center;\"><img data-recalc-dims=\"1\" loading=\"lazy\" decoding=\"async\" class=\" wp-image-4795 aligncenter\" src=\"https:\/\/i0.wp.com\/news.avantools.pt\/wp-content\/uploads\/2017\/10\/tvc-studios.jpg?resize=525%2C345&#038;ssl=1\" alt=\"\" width=\"525\" height=\"345\" srcset=\"https:\/\/i0.wp.com\/news.avantools.pt\/wp-content\/uploads\/2017\/10\/tvc-studios.jpg?resize=300%2C197&amp;ssl=1 300w, https:\/\/i0.wp.com\/news.avantools.pt\/wp-content\/uploads\/2017\/10\/tvc-studios.jpg?resize=1024%2C674&amp;ssl=1 1024w, https:\/\/i0.wp.com\/news.avantools.pt\/wp-content\/uploads\/2017\/10\/tvc-studios.jpg?resize=768%2C506&amp;ssl=1 768w, https:\/\/i0.wp.com\/news.avantools.pt\/wp-content\/uploads\/2017\/10\/tvc-studios.jpg?w=1276&amp;ssl=1 1276w\" sizes=\"auto, (max-width: 525px) 100vw, 525px\" \/><\/p>\n<p>O espa\u00e7o conta agora com tr\u00eas est\u00fadios e a mir\u00edade de espa\u00e7os t\u00e9cnicos e de produ\u00e7\u00e3o adjacentes, e novos servi\u00e7os e apoios: apartamentos de luxo, um hotel, bares, restaurantes, um <em>spa<\/em> e um gin\u00e1sio.<\/p>\n<p>O <a title=\"tvc\" href=\"https:\/\/televisioncentre.com\/\" target=\"_blank\" rel=\"noopener\">vasto espa\u00e7o<\/a> \u00e9 gerido pela BBC Studioworks, uma entidade comercial, que o disponibiliza \u00e0 generalidade dos produtores, embora a BBC seja cliente certo. O equipamento tem, por consequ\u00eancia, de ser adequado e familiar \u00e0 diversidade de equipas que utiliza o TVC. Tem tamb\u00e9m de responder \u00e0s necessidades de comunica\u00e7\u00e3o, que decorrem de novos m\u00e9todos de produ\u00e7\u00e3o onde a forte mobilidade \u00e9 um dado fundamental.<\/p>\n<p style=\"text-align: center;\"><img data-recalc-dims=\"1\" loading=\"lazy\" decoding=\"async\" class=\"alignnone  wp-image-4796\" src=\"https:\/\/i0.wp.com\/news.avantools.pt\/wp-content\/uploads\/2017\/10\/TVC.jpg?resize=525%2C350&#038;ssl=1\" alt=\"\" width=\"525\" height=\"350\" srcset=\"https:\/\/i0.wp.com\/news.avantools.pt\/wp-content\/uploads\/2017\/10\/TVC.jpg?resize=300%2C200&amp;ssl=1 300w, https:\/\/i0.wp.com\/news.avantools.pt\/wp-content\/uploads\/2017\/10\/TVC.jpg?resize=768%2C512&amp;ssl=1 768w, https:\/\/i0.wp.com\/news.avantools.pt\/wp-content\/uploads\/2017\/10\/TVC.jpg?w=780&amp;ssl=1 780w\" sizes=\"auto, (max-width: 525px) 100vw, 525px\" \/><\/p>\n<p>A <strong><a href=\"https:\/\/www.riedel.net\/\">RIEDEL<\/a><\/strong> estava presente na Studioworks com o sistema <strong><a title=\"Artist\" href=\"https:\/\/www.riedel.net\/en\/products\/intercom\/artist-communications-platform\/\" target=\"_blank\" rel=\"noopener\">ARTIST<\/a><\/strong>, antes da mudan\u00e7a para o novo, velho centro. Este sistema proporcionava e proporciona a parte <em>hardwired<\/em> das comunica\u00e7\u00f5es. Mas as novas necessidades de produ\u00e7\u00e3o exigiram a integra\u00e7\u00e3o de um sistema de comunica\u00e7\u00e3o sem fios. O novo sistema <strong><a title=\"bolero\" href=\"https:\/\/www.riedel.net\/en\/products\/intercom\/bolero\/\" target=\"_blank\" rel=\"noopener\">BOLERO<\/a><\/strong>, tamb\u00e9m da <strong>RIEDEL<\/strong>, foi o escolhido. Os dois sistemas funcionam de modo totalmente integrado.<\/p>\n<p>Veja tudo sobre a nova infraestrutura do TVC <a title=\"tvc\" href=\"https:\/\/www.psneurope.com\/broadcast\/inside-bbc-television-centre\" target=\"_blank\" rel=\"noopener\">aqui<\/a>.<\/p>\n<p><a href=\"\/contacts.html\">Venha falar connosco<\/a>. Estudaremos juntos as suas necessidades de comunica\u00e7\u00e3o.<\/p>\n<p style=\"text-align: right;\"><img data-recalc-dims=\"1\" loading=\"lazy\" decoding=\"async\" class=\"alignnone size-medium wp-image-1263\" src=\"https:\/\/i0.wp.com\/news.avantools.pt\/wp-content\/uploads\/2018\/04\/riedel_4zu3_transparent.png?resize=300%2C169&#038;ssl=1\" alt=\"\" width=\"300\" height=\"169\" \/><\/p>\n<p style=\"text-align: right;\">\u00a0<\/p>\n\n\n<hr class=\"wp-block-separator is-style-wide\"\/>\n","protected":false},"excerpt":{"rendered":"<p>O velho Television Centre (TVC) da BBC, em Londres, est\u00e1 de novo activo. Deu agora lugar a um moderno centro de produ\u00e7\u00e3o. A palavra de ordem: comunica\u00e7\u00e3o total entre todos, em qualquer lado. Entra o Bolero de RIEDEL. O espa\u00e7o conta agora com tr\u00eas est\u00fadios e a mir\u00edade de espa\u00e7os t\u00e9cnicos e de produ\u00e7\u00e3o adjacentes, &hellip; <\/p>\n<p class=\"link-more\"><a href=\"https:\/\/news.avantools.pt\/?p=219\" class=\"more-link\">Continuar a ler <span class=\"screen-reader-text\">&#8220;Onde quer que esteja&#8221;<\/span><\/a><\/p>\n","protected":false},"author":2,"featured_media":0,"comment_status":"open","ping_status":"open","sticky":false,"template":"","format":"standard","meta":{"_jetpack_memberships_contains_paid_content":false,"footnotes":"","_links_to":"","_links_to_target":""},"categories":[92,94,96],"tags":[49,145,111,9,144],"class_list":["post-219","post","type-post","status-publish","format-standard","hentry","category-broadcast","category-studio","category-video","tag-artist","tag-bbc","tag-bolero","tag-riedel","tag-studioworks"],"jetpack_featured_media_url":"","jetpack_sharing_enabled":true,"_links":{"self":[{"href":"https:\/\/news.avantools.pt\/index.php?rest_route=\/wp\/v2\/posts\/219","targetHints":{"allow":["GET"]}}],"collection":[{"href":"https:\/\/news.avantools.pt\/index.php?rest_route=\/wp\/v2\/posts"}],"about":[{"href":"https:\/\/news.avantools.pt\/index.php?rest_route=\/wp\/v2\/types\/post"}],"author":[{"embeddable":true,"href":"https:\/\/news.avantools.pt\/index.php?rest_route=\/wp\/v2\/users\/2"}],"replies":[{"embeddable":true,"href":"https:\/\/news.avantools.pt\/index.php?rest_route=%2Fwp%2Fv2%2Fcomments&post=219"}],"version-history":[{"count":2,"href":"https:\/\/news.avantools.pt\/index.php?rest_route=\/wp\/v2\/posts\/219\/revisions"}],"predecessor-version":[{"id":4797,"href":"https:\/\/news.avantools.pt\/index.php?rest_route=\/wp\/v2\/posts\/219\/revisions\/4797"}],"wp:attachment":[{"href":"https:\/\/news.avantools.pt\/index.php?rest_route=%2Fwp%2Fv2%2Fmedia&parent=219"}],"wp:term":[{"taxonomy":"category","embeddable":true,"href":"https:\/\/news.avantools.pt\/index.php?rest_route=%2Fwp%2Fv2%2Fcategories&post=219"},{"taxonomy":"post_tag","embeddable":true,"href":"https:\/\/news.avantools.pt\/index.php?rest_route=%2Fwp%2Fv2%2Ftags&post=219"}],"curies":[{"name":"wp","href":"https:\/\/api.w.org\/{rel}","templated":true}]}}