{"id":230,"date":"2016-05-19T22:43:00","date_gmt":"2016-05-19T21:43:00","guid":{"rendered":"http:\/\/avantools.pt\/noticias\/o-protools-dock-esta-disponivel"},"modified":"2018-04-03T00:35:41","modified_gmt":"2018-04-02T23:35:41","slug":"o-protools-dock-esta-disponivel","status":"publish","type":"post","link":"https:\/\/news.avantools.pt\/?p=230","title":{"rendered":"O Protools Dock est\u00e1 dispon\u00edvel"},"content":{"rendered":"<p>O <strong>DOCK<\/strong> da <strong>AVID<\/strong> \u00e9 uma ferramenta simples de usar e tremendamente flex\u00edvel. Ganhe tudo com o Protools Dock. Pague menos.<\/p>\n<p>&nbsp;<\/p>\n<p><img data-recalc-dims=\"1\" decoding=\"async\" src=\"https:\/\/i0.wp.com\/wwwavantoolseu.worldsecuresystems.com\/images\/ProtoolsDock.jpeg?w=525&#038;ssl=1\"  \/><\/p>\n<p style=\"text-align: center;\">\n<p>&nbsp;<\/p>\n<p>Tem tudo a ganhar: combina\u00e7\u00e3o de opera\u00e7\u00e3o por touchscreen e t\u00e1ctil, controlo por touch screen expandido,<strong>\u00a0<\/strong>Eucon<strong>, <\/strong>integra\u00e7\u00e3o total com o <strong>Protools<\/strong>, f\u00e1cil edi\u00e7\u00e3o de par\u00e2metros, navega\u00e7\u00e3o personalizada por projecto, softkeys, automa\u00e7\u00e3o mais f\u00e1cil e muito mais.<\/p>\n<p>Tem tudo isto a ganhar e mais um pre\u00e7o imbat\u00edvel para toda esta quantidade de possibilidades.<\/p>\n<p>Est\u00e1 finalmente dispon\u00edvel.<\/p>\n<p>Saiba mais <a title=\"PT Dock\" href=\"http:\/\/www.avid.com\/products\/pro-tools-dock\" target=\"_blank\" rel=\"noopener\">aqui<\/a>.<\/p>\n<p>N\u00e3o \u00a0espere para saber mais.e\u00a0experimentar, <a href=\"\/contacts.html\">venha ter connosco<\/a>.<\/p>\n<p>&nbsp;<\/p>\n<p>&nbsp;<\/p>\n<p style=\"text-align: right;\"><img decoding=\"async\" src=\"\/images\/avid_technology_inc_-_logo.png\" \/><\/p>\n<hr \/>\n","protected":false},"excerpt":{"rendered":"<p>O DOCK da AVID \u00e9 uma ferramenta simples de usar e tremendamente flex\u00edvel. Ganhe tudo com o Protools Dock. Pague menos. &nbsp; &nbsp; Tem tudo a ganhar: combina\u00e7\u00e3o de opera\u00e7\u00e3o por touchscreen e t\u00e1ctil, controlo por touch screen expandido,\u00a0Eucon, integra\u00e7\u00e3o total com o Protools, f\u00e1cil edi\u00e7\u00e3o de par\u00e2metros, navega\u00e7\u00e3o personalizada por projecto, softkeys, automa\u00e7\u00e3o mais &hellip; <\/p>\n<p class=\"link-more\"><a href=\"https:\/\/news.avantools.pt\/?p=230\" class=\"more-link\">Continuar a ler <span class=\"screen-reader-text\">&#8220;O Protools Dock est\u00e1 dispon\u00edvel&#8221;<\/span><\/a><\/p>\n","protected":false},"author":2,"featured_media":0,"comment_status":"open","ping_status":"open","sticky":false,"template":"","format":"standard","meta":{"_jetpack_memberships_contains_paid_content":false,"footnotes":"","_links_to":"","_links_to_target":""},"categories":[94,1],"tags":[4,270,45,5],"class_list":["post-230","post","type-post","status-publish","format-standard","hentry","category-studio","category-uncategorised","tag-avid","tag-dock","tag-post-producao","tag-protools"],"jetpack_featured_media_url":"","jetpack_sharing_enabled":true,"_links":{"self":[{"href":"https:\/\/news.avantools.pt\/index.php?rest_route=\/wp\/v2\/posts\/230","targetHints":{"allow":["GET"]}}],"collection":[{"href":"https:\/\/news.avantools.pt\/index.php?rest_route=\/wp\/v2\/posts"}],"about":[{"href":"https:\/\/news.avantools.pt\/index.php?rest_route=\/wp\/v2\/types\/post"}],"author":[{"embeddable":true,"href":"https:\/\/news.avantools.pt\/index.php?rest_route=\/wp\/v2\/users\/2"}],"replies":[{"embeddable":true,"href":"https:\/\/news.avantools.pt\/index.php?rest_route=%2Fwp%2Fv2%2Fcomments&post=230"}],"version-history":[{"count":2,"href":"https:\/\/news.avantools.pt\/index.php?rest_route=\/wp\/v2\/posts\/230\/revisions"}],"predecessor-version":[{"id":992,"href":"https:\/\/news.avantools.pt\/index.php?rest_route=\/wp\/v2\/posts\/230\/revisions\/992"}],"wp:attachment":[{"href":"https:\/\/news.avantools.pt\/index.php?rest_route=%2Fwp%2Fv2%2Fmedia&parent=230"}],"wp:term":[{"taxonomy":"category","embeddable":true,"href":"https:\/\/news.avantools.pt\/index.php?rest_route=%2Fwp%2Fv2%2Fcategories&post=230"},{"taxonomy":"post_tag","embeddable":true,"href":"https:\/\/news.avantools.pt\/index.php?rest_route=%2Fwp%2Fv2%2Ftags&post=230"}],"curies":[{"name":"wp","href":"https:\/\/api.w.org\/{rel}","templated":true}]}}