{"id":231,"date":"2016-04-09T14:56:00","date_gmt":"2016-04-09T13:56:00","guid":{"rendered":"http:\/\/avantools.pt\/noticias\/protools-12-colaborar"},"modified":"2018-04-02T22:22:51","modified_gmt":"2018-04-02T21:22:51","slug":"protools-12-significa-colaborar","status":"publish","type":"post","link":"https:\/\/news.avantools.pt\/?p=231","title":{"rendered":"Protools 12 significa colaborar"},"content":{"rendered":"<p>Colaborar parece ser a palavra chave, a palavra que domina o conceito da nova vers\u00e3o do <strong>Protools<\/strong>. A m\u00fasica \u00e9 um processo iminentemente colaborativo e o novo <strong>Protools<\/strong> \u00e9 uma moderna \u00a0ferramenta de produ\u00e7\u00e3o, sem d\u00favida a que melhor traduz esse esp\u00edrito.<\/p>\n<p><img data-recalc-dims=\"1\" decoding=\"async\" class=\"aligncenter\" src=\"https:\/\/i0.wp.com\/wwwavantoolseu.worldsecuresystems.com\/2016-03-31-avid-cloud-collaboration-1280x720.jpg?w=512&#038;ssl=1\"  \/><\/p>\n<p>Se bem que o <strong>Protools 12<\/strong> mantenha muitas das caracter\u00edsticas do seu predecessor, o Protools 11, a nova vers\u00e3o introduz um conceito radicalmente novo e constitui a \u00fanica ferramenta dispon\u00edvel no mercado a disponibiliz\u00e1-la. N\u00e3o \u00e9 pormenor de somenos.<\/p>\n<p>Chama-se <em>Cloud Collaboration<\/em>, constitui uma verdadeira revolu\u00e7\u00e3o e permite concretizar um velho sonho: permitir a colabora\u00e7\u00e3o entre agentes produtores<br \/>\nde m\u00fasica, compositores, m\u00fasicos, engenheiros de som, produtores, sem o, por vezes, inibidor constrangimento da presen\u00e7a f\u00edsica. O c\u00e9u \u00e9 mesmo o limite, a partir de agora, a cria\u00e7\u00e3o nos dom\u00ednios da m\u00fasica ou do design sonoro passa pelas nuvens da\u00a0<em>Cloud Collaboration<\/em> . Seja na produ\u00e7\u00e3o do \u00eaxito vencedor do pr\u00f3ximo Grammy, seja na da banda sonora ou no design sonoro do pr\u00f3ximo vencedor do Oscar.<\/p>\n<p>Se quiser saber mais sobre o potencial revolucion\u00e1rio da <em>Cloud Collaboration<\/em> veja <a title=\"protools 12\" href=\"http:\/\/www.avidblogs.com\/discover-future-collaborative-music-production\/\" target=\"_blank\" rel=\"noopener\">aqui<\/a> e inscreva-se no webinar. Venha testar e ver com os seus pr\u00f3prios olhos as potencialidades do novo <strong>Protools<\/strong><br \/>\n12, <a href=\"\/contacts.html\">visite-nos<\/a>.<\/p>\n<p>&nbsp;<\/p>\n<p style=\"text-align: right;\"><img decoding=\"async\" src=\"\/images\/avid_technology_inc_-_logo.png\" \/><\/p>\n<hr \/>\n","protected":false},"excerpt":{"rendered":"<p>Colaborar parece ser a palavra chave, a palavra que domina o conceito da nova vers\u00e3o do Protools. A m\u00fasica \u00e9 um processo iminentemente colaborativo e o novo Protools \u00e9 uma moderna \u00a0ferramenta de produ\u00e7\u00e3o, sem d\u00favida a que melhor traduz esse esp\u00edrito. Se bem que o Protools 12 mantenha muitas das caracter\u00edsticas do seu predecessor, &hellip; <\/p>\n<p class=\"link-more\"><a href=\"https:\/\/news.avantools.pt\/?p=231\" class=\"more-link\">Continuar a ler <span class=\"screen-reader-text\">&#8220;Protools 12 significa colaborar&#8221;<\/span><\/a><\/p>\n","protected":false},"author":2,"featured_media":0,"comment_status":"open","ping_status":"open","sticky":false,"template":"","format":"standard","meta":{"_jetpack_memberships_contains_paid_content":false,"footnotes":"","_links_to":"","_links_to_target":""},"categories":[94],"tags":[4,251,81],"class_list":["post-231","post","type-post","status-publish","format-standard","hentry","category-studio","tag-avid","tag-cloud-collaboration","tag-protools-12"],"jetpack_featured_media_url":"","jetpack_sharing_enabled":true,"_links":{"self":[{"href":"https:\/\/news.avantools.pt\/index.php?rest_route=\/wp\/v2\/posts\/231","targetHints":{"allow":["GET"]}}],"collection":[{"href":"https:\/\/news.avantools.pt\/index.php?rest_route=\/wp\/v2\/posts"}],"about":[{"href":"https:\/\/news.avantools.pt\/index.php?rest_route=\/wp\/v2\/types\/post"}],"author":[{"embeddable":true,"href":"https:\/\/news.avantools.pt\/index.php?rest_route=\/wp\/v2\/users\/2"}],"replies":[{"embeddable":true,"href":"https:\/\/news.avantools.pt\/index.php?rest_route=%2Fwp%2Fv2%2Fcomments&post=231"}],"version-history":[{"count":2,"href":"https:\/\/news.avantools.pt\/index.php?rest_route=\/wp\/v2\/posts\/231\/revisions"}],"predecessor-version":[{"id":962,"href":"https:\/\/news.avantools.pt\/index.php?rest_route=\/wp\/v2\/posts\/231\/revisions\/962"}],"wp:attachment":[{"href":"https:\/\/news.avantools.pt\/index.php?rest_route=%2Fwp%2Fv2%2Fmedia&parent=231"}],"wp:term":[{"taxonomy":"category","embeddable":true,"href":"https:\/\/news.avantools.pt\/index.php?rest_route=%2Fwp%2Fv2%2Fcategories&post=231"},{"taxonomy":"post_tag","embeddable":true,"href":"https:\/\/news.avantools.pt\/index.php?rest_route=%2Fwp%2Fv2%2Ftags&post=231"}],"curies":[{"name":"wp","href":"https:\/\/api.w.org\/{rel}","templated":true}]}}