{"id":249,"date":"2015-01-23T00:00:00","date_gmt":"2015-01-23T00:00:00","guid":{"rendered":"http:\/\/avantools.pt\/noticias\/protools-12-esta-ai"},"modified":"2018-03-26T18:54:10","modified_gmt":"2018-03-26T17:54:10","slug":"protools-12-esta-ai","status":"publish","type":"post","link":"https:\/\/news.avantools.pt\/?p=249","title":{"rendered":"Protools 12 est\u00e1 a\u00ed!"},"content":{"rendered":"<p>O <strong>Protools 12<\/strong> promete revolucionar a produ\u00e7\u00e3o \u00e1udio, com novos m\u00e9todos de trabalho\u00a0e novas funcionalidades. Veja como.<\/p>\n<p><center><br \/>\n<iframe loading=\"lazy\" src=\"\/\/www.youtube.com\/embed\/WPqdNygQB38?rel=0\" width=\"512\" height=\"288\" frameborder=\"0\" allowfullscreen=\"allowfullscreen\"><\/iframe><\/center>&nbsp;<\/p>\n<p>A partir de agora trabalhar com o <strong>Protools<\/strong> \u00e9 mais f\u00e1cil, mais produtivo, ainda\u00a0mais inovador. Depois da revolu\u00e7\u00e3o digital no mundo do \u00e1udio<br \/>\n\u00e9 a vez da revolu\u00e7\u00e3o nos m\u00e9todos de trabalho. Nunca o digital fez tanto sentido. Podemos afirm\u00e1-lo: foi para isto que a revolu\u00e7\u00e3o digital se fez.<\/p>\n<p>Somos a empresa que trouxe o \u00e1udio\u00a0digital para Portugal. Somos\u00a0a empresa que trouxe o <strong>Protools<\/strong> para Portugal. Estamos na primeira linha desta revolu\u00e7\u00e3o desde a primeira hora.<\/p>\n<p><a title=\"Protools 12\" href=\"\/contacts.html\">Venha saber connosco<\/a> que novos caminhos se v\u00e3o poder\u00a0percorrer com o <strong>Protools 12<\/strong>.<\/p>\n<div><\/div>\n<div style=\"text-align: right;\"><img data-recalc-dims=\"1\" decoding=\"async\" src=\"https:\/\/i0.wp.com\/wwwavantoolseu.worldsecuresystems.com\/images\/avid-main-01.jpg?w=525&#038;ssl=1\" \/><\/div>\n<div style=\"text-align: right;\"><\/div>\n<div style=\"text-align: right;\">\n<hr id=\"horizontalrule\" \/>\n<\/div>\n","protected":false},"excerpt":{"rendered":"<p>O Protools 12 promete revolucionar a produ\u00e7\u00e3o \u00e1udio, com novos m\u00e9todos de trabalho\u00a0e novas funcionalidades. Veja como. &nbsp; A partir de agora trabalhar com o Protools \u00e9 mais f\u00e1cil, mais produtivo, ainda\u00a0mais inovador. Depois da revolu\u00e7\u00e3o digital no mundo do \u00e1udio \u00e9 a vez da revolu\u00e7\u00e3o nos m\u00e9todos de trabalho. Nunca o digital fez tanto &hellip; <\/p>\n<p class=\"link-more\"><a href=\"https:\/\/news.avantools.pt\/?p=249\" class=\"more-link\">Continuar a ler <span class=\"screen-reader-text\">&#8220;Protools 12 est\u00e1 a\u00ed!&#8221;<\/span><\/a><\/p>\n","protected":false},"author":2,"featured_media":0,"comment_status":"open","ping_status":"open","sticky":false,"template":"","format":"standard","meta":{"_jetpack_memberships_contains_paid_content":false,"footnotes":"","_links_to":"","_links_to_target":""},"categories":[],"tags":[4,36,81,37,28],"class_list":["post-249","post","type-post","status-publish","format-standard","hentry","tag-avid","tag-broadcast","tag-protools-12","tag-studio","tag-video"],"jetpack_featured_media_url":"","jetpack_sharing_enabled":true,"_links":{"self":[{"href":"https:\/\/news.avantools.pt\/index.php?rest_route=\/wp\/v2\/posts\/249","targetHints":{"allow":["GET"]}}],"collection":[{"href":"https:\/\/news.avantools.pt\/index.php?rest_route=\/wp\/v2\/posts"}],"about":[{"href":"https:\/\/news.avantools.pt\/index.php?rest_route=\/wp\/v2\/types\/post"}],"author":[{"embeddable":true,"href":"https:\/\/news.avantools.pt\/index.php?rest_route=\/wp\/v2\/users\/2"}],"replies":[{"embeddable":true,"href":"https:\/\/news.avantools.pt\/index.php?rest_route=%2Fwp%2Fv2%2Fcomments&post=249"}],"version-history":[{"count":2,"href":"https:\/\/news.avantools.pt\/index.php?rest_route=\/wp\/v2\/posts\/249\/revisions"}],"predecessor-version":[{"id":602,"href":"https:\/\/news.avantools.pt\/index.php?rest_route=\/wp\/v2\/posts\/249\/revisions\/602"}],"wp:attachment":[{"href":"https:\/\/news.avantools.pt\/index.php?rest_route=%2Fwp%2Fv2%2Fmedia&parent=249"}],"wp:term":[{"taxonomy":"category","embeddable":true,"href":"https:\/\/news.avantools.pt\/index.php?rest_route=%2Fwp%2Fv2%2Fcategories&post=249"},{"taxonomy":"post_tag","embeddable":true,"href":"https:\/\/news.avantools.pt\/index.php?rest_route=%2Fwp%2Fv2%2Ftags&post=249"}],"curies":[{"name":"wp","href":"https:\/\/api.w.org\/{rel}","templated":true}]}}