{"id":2535,"date":"2019-10-04T18:12:11","date_gmt":"2019-10-04T17:12:11","guid":{"rendered":"http:\/\/news.avantools.pt\/?p=2535"},"modified":"2019-10-04T22:00:29","modified_gmt":"2019-10-04T21:00:29","slug":"vencer-pela-qualidade","status":"publish","type":"post","link":"https:\/\/news.avantools.pt\/?p=2535","title":{"rendered":"Vencer pela qualidade"},"content":{"rendered":"\n<p>No mundo do <em>broadcast<\/em>, um carro de exteriores \u00e9 muito mais que um simples est\u00fadio m\u00f3vel. \u00c9 um centro nevr\u00e1lgico que assegura a execu\u00e7\u00e3o de um produto que tem de chegar ao seu destino sem falhas e dentro dos mais exigentes padr\u00f5es de qualidade. Muitas vezes em condi\u00e7\u00f5es desafiadoras. \u00c9 tamb\u00e9m a casa dos que l\u00e1 trabalham, o abrigo que tem de proporcionar as melhores condi\u00e7\u00f5es de trabalho aos operadores e conter as melhores ferramentas que permitam garantir a qualidade exigida. A <strong>RIEDEL<\/strong> \u00e9 a marca cujos produtos equipam carros de exteriores que, por todo o mundo, permitem satisfazer todos estes requisitos. O OBX da V!dee \u00e9 o exemplo mais recente.<\/p>\n\n\n\n<figure class=\"wp-block-image\"><img data-recalc-dims=\"1\" loading=\"lazy\" decoding=\"async\" width=\"525\" height=\"197\" src=\"https:\/\/i0.wp.com\/news.avantools.pt\/wp-content\/uploads\/2019\/10\/Screenshot_2019-10-04-OBX-VIDEE-OB-VAN-4K-HDR-Videe.png?resize=525%2C197&#038;ssl=1\" alt=\"\" class=\"wp-image-2540\" srcset=\"https:\/\/i0.wp.com\/news.avantools.pt\/wp-content\/uploads\/2019\/10\/Screenshot_2019-10-04-OBX-VIDEE-OB-VAN-4K-HDR-Videe.png?resize=1024%2C385&amp;ssl=1 1024w, https:\/\/i0.wp.com\/news.avantools.pt\/wp-content\/uploads\/2019\/10\/Screenshot_2019-10-04-OBX-VIDEE-OB-VAN-4K-HDR-Videe.png?resize=300%2C113&amp;ssl=1 300w, https:\/\/i0.wp.com\/news.avantools.pt\/wp-content\/uploads\/2019\/10\/Screenshot_2019-10-04-OBX-VIDEE-OB-VAN-4K-HDR-Videe.png?resize=768%2C289&amp;ssl=1 768w, https:\/\/i0.wp.com\/news.avantools.pt\/wp-content\/uploads\/2019\/10\/Screenshot_2019-10-04-OBX-VIDEE-OB-VAN-4K-HDR-Videe.png?w=1861&amp;ssl=1 1861w, https:\/\/i0.wp.com\/news.avantools.pt\/wp-content\/uploads\/2019\/10\/Screenshot_2019-10-04-OBX-VIDEE-OB-VAN-4K-HDR-Videe.png?w=1575&amp;ssl=1 1575w\" sizes=\"auto, (max-width: 767px) 89vw, (max-width: 1000px) 54vw, (max-width: 1071px) 543px, 580px\" \/><\/figure>\n\n\n\n<p>\u00c0 medida que a produ\u00e7\u00e3o de audiovisuais se tornou mais complexa, a tecnologia se diversificou, se tornou mais exigente e, sobretudo, se tornou necess\u00e1rio sair dos locais habituais onde essa produ\u00e7\u00e3o decorria, um problema teve de ser resolvido: como transportar e onde colocar os meios t\u00e9cnicos utilizados? O cinema \u00e9 uma \u00e1rea que desde o in\u00edcio esteve sempre, de alguma forma, ligado a um certo nomadismo, mas a r\u00e1dio e a telvis\u00e3o s\u00f3 mais tarde sa\u00edram dos est\u00fadios onde estavam confinados.<\/p>\n\n\n\n<p>Os desenvolvimentos da tecnologia permitiu a cria\u00e7\u00e3o de novos equipamentos, vers\u00f5es mais compactas dos equipamentos utilizados nos est\u00fadios ou os pr\u00f3prios equipamentos, que, em est\u00fadio, garantiam a necess\u00e1ria qualidade e a obedi\u00eancia aos <em>standards<\/em> profissionais.<\/p>\n\n\n\n<figure class=\"wp-block-image\"><img data-recalc-dims=\"1\" loading=\"lazy\" decoding=\"async\" width=\"525\" height=\"197\" src=\"https:\/\/i0.wp.com\/news.avantools.pt\/wp-content\/uploads\/2019\/10\/Screenshot_2019-10-04-OBX-VIDEE-OB-VAN-4K-HDR-Videe.jpg?resize=525%2C197&#038;ssl=1\" alt=\"\" class=\"wp-image-2541\" srcset=\"https:\/\/i0.wp.com\/news.avantools.pt\/wp-content\/uploads\/2019\/10\/Screenshot_2019-10-04-OBX-VIDEE-OB-VAN-4K-HDR-Videe.jpg?resize=1024%2C385&amp;ssl=1 1024w, https:\/\/i0.wp.com\/news.avantools.pt\/wp-content\/uploads\/2019\/10\/Screenshot_2019-10-04-OBX-VIDEE-OB-VAN-4K-HDR-Videe.jpg?resize=300%2C113&amp;ssl=1 300w, https:\/\/i0.wp.com\/news.avantools.pt\/wp-content\/uploads\/2019\/10\/Screenshot_2019-10-04-OBX-VIDEE-OB-VAN-4K-HDR-Videe.jpg?resize=768%2C289&amp;ssl=1 768w, https:\/\/i0.wp.com\/news.avantools.pt\/wp-content\/uploads\/2019\/10\/Screenshot_2019-10-04-OBX-VIDEE-OB-VAN-4K-HDR-Videe.jpg?w=1861&amp;ssl=1 1861w, https:\/\/i0.wp.com\/news.avantools.pt\/wp-content\/uploads\/2019\/10\/Screenshot_2019-10-04-OBX-VIDEE-OB-VAN-4K-HDR-Videe.jpg?w=1575&amp;ssl=1 1575w\" sizes=\"auto, (max-width: 767px) 89vw, (max-width: 1000px) 54vw, (max-width: 1071px) 543px, 580px\" \/><\/figure>\n\n\n\n<p>O chamado <em>outside broadcasting<\/em>, na r\u00e1dio e televis\u00e3o \u00e9 uma \u00e1rea de import\u00e2ncia capital no <em>broadcast<\/em> moderno. Os carros de exteriores (<em>ob vans<\/em>, numa das designa\u00e7\u00f5es por que s\u00e3o conhecidos no mundo anglo sax\u00f3nico) tornaram-se ferramentas fundamentais, crescentemente sofisticadas, que permitem assegurar uma qulidade de topo. Existem em tamanhos variados e s\u00e3o utilizados em acontecimentos de natureza desportiva, art\u00edstica, informativa, etc.. Recebem tipicamente sinais das c\u00e2maras e dos microfones, para seu processamento, registo e transmiss\u00e3o. No topo deste sistema existe uma plataforma de intercomunica\u00e7\u00e3o que assegura a liga\u00e7\u00f5 entre os operadores envolvidos e o carro, e entre este e a sede da transmiss\u00e3o. A intercomunica\u00e7\u00e3o \u00e9 uma \u00e1rea absolutamente vital no <em>broadcast<\/em> m\u00f3vel.<\/p>\n\n\n\n<figure class=\"wp-block-image\"><img data-recalc-dims=\"1\" loading=\"lazy\" decoding=\"async\" width=\"525\" height=\"197\" src=\"https:\/\/i0.wp.com\/news.avantools.pt\/wp-content\/uploads\/2019\/10\/Screenshot_2019-10-04-OBX-VIDEE-OB-VAN-4K-HDR-Videe1.png?resize=525%2C197&#038;ssl=1\" alt=\"\" class=\"wp-image-2542\" srcset=\"https:\/\/i0.wp.com\/news.avantools.pt\/wp-content\/uploads\/2019\/10\/Screenshot_2019-10-04-OBX-VIDEE-OB-VAN-4K-HDR-Videe1.png?resize=1024%2C385&amp;ssl=1 1024w, https:\/\/i0.wp.com\/news.avantools.pt\/wp-content\/uploads\/2019\/10\/Screenshot_2019-10-04-OBX-VIDEE-OB-VAN-4K-HDR-Videe1.png?resize=300%2C113&amp;ssl=1 300w, https:\/\/i0.wp.com\/news.avantools.pt\/wp-content\/uploads\/2019\/10\/Screenshot_2019-10-04-OBX-VIDEE-OB-VAN-4K-HDR-Videe1.png?resize=768%2C289&amp;ssl=1 768w, https:\/\/i0.wp.com\/news.avantools.pt\/wp-content\/uploads\/2019\/10\/Screenshot_2019-10-04-OBX-VIDEE-OB-VAN-4K-HDR-Videe1.png?w=1861&amp;ssl=1 1861w, https:\/\/i0.wp.com\/news.avantools.pt\/wp-content\/uploads\/2019\/10\/Screenshot_2019-10-04-OBX-VIDEE-OB-VAN-4K-HDR-Videe1.png?w=1575&amp;ssl=1 1575w\" sizes=\"auto, (max-width: 767px) 89vw, (max-width: 1000px) 54vw, (max-width: 1071px) 543px, 580px\" \/><\/figure>\n\n\n\n<p>S\u00e3o muitos os carros existentes equipados pela <strong>RIEDEL<\/strong>, com as suas solu\u00e7\u00f5es de intercomunica\u00e7\u00e3o. Estes equipamentos est\u00e3o presentes nos carros das empresas mais importante do mundo, especializadas na \u00e1rea do <em>broadcast<\/em> m\u00f3vel, bem como nos servi\u00e7os m\u00f3veis pr\u00f3prios dos maiores <em>broadcasters<\/em> mundiais. A qualidade, sem rival \u00e0 altura, da <strong>RIEDEL<\/strong>, os seus padr\u00f5es de exig\u00eancia e a absoluta fiabilidade das suas solu\u00e7\u00f5es fizeram da marca um <em>standard<\/em> neste, como noutros, sectores onde a intercomunica\u00e7\u00e3o \u00e9 uma ferramenta absolutamente central.<\/p>\n\n\n\n<figure class=\"wp-block-image\"><img data-recalc-dims=\"1\" loading=\"lazy\" decoding=\"async\" width=\"525\" height=\"295\" src=\"https:\/\/i0.wp.com\/news.avantools.pt\/wp-content\/uploads\/2019\/10\/Artist-1024-p.png?resize=525%2C295&#038;ssl=1\" alt=\"\" class=\"wp-image-2543\" srcset=\"https:\/\/i0.wp.com\/news.avantools.pt\/wp-content\/uploads\/2019\/10\/Artist-1024-p.png?resize=1024%2C575&amp;ssl=1 1024w, https:\/\/i0.wp.com\/news.avantools.pt\/wp-content\/uploads\/2019\/10\/Artist-1024-p.png?resize=300%2C168&amp;ssl=1 300w, https:\/\/i0.wp.com\/news.avantools.pt\/wp-content\/uploads\/2019\/10\/Artist-1024-p.png?resize=768%2C431&amp;ssl=1 768w, https:\/\/i0.wp.com\/news.avantools.pt\/wp-content\/uploads\/2019\/10\/Artist-1024-p.png?w=1140&amp;ssl=1 1140w\" sizes=\"auto, (max-width: 767px) 89vw, (max-width: 1000px) 54vw, (max-width: 1071px) 543px, 580px\" \/><\/figure>\n\n\n\n<p>A italiana <a href=\"https:\/\/www.videe.it\/\">V!dee<\/a> \u00e9 uma destas empresas que confia na <strong>RIEDEL<\/strong> para as suas necessidades no cap\u00edtulo da intercomunica\u00e7\u00e3o. O OBX \u00e9 a sua \u00faltima inciativa neste dom\u00ednio. Desenhado pela <a href=\"https:\/\/www.svgeurope.org\/blog\/news-roundup\/ibc-2019-hi-human-interface-takes-control-in-new-chromaline-ob-van\/\">Chromaline<\/a>, o <a href=\"https:\/\/obx.videe.it\/\">novo OBX<\/a> promete redefenir os par\u00e2metros pelos quais se rege o conceito de carro de exteriores. <a href=\"https:\/\/obx.videe.it\/\">O novo e ultra espa\u00e7oso carro<\/a>, apresentado na recente IBC, acomoda at\u00e9 30 c\u00e2maras e \u00e9 certificado para Dolby ATMOS. Cont\u00e9m muitas outras novidades, nomeadamente, o sistema de <em>replay server<\/em>. Como as c\u00e2maras t\u00eam servidores no seu BPU, e o servidor de <em>replay<\/em> partilha v\u00e1rias capacidades com eles, usando a tecnologia <em>Shareplay<\/em> da Sony, o sistema disp\u00f5e de um total de 8 servidores, que proporcionam, no conjunto, 64 canais de <em>replay<\/em>. Esta \u00e9 apenas uma apenas p\u00e1lida descri\u00e7\u00e3o do potencial deste carro. O OBX disp\u00f5e de uma mir\u00edade de outras caracter\u00edsticas inovadoras, sobre as quais pode saber ainda mais <a href=\"https:\/\/www.svgeurope.org\/blog\/headlines\/videes-obx-aims-to-redefine-the-art-of-the-ob-vehicle\/?\">aqui<\/a>. <\/p>\n\n\n\n<p>\u00c9, neste contexto, que para a intercomunica\u00e7\u00e3o no novo OBX foi escolhida uma solu\u00e7\u00e3o <strong>RIEDEL&nbsp;<\/strong><a href=\"https:\/\/www.riedel.net\/products\/intercom\/artist\/hardware\/\">Artist-1024<\/a><em>&nbsp;matrix,<\/em> com os <a href=\"https:\/\/www.riedel.net\/products\/intercom\/intercom-panels\/1200-series\/\">IP s<\/a><em><a href=\"https:\/\/www.riedel.net\/products\/intercom\/intercom-panels\/1200-series\/\">mart panels<\/a><\/em> e o sistema, j\u00e1 quase um cl\u00e1ssico, <a href=\"https:\/\/www.riedel.net\/products\/intercom\/bolero\/\">Bolero<\/a> para <em>talkback<\/em>. As solu\u00e7\u00f5es <strong>RIEDEL<\/strong> de intercomunica\u00e7\u00e3o s\u00e3o as adoptadas pelos <em>broadcasters<\/em> e outros operadores de todo o mundo pela sua fiabilidade, qualidade e grau de inova\u00e7\u00e3o. Nada se lhe assemelha, sequer.<\/p>\n\n\n\n<p><a href=\"http:\/\/riedel.net\">Saiba mais<\/a> sobre estes e outros dos produtos referidos e <a href=\"http:\/\/avantools.pt\/contacts.html\">venha falar connosco<\/a> para avaliarmos juntos que solu\u00e7\u00f5es <strong>RIEDEL<\/strong> mais lhe conv\u00eam.<\/p>\n\n\n\n<figure class=\"wp-block-image is-resized\"><img data-recalc-dims=\"1\" loading=\"lazy\" decoding=\"async\" src=\"https:\/\/i0.wp.com\/news.avantools.pt\/wp-content\/uploads\/2018\/04\/riedel_4zu3_transparent-e1523738391227.png?resize=231%2C129&#038;ssl=1\" alt=\"\" class=\"wp-image-1263\" width=\"231\" height=\"129\"\/><\/figure>\n\n\n\n<hr class=\"wp-block-separator\"\/>\n","protected":false},"excerpt":{"rendered":"<p>No mundo do broadcast, um carro de exteriores \u00e9 muito mais que um simples est\u00fadio m\u00f3vel. \u00c9 um centro nevr\u00e1lgico que assegura a execu\u00e7\u00e3o de um produto que tem de chegar ao seu destino sem falhas e dentro dos mais exigentes padr\u00f5es de qualidade. Muitas vezes em condi\u00e7\u00f5es desafiadoras. \u00c9 tamb\u00e9m a casa dos que &hellip; <\/p>\n<p class=\"link-more\"><a href=\"https:\/\/news.avantools.pt\/?p=2535\" class=\"more-link\">Continuar a ler <span class=\"screen-reader-text\">&#8220;Vencer pela qualidade&#8221;<\/span><\/a><\/p>\n","protected":false},"author":2,"featured_media":0,"comment_status":"closed","ping_status":"open","sticky":false,"template":"","format":"standard","meta":{"_jetpack_memberships_contains_paid_content":false,"footnotes":"","_links_to":"","_links_to_target":""},"categories":[92,95,93,266],"tags":[479,73,9,478],"class_list":["post-2535","post","type-post","status-publish","format-standard","hentry","category-broadcast","category-live","category-radio","category-televisao","tag-chromaline","tag-ob-van","tag-riedel","tag-vdee"],"jetpack_featured_media_url":"","jetpack_sharing_enabled":true,"_links":{"self":[{"href":"https:\/\/news.avantools.pt\/index.php?rest_route=\/wp\/v2\/posts\/2535","targetHints":{"allow":["GET"]}}],"collection":[{"href":"https:\/\/news.avantools.pt\/index.php?rest_route=\/wp\/v2\/posts"}],"about":[{"href":"https:\/\/news.avantools.pt\/index.php?rest_route=\/wp\/v2\/types\/post"}],"author":[{"embeddable":true,"href":"https:\/\/news.avantools.pt\/index.php?rest_route=\/wp\/v2\/users\/2"}],"replies":[{"embeddable":true,"href":"https:\/\/news.avantools.pt\/index.php?rest_route=%2Fwp%2Fv2%2Fcomments&post=2535"}],"version-history":[{"count":10,"href":"https:\/\/news.avantools.pt\/index.php?rest_route=\/wp\/v2\/posts\/2535\/revisions"}],"predecessor-version":[{"id":2572,"href":"https:\/\/news.avantools.pt\/index.php?rest_route=\/wp\/v2\/posts\/2535\/revisions\/2572"}],"wp:attachment":[{"href":"https:\/\/news.avantools.pt\/index.php?rest_route=%2Fwp%2Fv2%2Fmedia&parent=2535"}],"wp:term":[{"taxonomy":"category","embeddable":true,"href":"https:\/\/news.avantools.pt\/index.php?rest_route=%2Fwp%2Fv2%2Fcategories&post=2535"},{"taxonomy":"post_tag","embeddable":true,"href":"https:\/\/news.avantools.pt\/index.php?rest_route=%2Fwp%2Fv2%2Ftags&post=2535"}],"curies":[{"name":"wp","href":"https:\/\/api.w.org\/{rel}","templated":true}]}}