{"id":2637,"date":"2019-11-01T23:11:21","date_gmt":"2019-11-01T23:11:21","guid":{"rendered":"http:\/\/news.avantools.pt\/?p=2637"},"modified":"2020-01-05T23:28:58","modified_gmt":"2020-01-05T23:28:58","slug":"crescendo-o-nome-diz-tudo","status":"publish","type":"post","link":"https:\/\/news.avantools.pt\/?p=2637","title":{"rendered":"CRESCENDO, o nome diz tudo"},"content":{"rendered":"\n<p>Um pr\u00e9 amplificador de microfone que n\u00e3o distorce, por mais larga que seja a banda din\u00e2mica do seu sinal. Multiplique por oito e tem o CRESCENDO da <strong>SPL<\/strong>. O novo pr\u00e9 amplificador de oito canais da <strong>SPL<\/strong>. usa a tecnologia 120 V. As suas caracter\u00edsticas est\u00e3o para al\u00e9m do imagin\u00e1vel. Mas o CRESCENDO \u00e9 bem real. Est\u00e1 a\u00ed para quem exige o melhor. O nome diz, de facto, tudo.<\/p>\n\n\n\n<figure class=\"wp-block-image\"><img data-recalc-dims=\"1\" loading=\"lazy\" decoding=\"async\" width=\"525\" height=\"157\" src=\"https:\/\/i0.wp.com\/news.avantools.pt\/wp-content\/uploads\/2019\/11\/Crescendo-Front-1280px.png?resize=525%2C157&#038;ssl=1\" alt=\"\" class=\"wp-image-2641\" srcset=\"https:\/\/i0.wp.com\/news.avantools.pt\/wp-content\/uploads\/2019\/11\/Crescendo-Front-1280px.png?resize=1024%2C307&amp;ssl=1 1024w, https:\/\/i0.wp.com\/news.avantools.pt\/wp-content\/uploads\/2019\/11\/Crescendo-Front-1280px.png?resize=300%2C90&amp;ssl=1 300w, https:\/\/i0.wp.com\/news.avantools.pt\/wp-content\/uploads\/2019\/11\/Crescendo-Front-1280px.png?resize=768%2C230&amp;ssl=1 768w, https:\/\/i0.wp.com\/news.avantools.pt\/wp-content\/uploads\/2019\/11\/Crescendo-Front-1280px.png?w=1280&amp;ssl=1 1280w\" sizes=\"auto, (max-width: 767px) 89vw, (max-width: 1000px) 54vw, (max-width: 1071px) 543px, 580px\" \/><figcaption>CRESCENDO da SPL<\/figcaption><\/figure>\n\n\n\n<p>Imagine um pr\u00e9 amplificador de microfone com uma banda din\u00e2mica e um limite de distor\u00e7\u00e3o t\u00e3o elevados que lhe permitem captar as mais pequenas nuances dos seus microfones. <\/p>\n\n\n\n<p>Imagine tamb\u00e9m que a electr\u00f3nica do seu pr\u00e9 amplicador n\u00e3o introduz qualquer influ\u00eancia no som. Imagine que consegue amplificar at\u00e9 os mais delicados transientes, os detalhes mais \u00ednfimos e a banda de frequ\u00eancia total, de forma limpa e sem distor\u00e7\u00e3o. <\/p>\n\n\n\n<div class=\"wp-block-image\"><figure class=\"alignright is-resized\"><img data-recalc-dims=\"1\" loading=\"lazy\" decoding=\"async\" src=\"https:\/\/i0.wp.com\/news.avantools.pt\/wp-content\/uploads\/2019\/11\/Cres_side-2560px-1176x380.png?resize=317%2C102&#038;ssl=1\" alt=\"\" class=\"wp-image-2642\" width=\"317\" height=\"102\" srcset=\"https:\/\/i0.wp.com\/news.avantools.pt\/wp-content\/uploads\/2019\/11\/Cres_side-2560px-1176x380.png?resize=1024%2C331&amp;ssl=1 1024w, https:\/\/i0.wp.com\/news.avantools.pt\/wp-content\/uploads\/2019\/11\/Cres_side-2560px-1176x380.png?resize=300%2C97&amp;ssl=1 300w, https:\/\/i0.wp.com\/news.avantools.pt\/wp-content\/uploads\/2019\/11\/Cres_side-2560px-1176x380.png?resize=768%2C248&amp;ssl=1 768w, https:\/\/i0.wp.com\/news.avantools.pt\/wp-content\/uploads\/2019\/11\/Cres_side-2560px-1176x380.png?resize=1176%2C380&amp;ssl=1 1176w\" sizes=\"auto, (max-width: 317px) 100vw, 317px\" \/><\/figure><\/div>\n\n\n\n<p>Imagine ser capaz de introduzir um ganho nos sinais mais t\u00e9nues ou deixar o ganho intocado, obtendo desta forma um controlo de ganho de -2dB a 50dB. Imagine um desenho dos circuitos e um uso de componentes cuidadosamente escolhidos e testados de forma a eliminar a influ\u00eancia negativa que podem ter na qualidade do som. <\/p>\n\n\n\n<p>Imagine a possibilidade de usar longos comprimentos de cabo, sem problemas, opera\u00e7\u00e3o real de acordo com a especifica\u00e7\u00e3o Classe A e mais um sem n\u00famero de detalhes que lhe proporcionam a elimina\u00e7\u00e3o total dos problemas de difus\u00e3o, falta de nitidez ou perda de din\u00e2mica, habituais nos pr\u00e9 amplificadores, mesmo nos de gama mais alta. <\/p>\n\n\n\n<div class=\"wp-block-image\"><figure class=\"aligncenter is-resized\"><img data-recalc-dims=\"1\" loading=\"lazy\" decoding=\"async\" src=\"https:\/\/i0.wp.com\/news.avantools.pt\/wp-content\/uploads\/2019\/11\/Cres_rear-2560px-1150x380.png?resize=525%2C173&#038;ssl=1\" alt=\"\" class=\"wp-image-2643\" width=\"525\" height=\"173\" srcset=\"https:\/\/i0.wp.com\/news.avantools.pt\/wp-content\/uploads\/2019\/11\/Cres_rear-2560px-1150x380.png?resize=1024%2C338&amp;ssl=1 1024w, https:\/\/i0.wp.com\/news.avantools.pt\/wp-content\/uploads\/2019\/11\/Cres_rear-2560px-1150x380.png?resize=300%2C99&amp;ssl=1 300w, https:\/\/i0.wp.com\/news.avantools.pt\/wp-content\/uploads\/2019\/11\/Cres_rear-2560px-1150x380.png?resize=768%2C254&amp;ssl=1 768w, https:\/\/i0.wp.com\/news.avantools.pt\/wp-content\/uploads\/2019\/11\/Cres_rear-2560px-1150x380.png?resize=1150%2C380&amp;ssl=1 1150w\" sizes=\"auto, (max-width: 525px) 100vw, 525px\" \/><\/figure><\/div>\n\n\n\n<p>Imagine tudo isto, multiplique por oito, junte, em cada canal, ganho individual, um vu\u00edmetro, controlo de fase, alimenta\u00e7\u00e3o phantom, controlos de -20dB PAD e de monitora\u00e7\u00e3o do n\u00edvel do vu\u00edmetro (VU -10) e uma fonte de alimenta\u00e7\u00e3o baseada num transformador toroidal, especialmente encapsulada, que lhe proporciona isolamento total da fonte e alimenta\u00e7\u00e3o sobre o pr\u00e9 amplificador.<\/p>\n\n\n\n<p>Eis o CRESCENDO da <strong>SPL<\/strong>. Uma obra de arte de engenharia de que o som do seu est\u00fadio vai beneficiar de forma dram\u00e1tica. Nada se lhe comparar\u00e1 depois de ouvir o som do CRESCENDO. Este \u00e9 o modelo que <a href=\"https:\/\/www.resolutionmag.com\/news\/resolution-awards-2019-winners-announced\/\">acaba de ganha<\/a>r o pr\u00e9mio da revista <em>Resolution<\/em>.<\/p>\n\n\n\n<p>Mas h\u00e1 mais! Veja tudo sobre o CRESCENDO <a href=\"https:\/\/spl.audio\/studio\/crescendo\/?lang=en\">aqui<\/a>. Saiba tudo sobre a tecnologia 120V <a href=\"https:\/\/spl.audio\/120v-technologie\/?lang=en\">aqui<\/a>. Leia an\u00e1lises sobre este modelo <a href=\"https:\/\/www.sweetwater.com\/store\/detail\/CrescendoPre--spl-crescendo-8-channel-microphone-preamp\">aqui<\/a>,  <a href=\"https:\/\/www.soundonsound.com\/reviews\/spl-crescendo\">aqui<\/a> e <a href=\"https:\/\/tapeop.com\/reviews\/gear\/131\/crescendo-mic-preamp\/\">aqui<\/a>. Veja videos <a href=\"https:\/\/youtu.be\/3fToETR2mSU\">aqui<\/a> e <a href=\"https:\/\/youtu.be\/2IOtX6qASEc\">aqui<\/a>.<\/p>\n\n\n\n<p><a href=\"http:\/\/avantools.pt\/contacts.html\">Consulte-nos<\/a> para saber mais ainda sobre o CRESCENDO da <strong>SPL<\/strong>.<\/p>\n\n\n\n<figure class=\"wp-block-image size-large\"><img data-recalc-dims=\"1\" loading=\"lazy\" decoding=\"async\" width=\"150\" height=\"106\" src=\"https:\/\/i0.wp.com\/news.avantools.pt\/wp-content\/uploads\/2020\/01\/SPLogo_150.jpg?resize=150%2C106&#038;ssl=1\" alt=\"\" class=\"wp-image-2831\"\/><\/figure>\n\n\n\n<hr class=\"wp-block-separator\"\/>\n","protected":false},"excerpt":{"rendered":"<p>Um pr\u00e9 amplificador de microfone que n\u00e3o distorce, por mais larga que seja a banda din\u00e2mica do seu sinal. Multiplique por oito e tem o CRESCENDO da SPL. O novo pr\u00e9 amplificador de oito canais da SPL. usa a tecnologia 120 V. As suas caracter\u00edsticas est\u00e3o para al\u00e9m do imagin\u00e1vel. Mas o CRESCENDO \u00e9 bem &hellip; <\/p>\n<p class=\"link-more\"><a href=\"https:\/\/news.avantools.pt\/?p=2637\" class=\"more-link\">Continuar a ler <span class=\"screen-reader-text\">&#8220;CRESCENDO, o nome diz tudo&#8221;<\/span><\/a><\/p>\n","protected":false},"author":2,"featured_media":0,"comment_status":"closed","ping_status":"open","sticky":false,"template":"","format":"standard","meta":{"_jetpack_memberships_contains_paid_content":false,"footnotes":"","_links_to":"","_links_to_target":""},"categories":[94],"tags":[442,481,32],"class_list":["post-2637","post","type-post","status-publish","format-standard","hentry","category-studio","tag-120v","tag-crescendo","tag-spl"],"jetpack_featured_media_url":"","jetpack_sharing_enabled":true,"_links":{"self":[{"href":"https:\/\/news.avantools.pt\/index.php?rest_route=\/wp\/v2\/posts\/2637","targetHints":{"allow":["GET"]}}],"collection":[{"href":"https:\/\/news.avantools.pt\/index.php?rest_route=\/wp\/v2\/posts"}],"about":[{"href":"https:\/\/news.avantools.pt\/index.php?rest_route=\/wp\/v2\/types\/post"}],"author":[{"embeddable":true,"href":"https:\/\/news.avantools.pt\/index.php?rest_route=\/wp\/v2\/users\/2"}],"replies":[{"embeddable":true,"href":"https:\/\/news.avantools.pt\/index.php?rest_route=%2Fwp%2Fv2%2Fcomments&post=2637"}],"version-history":[{"count":11,"href":"https:\/\/news.avantools.pt\/index.php?rest_route=\/wp\/v2\/posts\/2637\/revisions"}],"predecessor-version":[{"id":2835,"href":"https:\/\/news.avantools.pt\/index.php?rest_route=\/wp\/v2\/posts\/2637\/revisions\/2835"}],"wp:attachment":[{"href":"https:\/\/news.avantools.pt\/index.php?rest_route=%2Fwp%2Fv2%2Fmedia&parent=2637"}],"wp:term":[{"taxonomy":"category","embeddable":true,"href":"https:\/\/news.avantools.pt\/index.php?rest_route=%2Fwp%2Fv2%2Fcategories&post=2637"},{"taxonomy":"post_tag","embeddable":true,"href":"https:\/\/news.avantools.pt\/index.php?rest_route=%2Fwp%2Fv2%2Ftags&post=2637"}],"curies":[{"name":"wp","href":"https:\/\/api.w.org\/{rel}","templated":true}]}}