{"id":2715,"date":"2019-11-30T00:39:21","date_gmt":"2019-11-30T00:39:21","guid":{"rendered":"http:\/\/news.avantools.pt\/?p=2715"},"modified":"2019-11-30T01:03:32","modified_gmt":"2019-11-30T01:03:32","slug":"tome-nota-da-palavra-intercomunicacao","status":"publish","type":"post","link":"https:\/\/news.avantools.pt\/?p=2715","title":{"rendered":"Tome nota da palavra: intercomunica\u00e7\u00e3o"},"content":{"rendered":"\n<p>No mundo da produ\u00e7\u00e3o audiovisual, do <em>broadcas<\/em>t e do <em>live<\/em>, a tecnologia evoluiu de forma veloz, mas os objectivos permanecem os mesmos: captar e transmitir os conte\u00fados para mais gente, para mais longe e com qualidade de topo. Num mundo global, esta \u00e9 a enorme responsabilidade que \u00e9 assegurada pelas equipas de produ\u00e7\u00e3o, tamb\u00e9m elas cada vez especializadas, mais descentralizadas e exigentes. H\u00e1 um elemento fulcral, necess\u00e1rio para viabilizar este objectivo: a <em>intercomunica\u00e7\u00e3o<\/em>. Esta assegura o contacto permanente entre os membros das equipas, sustenta os fluxos de trabalho e a qualidade do sinal. A <strong>RIEDEL<\/strong> \u00e9 a empresa que marcou, com a fiabilidade, robustez e inova\u00e7\u00e3o dos seus produtos, a intercomunica\u00e7\u00e3o, transformando-a de um mero acess\u00f3rio numa ferramenta vital.<\/p>\n\n\n\n<figure class=\"wp-block-image\"><img data-recalc-dims=\"1\" loading=\"lazy\" decoding=\"async\" width=\"525\" height=\"335\" src=\"https:\/\/i0.wp.com\/news.avantools.pt\/wp-content\/uploads\/2019\/11\/RIEDEL-OBX_interior.jpg?resize=525%2C335&#038;ssl=1\" alt=\"\" class=\"wp-image-2721\" srcset=\"https:\/\/i0.wp.com\/news.avantools.pt\/wp-content\/uploads\/2019\/11\/RIEDEL-OBX_interior.jpg?resize=1024%2C654&amp;ssl=1 1024w, https:\/\/i0.wp.com\/news.avantools.pt\/wp-content\/uploads\/2019\/11\/RIEDEL-OBX_interior.jpg?resize=300%2C192&amp;ssl=1 300w, https:\/\/i0.wp.com\/news.avantools.pt\/wp-content\/uploads\/2019\/11\/RIEDEL-OBX_interior.jpg?resize=768%2C490&amp;ssl=1 768w, https:\/\/i0.wp.com\/news.avantools.pt\/wp-content\/uploads\/2019\/11\/RIEDEL-OBX_interior.jpg?w=1344&amp;ssl=1 1344w\" sizes=\"auto, (max-width: 767px) 89vw, (max-width: 1000px) 54vw, (max-width: 1071px) 543px, 580px\" \/><\/figure>\n\n\n\n<p>S\u00e3o naturalmente muitas e muito diversificadas as \u00e1reas de produ\u00e7\u00e3o audiovisual, como s\u00e3o muitas e diversificadas as especialidades das equipas que a asseguram. No <em>broadcast<\/em>, em est\u00fadio ou no exterior, nas grandes e pequenas salas de espect\u00e1culo, nas grandes e pequenas produ\u00e7\u00f5es ao ar livre, nos acontecimentos locais ou \u00e0 escala planet\u00e1ria, \u00e9 o trabalho de equipa que garante a produ\u00e7\u00e3o. O que coloca sempre o problema da intercomunica\u00e7\u00e3o entre os membros dessas equipas. Em todos os casos \u00e9 vital que a troca de informa\u00e7\u00e3o que ocorre chegue aos destinat\u00e1rios em condi\u00e7\u00f5es e com o maior grau de fidelidade. Acresce que toda a transmiss\u00e3o de sinal tende hoje a ser feita atrav\u00e9s da mesma rede de transmiss\u00e3o de dados, atrav\u00e9s de IP. Esta \u00e9 a forma que permite estabelecer liga\u00e7\u00f5es, transferir dados, ganhar espa\u00e7o e obter vantagens econ\u00f3micas j\u00e1 que esta rede se baseia em infraestruturas que muitas vezes j\u00e1 existem, embora limitadas na sua capacidade e potencial.<\/p>\n\n\n\n<figure class=\"wp-block-image\"><img data-recalc-dims=\"1\" loading=\"lazy\" decoding=\"async\" width=\"525\" height=\"295\" src=\"https:\/\/i0.wp.com\/news.avantools.pt\/wp-content\/uploads\/2019\/11\/Artist-1024-p.png?resize=525%2C295&#038;ssl=1\" alt=\"\" class=\"wp-image-2723\" srcset=\"https:\/\/i0.wp.com\/news.avantools.pt\/wp-content\/uploads\/2019\/11\/Artist-1024-p.png?resize=1024%2C575&amp;ssl=1 1024w, https:\/\/i0.wp.com\/news.avantools.pt\/wp-content\/uploads\/2019\/11\/Artist-1024-p.png?resize=300%2C168&amp;ssl=1 300w, https:\/\/i0.wp.com\/news.avantools.pt\/wp-content\/uploads\/2019\/11\/Artist-1024-p.png?resize=768%2C431&amp;ssl=1 768w, https:\/\/i0.wp.com\/news.avantools.pt\/wp-content\/uploads\/2019\/11\/Artist-1024-p.png?w=1140&amp;ssl=1 1140w\" sizes=\"auto, (max-width: 767px) 89vw, (max-width: 1000px) 54vw, (max-width: 1071px) 543px, 580px\" \/><figcaption>ARTIST 1024<\/figcaption><\/figure>\n\n\n\n<p>A <strong>RIEDEL<\/strong> situa-se na \u00e1rea do desenvolvimento e produ\u00e7\u00e3o de solu\u00e7\u00f5es tecnol\u00f3gicas destinadas ao novo mundo da <a href=\"https:\/\/www.riedel.net\/products\/intercom\/\">intercomunica\u00e7\u00e3o sobre IP<\/a> e afirmou-se a\u00ed como l\u00edder incontestado de mercado. Os seus produtos s\u00e3o a espinha dorsal dos grandes eventos, dos maiores produtores de conte\u00fados, desportivos, de entretenimento, culturais ou religiosos na Terra, <a href=\"https:\/\/www.tvtechnology.com\/opinions\/riedel-provides-endtoend-communications-solutions-for-red-bull-stratos-skydive\">na estratosfera<\/a> e at\u00e9, <a href=\"https:\/\/www.riedel.net\/news\/news-detail\/riedel-to-partner-with-ptscientists-for-mission-to-the-moon\/\">brevemente, na Lua<\/a>. N\u00e3o se trata de futurismo, s\u00e3o factos. A robustez, fiabilidade, facilidade de opera\u00e7\u00e3o e o potencial tremendo dos produtos <strong>RIEDEL<\/strong>, fazem-nos estar presentes em acontecimentos t\u00e3o diversos como os Jogos Ol\u00edmpicos ou a F\u00f3mula 1, e muitos outros grandes eventos desportivos, nos grandes palcos das grandes produ\u00e7\u00f5es mundiais, nos est\u00fadios ou nos carros de exteriores dos mais pretigiados <em>broadcasters<\/em>, em terra, no mar ou no ar, e em qualquer lugar onde a absoluta fiabilidade de comunica\u00e7\u00e3o e robustez sejam a exig\u00eancia m\u00ednima. No estrangeiro e tamb\u00e9m em Portugal.<\/p>\n\n\n\n<figure class=\"wp-block-image\"><img data-recalc-dims=\"1\" loading=\"lazy\" decoding=\"async\" width=\"525\" height=\"295\" src=\"https:\/\/i0.wp.com\/news.avantools.pt\/wp-content\/uploads\/2019\/11\/Performer-CR-4-2.png?resize=525%2C295&#038;ssl=1\" alt=\"\" class=\"wp-image-2724\" srcset=\"https:\/\/i0.wp.com\/news.avantools.pt\/wp-content\/uploads\/2019\/11\/Performer-CR-4-2.png?resize=1024%2C575&amp;ssl=1 1024w, https:\/\/i0.wp.com\/news.avantools.pt\/wp-content\/uploads\/2019\/11\/Performer-CR-4-2.png?resize=300%2C168&amp;ssl=1 300w, https:\/\/i0.wp.com\/news.avantools.pt\/wp-content\/uploads\/2019\/11\/Performer-CR-4-2.png?resize=768%2C431&amp;ssl=1 768w, https:\/\/i0.wp.com\/news.avantools.pt\/wp-content\/uploads\/2019\/11\/Performer-CR-4-2.png?w=1140&amp;ssl=1 1140w\" sizes=\"auto, (max-width: 767px) 89vw, (max-width: 1000px) 54vw, (max-width: 1071px) 543px, 580px\" \/><figcaption>Perfomer CR4<\/figcaption><\/figure>\n\n\n\n<p>Solu\u00e7\u00f5es como o <a href=\"https:\/\/www.riedel.net\/products\/intercom\/performer-partyline\/\">PERFORMER<\/a> (destinados \u00e0 intercomunica\u00e7\u00e3o entre pequenos grupos) ou o <a href=\"https:\/\/www.riedel.net\/products\/intercom\/artist\/hardware\/\">ARTIST<\/a> (destinados a grandes e complexos projectos) s\u00e3o a escolha normal para quando a intercomunica\u00e7\u00e3o e a transmiss\u00e3o de sinal n\u00e3o podem falhar. No caso do ARTIST, estamos mesmo perante uma ferramenta universal, que fala todos os standards de \u00e1udio, processa e direcciona qualquer tipo de sinal. Junto com o nov\u00edssimo e j\u00e1 amplamente premiado <a href=\"https:\/\/www.riedel.net\/products\/intercom\/bolero\/\">BOLERO<\/a> formam uma dupla que significa a mais fi\u00e1vel e sofisticada solu\u00e7\u00e3o de intercomunica\u00e7\u00e3o que poder\u00e1 encontrar, seja qual for a natureza das suas necessidades de produ\u00e7\u00e3o.<\/p>\n\n\n\n<p> <a href=\"https:\/\/www.riedel.net\/\">Saiba mais<\/a> sobre a <strong>RIEDEL<\/strong> os seus produtos e a sua ampla gama de solu\u00e7\u00f5es. Seja qual for a escala do seu projecto, <a href=\"http:\/\/avantools.pt\/contacts.html\">contacte-nos<\/a> para saber mais ainda e avaliar connosco como a <strong>RIEDEL<\/strong> o poder\u00e1 servir. <\/p>\n\n\n\n<figure class=\"wp-block-image is-resized\"><img data-recalc-dims=\"1\" loading=\"lazy\" decoding=\"async\" src=\"https:\/\/i0.wp.com\/news.avantools.pt\/wp-content\/uploads\/2018\/04\/riedel_4zu3_transparent-e1523738391227.png?resize=268%2C150&#038;ssl=1\" alt=\"\" class=\"wp-image-1263\" width=\"268\" height=\"150\"\/><\/figure>\n\n\n\n<hr class=\"wp-block-separator\"\/>\n","protected":false},"excerpt":{"rendered":"<p>No mundo da produ\u00e7\u00e3o audiovisual, do broadcast e do live, a tecnologia evoluiu de forma veloz, mas os objectivos permanecem os mesmos: captar e transmitir os conte\u00fados para mais gente, para mais longe e com qualidade de topo. Num mundo global, esta \u00e9 a enorme responsabilidade que \u00e9 assegurada pelas equipas de produ\u00e7\u00e3o, tamb\u00e9m elas &hellip; <\/p>\n<p class=\"link-more\"><a href=\"https:\/\/news.avantools.pt\/?p=2715\" class=\"more-link\">Continuar a ler <span class=\"screen-reader-text\">&#8220;Tome nota da palavra: intercomunica\u00e7\u00e3o&#8221;<\/span><\/a><\/p>\n","protected":false},"author":2,"featured_media":0,"comment_status":"closed","ping_status":"open","sticky":false,"template":"","format":"standard","meta":{"_jetpack_memberships_contains_paid_content":false,"footnotes":"","_links_to":"","_links_to_target":""},"categories":[92,482,444,95,266],"tags":[49,111,112,9],"class_list":["post-2715","post","type-post","status-publish","format-standard","hentry","category-broadcast","category-eventos","category-intercomunicacao","category-live","category-televisao","tag-artist","tag-bolero","tag-performer","tag-riedel"],"jetpack_featured_media_url":"","jetpack_sharing_enabled":true,"_links":{"self":[{"href":"https:\/\/news.avantools.pt\/index.php?rest_route=\/wp\/v2\/posts\/2715","targetHints":{"allow":["GET"]}}],"collection":[{"href":"https:\/\/news.avantools.pt\/index.php?rest_route=\/wp\/v2\/posts"}],"about":[{"href":"https:\/\/news.avantools.pt\/index.php?rest_route=\/wp\/v2\/types\/post"}],"author":[{"embeddable":true,"href":"https:\/\/news.avantools.pt\/index.php?rest_route=\/wp\/v2\/users\/2"}],"replies":[{"embeddable":true,"href":"https:\/\/news.avantools.pt\/index.php?rest_route=%2Fwp%2Fv2%2Fcomments&post=2715"}],"version-history":[{"count":18,"href":"https:\/\/news.avantools.pt\/index.php?rest_route=\/wp\/v2\/posts\/2715\/revisions"}],"predecessor-version":[{"id":2738,"href":"https:\/\/news.avantools.pt\/index.php?rest_route=\/wp\/v2\/posts\/2715\/revisions\/2738"}],"wp:attachment":[{"href":"https:\/\/news.avantools.pt\/index.php?rest_route=%2Fwp%2Fv2%2Fmedia&parent=2715"}],"wp:term":[{"taxonomy":"category","embeddable":true,"href":"https:\/\/news.avantools.pt\/index.php?rest_route=%2Fwp%2Fv2%2Fcategories&post=2715"},{"taxonomy":"post_tag","embeddable":true,"href":"https:\/\/news.avantools.pt\/index.php?rest_route=%2Fwp%2Fv2%2Ftags&post=2715"}],"curies":[{"name":"wp","href":"https:\/\/api.w.org\/{rel}","templated":true}]}}