{"id":274,"date":"2018-01-05T16:45:00","date_gmt":"2018-01-05T16:45:00","guid":{"rendered":"http:\/\/avantools.pt\/noticias\/radio-e-futuro"},"modified":"2018-04-01T19:36:23","modified_gmt":"2018-04-01T18:36:23","slug":"radio-e-futuro","status":"publish","type":"post","link":"https:\/\/news.avantools.pt\/?p=274","title":{"rendered":"R\u00e1dio e futuro"},"content":{"rendered":"<p>\u201cAs not\u00edcias sobre a minha morte foram manifestamente exageradas\u201d, ter\u00e1 dito ironicamente Mark Twain. A mesma frase poder\u00e1 ser aplicada \u00e0 &#8220;morte&#8221; da R\u00e1dio.<br \/>\nAs novas tecnologias transformam a R\u00e1dio no novo <i><em>medium<\/em><\/i> privilegiado.<\/p>\n<p style=\"text-align: center;\"><img decoding=\"async\" src=\"\/images\/radio-studio-1.jpg?Action=thumbnail&amp;algorithm=fill_proportional&amp;width=560\" width=\"560\" \/><\/p>\n<p>A tecnologia digital \u00e9 hoje uma dado adquirido pela R\u00e1dio. O debate sobre o <b><strong>DAB<\/strong><\/b> e a <b><strong>Internet<\/strong><\/b> \u00e9 apenas um dos afloramentos do impacto dessa tecnologia neste meio. Mas o futuro reserva-nos mais e ainda mais poderosas\u00a0 possibilidades.<\/p>\n<p>A prolifera\u00e7\u00e3o de <i>smart speakers<\/i> e a sua aplica\u00e7\u00e3o, em particular, nos autom\u00f3veis, a evolu\u00e7\u00e3o do <i>Audio over IP<\/i> (<b><strong>AoIP<\/strong><\/b>) e o <b><strong>5G<\/strong><\/b> s\u00e3o algumas das tecnologias que confirmam, anunciam ou prenunciam novos caminhos para a R\u00e1dio.<\/p>\n<p>O <strong>5G<\/strong> \u00e9 uma destas tecnologias que vai formatar a R\u00e1dio do futuro. A norma que o define cont\u00e9m um <em>interface<\/em> espec\u00edfico para R\u00e1dio, o que significa, entre muitas outras funcionalidades, a possibilidade de cria\u00e7\u00e3o de novos tipos de conte\u00fados, incluindo metadata.<\/p>\n<p>Saiba mais sobre estes novos desafios <a title=\"radio future\" href=\"https:\/\/www.psneurope.com\/broadcast\/radio-tech-con-2017-round-up\" target=\"_blank\" rel=\"noopener\">aqui<\/a>.<\/p>\n<p>Para enfrentar os desafios do futuro a R\u00e1dio conta com a AVANTOOLS.<\/p>\n<p><a title=\"lawo\" href=\"http:\/\/lawo.com\/\" target=\"_blank\" rel=\"noopener\">LAWO<\/a>, <a title=\"sonifex\" href=\"http:\/\/www.sonifex.co.uk\/\" target=\"_blank\" rel=\"noopener\">SONIFEX<\/a>, <a title=\"glensound\" href=\"http:\/\/glensound.co.uk\/\" target=\"_blank\" rel=\"noopener\">GLENSOUND<\/a>, <a title=\"yellowtec\" href=\"http:\/\/yellowtec.com\/\" target=\"_blank\" rel=\"noopener\">YELLOWTEC<\/a>, <a title=\"orban\" href=\"https:\/\/www.orban.com\/\" target=\"_blank\" rel=\"noopener\">ORBAN<\/a>, s\u00e3o algumas das marcas por n\u00f3s distribu\u00eddas, que desenvolvem produtos destinados \u00e0 R\u00e1dio do futuro.<\/p>\n<p><a href=\"\/contacts.html\">Venha falar connosco.<\/a><\/p>\n<p>Encontraremos, juntos, solu\u00e7\u00f5es para o acompanhar nesta caminhada para o futuro.<\/p>\n<p>&nbsp;<\/p>\n<p>&nbsp;<\/p>\n<p style=\"text-align: right;\"><img decoding=\"async\" src=\"\/images\/avantoolscubelogo.jpg\" \/><\/p>\n<hr \/>\n","protected":false},"excerpt":{"rendered":"<p>\u201cAs not\u00edcias sobre a minha morte foram manifestamente exageradas\u201d, ter\u00e1 dito ironicamente Mark Twain. A mesma frase poder\u00e1 ser aplicada \u00e0 &#8220;morte&#8221; da R\u00e1dio. As novas tecnologias transformam a R\u00e1dio no novo medium privilegiado. A tecnologia digital \u00e9 hoje uma dado adquirido pela R\u00e1dio. O debate sobre o DAB e a Internet \u00e9 apenas um &hellip; <\/p>\n<p class=\"link-more\"><a href=\"https:\/\/news.avantools.pt\/?p=274\" class=\"more-link\">Continuar a ler <span class=\"screen-reader-text\">&#8220;R\u00e1dio e futuro&#8221;<\/span><\/a><\/p>\n","protected":false},"author":2,"featured_media":0,"comment_status":"open","ping_status":"open","sticky":false,"template":"","format":"standard","meta":{"_jetpack_memberships_contains_paid_content":false,"footnotes":"","_links_to":"","_links_to_target":""},"categories":[92,93],"tags":[128,19,127,24,129,2,21,120,59],"class_list":["post-274","post","type-post","status-publish","format-standard","hentry","category-broadcast","category-radio","tag-5g","tag-aoip","tag-dab","tag-glensound","tag-internet","tag-lawo","tag-orban","tag-sonifex","tag-yellowtec"],"jetpack_featured_media_url":"","jetpack_sharing_enabled":true,"_links":{"self":[{"href":"https:\/\/news.avantools.pt\/index.php?rest_route=\/wp\/v2\/posts\/274","targetHints":{"allow":["GET"]}}],"collection":[{"href":"https:\/\/news.avantools.pt\/index.php?rest_route=\/wp\/v2\/posts"}],"about":[{"href":"https:\/\/news.avantools.pt\/index.php?rest_route=\/wp\/v2\/types\/post"}],"author":[{"embeddable":true,"href":"https:\/\/news.avantools.pt\/index.php?rest_route=\/wp\/v2\/users\/2"}],"replies":[{"embeddable":true,"href":"https:\/\/news.avantools.pt\/index.php?rest_route=%2Fwp%2Fv2%2Fcomments&post=274"}],"version-history":[{"count":2,"href":"https:\/\/news.avantools.pt\/index.php?rest_route=\/wp\/v2\/posts\/274\/revisions"}],"predecessor-version":[{"id":700,"href":"https:\/\/news.avantools.pt\/index.php?rest_route=\/wp\/v2\/posts\/274\/revisions\/700"}],"wp:attachment":[{"href":"https:\/\/news.avantools.pt\/index.php?rest_route=%2Fwp%2Fv2%2Fmedia&parent=274"}],"wp:term":[{"taxonomy":"category","embeddable":true,"href":"https:\/\/news.avantools.pt\/index.php?rest_route=%2Fwp%2Fv2%2Fcategories&post=274"},{"taxonomy":"post_tag","embeddable":true,"href":"https:\/\/news.avantools.pt\/index.php?rest_route=%2Fwp%2Fv2%2Ftags&post=274"}],"curies":[{"name":"wp","href":"https:\/\/api.w.org\/{rel}","templated":true}]}}