{"id":2885,"date":"2020-01-26T19:33:00","date_gmt":"2020-01-26T19:33:00","guid":{"rendered":"http:\/\/news.avantools.pt\/?p=2885"},"modified":"2020-01-27T11:33:35","modified_gmt":"2020-01-27T11:33:35","slug":"mais-proximo-do-publico","status":"publish","type":"post","link":"https:\/\/news.avantools.pt\/?p=2885","title":{"rendered":"Mais pr\u00f3ximo do p\u00fablico"},"content":{"rendered":"\n<p>Na \u00e1rea do <em>broadcast<\/em>, a digitaliza\u00e7\u00e3o de todas as fases de produ\u00e7\u00e3o trouxe, para al\u00e9m de um novo paradigma de contacto com as audi\u00eancias, um conjunto de excitantes possibilidades, que ainda n\u00e3o est\u00e3o a ser exploradas na sua plenitude. Misturar r\u00e1dio, televis\u00e3o, internet e redes sociais \u00e9 o caminho a trilhar porque responde a necessidades e tend\u00eancias reais do p\u00fablico. As solu\u00e7\u00f5es t\u00e9cnicas para o fazer existem e a <strong>LAWO<\/strong> est\u00e1, neste cap\u00edtulo, na vanguarda, oferecendo um conjunto muito poderoso de ferramentas.<\/p>\n\n\n\n<figure class=\"wp-block-image size-large\"><img data-recalc-dims=\"1\" loading=\"lazy\" decoding=\"async\" width=\"525\" height=\"263\" src=\"https:\/\/i0.wp.com\/news.avantools.pt\/wp-content\/uploads\/2020\/01\/19-08-15_Mediaparc_RadioFr_Studio-660x330-1.jpg?resize=525%2C263&#038;ssl=1\" alt=\"\" class=\"wp-image-2887\" srcset=\"https:\/\/i0.wp.com\/news.avantools.pt\/wp-content\/uploads\/2020\/01\/19-08-15_Mediaparc_RadioFr_Studio-660x330-1.jpg?w=660&amp;ssl=1 660w, https:\/\/i0.wp.com\/news.avantools.pt\/wp-content\/uploads\/2020\/01\/19-08-15_Mediaparc_RadioFr_Studio-660x330-1.jpg?resize=300%2C150&amp;ssl=1 300w\" sizes=\"auto, (max-width: 525px) 100vw, 525px\" \/><\/figure>\n\n\n\n<p>Costumavam ser \u00e1reas separadas, cada uma com as suas solu\u00e7\u00f5es de conte\u00fados, os seus protagonistas, os seus t\u00e9cnicos, a sua tecnologia. A digitaliza\u00e7\u00e3o gradual de todos os fluxos de trabalho veio mostrar que os recursos s\u00e3o partilh\u00e1veis, as opera\u00e7\u00f5es podem ser sincroniz\u00e1veis e os conte\u00fados podem assim ser comuns. Cabe ao p\u00fablico escolher a melhor e mais c\u00f3moda forma de aceder a todos esses conte\u00fados. O melhor local, o meio mais adequado, o hor\u00e1rio mais apropriado. <\/p>\n\n\n\n<div class=\"wp-block-image\"><figure class=\"alignleft size-large is-resized\"><img data-recalc-dims=\"1\" loading=\"lazy\" decoding=\"async\" src=\"https:\/\/i0.wp.com\/news.avantools.pt\/wp-content\/uploads\/2020\/01\/IMG_9396-1.jpg?resize=338%2C254&#038;ssl=1\" alt=\"\" class=\"wp-image-2888\" width=\"338\" height=\"254\" srcset=\"https:\/\/i0.wp.com\/news.avantools.pt\/wp-content\/uploads\/2020\/01\/IMG_9396-1.jpg?resize=1024%2C768&amp;ssl=1 1024w, https:\/\/i0.wp.com\/news.avantools.pt\/wp-content\/uploads\/2020\/01\/IMG_9396-1.jpg?resize=300%2C225&amp;ssl=1 300w, https:\/\/i0.wp.com\/news.avantools.pt\/wp-content\/uploads\/2020\/01\/IMG_9396-1.jpg?resize=768%2C576&amp;ssl=1 768w, https:\/\/i0.wp.com\/news.avantools.pt\/wp-content\/uploads\/2020\/01\/IMG_9396-1.jpg?w=1026&amp;ssl=1 1026w\" sizes=\"auto, (max-width: 338px) 100vw, 338px\" \/><figcaption>Mediaparc da RadioFr<\/figcaption><\/figure><\/div>\n\n\n\n<p>No princ\u00edpio, a aus\u00eancia ou disparidade de normas e meios tornava esta inclus\u00e3o um processo dif\u00edcil. Mas as potenciais vantagens e a l\u00f3gica poderosa desta inclus\u00e3o tornam-se claras para todos. Os profissionais cedo perceberam que os recursos que est\u00e3o a usar s\u00e3o os mesmos, quer se trate de r\u00e1dio, de televis\u00e3o ou de outro qualquer <em>medium<\/em>, na redac\u00e7\u00e3o, no exterior, num est\u00fadio ou <em>live<\/em>. O p\u00fablico, esse, pula sem qualquer dificuldade de um meio para outro, com destaque especial para o sector mais jovem, habituado que est\u00e1 \u00e0 utiliza\u00e7\u00e3o e partilha de conte\u00fados atrav\u00e9s da rede. O que mudou, verdadeiramente, foi a normaliza\u00e7\u00e3o na gera\u00e7\u00e3o, na produ\u00e7\u00e3o e no transporte do sinal. O que se ganhou foi uma flexibilidade de trabalho sem paralelo, a possibilidade de partilha total de recursos e a descentraliza\u00e7\u00e3o da produ\u00e7\u00e3o. Esta pode ser feita de forma partilhada e deslocalizada, e o sinal est\u00e1 dispon\u00edvel em qualquer lado, a qualquer momento. Toda a produ\u00e7\u00e3o no <em>broadcast<\/em>, seja a que n\u00edvel ou dimens\u00e3o for, passa agora de uma l\u00f3gica <em>baseband<\/em> para uma l\u00f3gica IP. <\/p>\n\n\n\n<div class=\"wp-block-image\"><figure class=\"alignright size-large is-resized\"><img data-recalc-dims=\"1\" loading=\"lazy\" decoding=\"async\" src=\"https:\/\/i0.wp.com\/news.avantools.pt\/wp-content\/uploads\/2020\/01\/IMG_9719.jpg?resize=318%2C239&#038;ssl=1\" alt=\"\" class=\"wp-image-2889\" width=\"318\" height=\"239\" srcset=\"https:\/\/i0.wp.com\/news.avantools.pt\/wp-content\/uploads\/2020\/01\/IMG_9719.jpg?resize=1024%2C768&amp;ssl=1 1024w, https:\/\/i0.wp.com\/news.avantools.pt\/wp-content\/uploads\/2020\/01\/IMG_9719.jpg?resize=300%2C225&amp;ssl=1 300w, https:\/\/i0.wp.com\/news.avantools.pt\/wp-content\/uploads\/2020\/01\/IMG_9719.jpg?resize=768%2C576&amp;ssl=1 768w, https:\/\/i0.wp.com\/news.avantools.pt\/wp-content\/uploads\/2020\/01\/IMG_9719.jpg?w=1026&amp;ssl=1 1026w\" sizes=\"auto, (max-width: 318px) 100vw, 318px\" \/><\/figure><\/div>\n\n\n\n<p>A <strong>LAWO<\/strong> est\u00e1 na vanguarda da cria\u00e7\u00e3o de solu\u00e7\u00f5es para este mundo novo que agora se abre rapidamente. Veja <a href=\"https:\/\/youtu.be\/YKc4Mr9hVUc\">aqui<\/a> no exemplo da sui\u00e7a <a href=\"https:\/\/www.radiofr.ch\/fr.html\">Radio Friburgo<\/a>, o que \u00e9 a R\u00e1dio do s\u00e9culo XXI, o s\u00e3o os novos caminhos do <em>broadcast<\/em>. Leia <a href=\"https:\/\/www.thebroadcastbridge.com\/content\/entry\/14554\/exploring-the-cutting-edge-of-broadcast-control\">aqui<\/a> sobre as novas formas de controlar todos os recursos modernos, via IP.<\/p>\n\n\n\n<p><a href=\"https:\/\/www.lawo.com\/home.html\">Saiba mais<\/a> sobre a <strong>LAWO<\/strong> e as suas solu\u00e7\u00f5es ou <a href=\"http:\/\/avantools.pt\/contacts.html\">venha falar connosco<\/a> para saber mais ainda e ver connosco qual a solu\u00e7\u00e3o que melhor se adapta \u00e0s suas necessidades. <\/p>\n\n\n\n<figure class=\"wp-block-image size-large is-resized\"><img data-recalc-dims=\"1\" loading=\"lazy\" decoding=\"async\" src=\"https:\/\/i0.wp.com\/news.avantools.pt\/wp-content\/uploads\/2019\/09\/Lawo_Logo.gif?resize=167%2C167&#038;ssl=1\" alt=\"\" class=\"wp-image-2447\" width=\"167\" height=\"167\"\/><\/figure>\n\n\n\n<hr class=\"wp-block-separator\"\/>\n","protected":false},"excerpt":{"rendered":"<p>Na \u00e1rea do broadcast, a digitaliza\u00e7\u00e3o de todas as fases de produ\u00e7\u00e3o trouxe, para al\u00e9m de um novo paradigma de contacto com as audi\u00eancias, um conjunto de excitantes possibilidades, que ainda n\u00e3o est\u00e3o a ser exploradas na sua plenitude. Misturar r\u00e1dio, televis\u00e3o, internet e redes sociais \u00e9 o caminho a trilhar porque responde a necessidades &hellip; <\/p>\n<p class=\"link-more\"><a href=\"https:\/\/news.avantools.pt\/?p=2885\" class=\"more-link\">Continuar a ler <span class=\"screen-reader-text\">&#8220;Mais pr\u00f3ximo do p\u00fablico&#8221;<\/span><\/a><\/p>\n","protected":false},"author":2,"featured_media":0,"comment_status":"closed","ping_status":"open","sticky":false,"template":"","format":"standard","meta":{"_jetpack_memberships_contains_paid_content":false,"footnotes":"","_links_to":"","_links_to_target":""},"categories":[92,483,93,94,266],"tags":[2],"class_list":["post-2885","post","type-post","status-publish","format-standard","hentry","category-broadcast","category-producao","category-radio","category-studio","category-televisao","tag-lawo"],"jetpack_featured_media_url":"","jetpack_sharing_enabled":true,"_links":{"self":[{"href":"https:\/\/news.avantools.pt\/index.php?rest_route=\/wp\/v2\/posts\/2885","targetHints":{"allow":["GET"]}}],"collection":[{"href":"https:\/\/news.avantools.pt\/index.php?rest_route=\/wp\/v2\/posts"}],"about":[{"href":"https:\/\/news.avantools.pt\/index.php?rest_route=\/wp\/v2\/types\/post"}],"author":[{"embeddable":true,"href":"https:\/\/news.avantools.pt\/index.php?rest_route=\/wp\/v2\/users\/2"}],"replies":[{"embeddable":true,"href":"https:\/\/news.avantools.pt\/index.php?rest_route=%2Fwp%2Fv2%2Fcomments&post=2885"}],"version-history":[{"count":15,"href":"https:\/\/news.avantools.pt\/index.php?rest_route=\/wp\/v2\/posts\/2885\/revisions"}],"predecessor-version":[{"id":2903,"href":"https:\/\/news.avantools.pt\/index.php?rest_route=\/wp\/v2\/posts\/2885\/revisions\/2903"}],"wp:attachment":[{"href":"https:\/\/news.avantools.pt\/index.php?rest_route=%2Fwp%2Fv2%2Fmedia&parent=2885"}],"wp:term":[{"taxonomy":"category","embeddable":true,"href":"https:\/\/news.avantools.pt\/index.php?rest_route=%2Fwp%2Fv2%2Fcategories&post=2885"},{"taxonomy":"post_tag","embeddable":true,"href":"https:\/\/news.avantools.pt\/index.php?rest_route=%2Fwp%2Fv2%2Ftags&post=2885"}],"curies":[{"name":"wp","href":"https:\/\/api.w.org\/{rel}","templated":true}]}}