{"id":290,"date":"2016-09-16T00:00:00","date_gmt":"2016-09-15T23:00:00","guid":{"rendered":"http:\/\/avantools.pt\/noticias\/riedel-adquire-asl-intercom-bv"},"modified":"2018-04-03T11:40:41","modified_gmt":"2018-04-03T10:40:41","slug":"riedel-adquire-asl-intercom-bv","status":"publish","type":"post","link":"https:\/\/news.avantools.pt\/?p=290","title":{"rendered":"Riedel adquire ASL Intercom BV"},"content":{"rendered":"<p><strong>RIEDEL<\/strong> em for\u00e7a no universo das tecnologias da comunica\u00e7\u00e3o com a aquisi\u00e7\u00e3o da holandesa <strong>ASL Intercom BV<\/strong>.<\/p>\n<p><img data-recalc-dims=\"1\" decoding=\"async\" class=\"aligncenter\" src=\"https:\/\/i0.wp.com\/wwwavantoolseu.worldsecuresystems.com\/images\/51348d903dbc9.jpg?w=525&#038;ssl=1\"  \/><\/p>\n<p>O objectivo \u00e9 o de refor\u00e7ar a capacidade neste exigente e florescente campo das tecnologias intercom destinadas ao broadcast e ao entretenimento live.<br \/>\nA <strong>ASL Intercom<\/strong> \u00e9 uma empresa com grande proje\u00e7\u00e3o e um portfolio muito significativo no dom\u00ednio da <em>digital partyline. <\/em>Os produtos da <a title=\"asl intercom\" href=\"http:\/\/asl-inter.com\/\" target=\"_blank\" rel=\"noopener\">ASL Intercom<\/a> adaptam-se de imediato a um significativo conjunto de aplica\u00e7\u00f5es que constituem o centro da actividade da <a title=\"riedel\" href=\"https:\/\/www.riedel.net\/\" target=\"_blank\" rel=\"noopener\"><strong>RIEDEL<\/strong><\/a>.<\/p>\n<p>Saiba mais sobre esta aquisi\u00e7\u00e3o <a title=\"asl intercom link\" href=\"https:\/\/www.riedel.net\/en\/news\/news-detail\/riedel-acquires-asl-intercom-bv\/\" target=\"_blank\" rel=\"noopener\">aqui<\/a>.<\/p>\n<p><a href=\"\/contacts.html\">Consulte-nos<\/a> para conhecer as solu\u00e7\u00f5es <strong>RIEDEL<\/strong>.<\/p>\n<p style=\"text-align: right;\"><img decoding=\"async\" src=\"\/images\/2012_logo.png\" \/><\/p>\n<hr \/>\n","protected":false},"excerpt":{"rendered":"<p>RIEDEL em for\u00e7a no universo das tecnologias da comunica\u00e7\u00e3o com a aquisi\u00e7\u00e3o da holandesa ASL Intercom BV. O objectivo \u00e9 o de refor\u00e7ar a capacidade neste exigente e florescente campo das tecnologias intercom destinadas ao broadcast e ao entretenimento live. A ASL Intercom \u00e9 uma empresa com grande proje\u00e7\u00e3o e um portfolio muito significativo no &hellip; <\/p>\n<p class=\"link-more\"><a href=\"https:\/\/news.avantools.pt\/?p=290\" class=\"more-link\">Continuar a ler <span class=\"screen-reader-text\">&#8220;Riedel adquire ASL Intercom BV&#8221;<\/span><\/a><\/p>\n","protected":false},"author":2,"featured_media":0,"comment_status":"open","ping_status":"open","sticky":false,"template":"","format":"standard","meta":{"_jetpack_memberships_contains_paid_content":false,"footnotes":"","_links_to":"","_links_to_target":""},"categories":[92],"tags":[302,9],"class_list":["post-290","post","type-post","status-publish","format-standard","hentry","category-broadcast","tag-asl-intercom","tag-riedel"],"jetpack_featured_media_url":"","jetpack_sharing_enabled":true,"_links":{"self":[{"href":"https:\/\/news.avantools.pt\/index.php?rest_route=\/wp\/v2\/posts\/290","targetHints":{"allow":["GET"]}}],"collection":[{"href":"https:\/\/news.avantools.pt\/index.php?rest_route=\/wp\/v2\/posts"}],"about":[{"href":"https:\/\/news.avantools.pt\/index.php?rest_route=\/wp\/v2\/types\/post"}],"author":[{"embeddable":true,"href":"https:\/\/news.avantools.pt\/index.php?rest_route=\/wp\/v2\/users\/2"}],"replies":[{"embeddable":true,"href":"https:\/\/news.avantools.pt\/index.php?rest_route=%2Fwp%2Fv2%2Fcomments&post=290"}],"version-history":[{"count":3,"href":"https:\/\/news.avantools.pt\/index.php?rest_route=\/wp\/v2\/posts\/290\/revisions"}],"predecessor-version":[{"id":1065,"href":"https:\/\/news.avantools.pt\/index.php?rest_route=\/wp\/v2\/posts\/290\/revisions\/1065"}],"wp:attachment":[{"href":"https:\/\/news.avantools.pt\/index.php?rest_route=%2Fwp%2Fv2%2Fmedia&parent=290"}],"wp:term":[{"taxonomy":"category","embeddable":true,"href":"https:\/\/news.avantools.pt\/index.php?rest_route=%2Fwp%2Fv2%2Fcategories&post=290"},{"taxonomy":"post_tag","embeddable":true,"href":"https:\/\/news.avantools.pt\/index.php?rest_route=%2Fwp%2Fv2%2Ftags&post=290"}],"curies":[{"name":"wp","href":"https:\/\/api.w.org\/{rel}","templated":true}]}}