{"id":291,"date":"2016-08-07T21:53:00","date_gmt":"2016-08-07T20:53:00","guid":{"rendered":"http:\/\/avantools.pt\/noticias\/riedel-no-rio"},"modified":"2018-04-03T11:11:00","modified_gmt":"2018-04-03T10:11:00","slug":"riedel-no-rio","status":"publish","type":"post","link":"https:\/\/news.avantools.pt\/?p=291","title":{"rendered":"Riedel no Rio"},"content":{"rendered":"<p>A <strong>RIEDEL<\/strong> est\u00e1 presente no grande palco dos Jogos Ol\u00edmpicos Rio2016. A NHK realiza a\u00ed a primeira grande produ\u00e7\u00e3o para TV em 8K. A Riedel participa nesta iniciativa pioneira.<\/p>\n<p><img data-recalc-dims=\"1\" decoding=\"async\" class=\"aligncenter\" src=\"https:\/\/i0.wp.com\/wwwavantoolseu.worldsecuresystems.com\/Artist.jpg?w=525&#038;ssl=1\"  \/><\/p>\n<p><img data-recalc-dims=\"1\" decoding=\"async\" class=\"aligncenter\" src=\"https:\/\/i0.wp.com\/wwwavantoolseu.worldsecuresystems.com\/images\/NHK.jpg?w=525&#038;ssl=1\"  \/><\/p>\n<p><img data-recalc-dims=\"1\" decoding=\"async\" class=\"aligncenter\" src=\"https:\/\/i0.wp.com\/wwwavantoolseu.worldsecuresystems.com\/images\/NEP.jpg?w=525&#038;ssl=1\"  \/><\/p>\n<p style=\"text-align: center;\">\n<p>A <strong>RIEDEL<\/strong> est\u00e1 presente nos Jogos Ol\u00edmpicos do Rio. Na primeira grande <a title=\"nhk 8k\" href=\"http:\/\/www.ibtimes.co.uk\/japan-begins-8k-broadcasts-time-rio-olympics-1573793\" target=\"_blank\" rel=\"noopener\">produ\u00e7\u00e3o para televis\u00e3o em 8K<\/a> do mundo, a japonesa <a title=\"nhk olympics\" href=\"http:\/\/www3.nhk.or.jp\/nhkworld\/en\/news\/20160806_07\/\" target=\"_blank\" rel=\"noopener\">NHK<\/a> (cf. foto de carro de exteriores acima) conta com a <strong><a title=\"mediornet\" href=\"https:\/\/www.riedel.net\/en\/products\/media-networks\/mediornet-modular\/\" target=\"_blank\" rel=\"noopener\">Mediornet<\/a><\/strong> da <strong>RIEDEL<\/strong> para gerir a comunica\u00e7\u00e3o de dados. A belga <a title=\"NEP\" href=\"http:\/\/nepgroup.be\/en\/?cat=4\" target=\"_blank\" rel=\"noopener\">NEP<\/a> usa, por seu turno, o <strong><a title=\"artist riedel\" href=\"https:\/\/www.riedel.net\/en\/products\/intercom\/artist-digital-matrix-intercom\/\" target=\"_blank\" rel=\"noopener\">Artist<\/a><\/strong> no seu carro de exteriores (cf. tamb\u00e9m foto acima).<\/p>\n<p>Saiba mais sobre estes e outros produtos da <strong>RIEDEL<\/strong>, <a href=\"\/contacts.html\">contacte-nos<\/a>.<\/p>\n<p>&nbsp;<\/p>\n<p style=\"text-align: right;\"><img decoding=\"async\" src=\"\/images\/2012_logo.png\" \/><\/p>\n<hr \/>\n<p>&nbsp;<\/p>\n<p>&nbsp;<\/p>\n","protected":false},"excerpt":{"rendered":"<p>A RIEDEL est\u00e1 presente no grande palco dos Jogos Ol\u00edmpicos Rio2016. A NHK realiza a\u00ed a primeira grande produ\u00e7\u00e3o para TV em 8K. A Riedel participa nesta iniciativa pioneira. A RIEDEL est\u00e1 presente nos Jogos Ol\u00edmpicos do Rio. Na primeira grande produ\u00e7\u00e3o para televis\u00e3o em 8K do mundo, a japonesa NHK (cf. foto de carro &hellip; <\/p>\n<p class=\"link-more\"><a href=\"https:\/\/news.avantools.pt\/?p=291\" class=\"more-link\">Continuar a ler <span class=\"screen-reader-text\">&#8220;Riedel no Rio&#8221;<\/span><\/a><\/p>\n","protected":false},"author":2,"featured_media":0,"comment_status":"open","ping_status":"open","sticky":false,"template":"","format":"standard","meta":{"_jetpack_memberships_contains_paid_content":false,"footnotes":"","_links_to":"","_links_to_target":""},"categories":[92],"tags":[49,85,9,288],"class_list":["post-291","post","type-post","status-publish","format-standard","hentry","category-broadcast","tag-artist","tag-mediornet","tag-riedel","tag-rio2016"],"jetpack_featured_media_url":"","jetpack_sharing_enabled":true,"_links":{"self":[{"href":"https:\/\/news.avantools.pt\/index.php?rest_route=\/wp\/v2\/posts\/291","targetHints":{"allow":["GET"]}}],"collection":[{"href":"https:\/\/news.avantools.pt\/index.php?rest_route=\/wp\/v2\/posts"}],"about":[{"href":"https:\/\/news.avantools.pt\/index.php?rest_route=\/wp\/v2\/types\/post"}],"author":[{"embeddable":true,"href":"https:\/\/news.avantools.pt\/index.php?rest_route=\/wp\/v2\/users\/2"}],"replies":[{"embeddable":true,"href":"https:\/\/news.avantools.pt\/index.php?rest_route=%2Fwp%2Fv2%2Fcomments&post=291"}],"version-history":[{"count":3,"href":"https:\/\/news.avantools.pt\/index.php?rest_route=\/wp\/v2\/posts\/291\/revisions"}],"predecessor-version":[{"id":1044,"href":"https:\/\/news.avantools.pt\/index.php?rest_route=\/wp\/v2\/posts\/291\/revisions\/1044"}],"wp:attachment":[{"href":"https:\/\/news.avantools.pt\/index.php?rest_route=%2Fwp%2Fv2%2Fmedia&parent=291"}],"wp:term":[{"taxonomy":"category","embeddable":true,"href":"https:\/\/news.avantools.pt\/index.php?rest_route=%2Fwp%2Fv2%2Fcategories&post=291"},{"taxonomy":"post_tag","embeddable":true,"href":"https:\/\/news.avantools.pt\/index.php?rest_route=%2Fwp%2Fv2%2Ftags&post=291"}],"curies":[{"name":"wp","href":"https:\/\/api.w.org\/{rel}","templated":true}]}}