{"id":292,"date":"2016-08-01T00:00:00","date_gmt":"2016-07-31T23:00:00","guid":{"rendered":"http:\/\/avantools.pt\/noticias\/riedel-apresenta-novidades"},"modified":"2018-04-03T10:58:48","modified_gmt":"2018-04-03T09:58:48","slug":"riedel-apresenta-novidades","status":"publish","type":"post","link":"https:\/\/news.avantools.pt\/?p=292","title":{"rendered":"Riedel apresenta novidades"},"content":{"rendered":"<p>A <strong>RIEDEL<\/strong> veio apresentar as suas novidades a Lisboa. A RTP foi o local escolhido para esta apresenta\u00e7\u00e3o.<\/p>\n<p><img data-recalc-dims=\"1\" decoding=\"async\" class=\"aligncenter\" src=\"https:\/\/i0.wp.com\/wwwavantoolseu.worldsecuresystems.com\/images\/Riedel%20RTP1.jpg?w=525&#038;ssl=1\"  \/><\/p>\n<p><img data-recalc-dims=\"1\" decoding=\"async\" class=\"aligncenter\" src=\"https:\/\/i0.wp.com\/wwwavantoolseu.worldsecuresystems.com\/images\/Riedel%20RTP2.jpg?w=525&#038;ssl=1\"  \/><\/p>\n<p>As \u00faltimas novidades da <strong><a title=\"riedel\" href=\"https:\/\/www.riedel.net\/\" target=\"_blank\" rel=\"noopener\">RIEDEL<\/a><\/strong> foram apresentadas em Portugal. Em destaque, particularmente, a <strong>Mediornet<\/strong> (veja outras not\u00edcias sobre este produto <a title=\"mediornet\" href=\"http:\/\/www.avantools.eu\/noticias\/um-novo-conceito-de-carro-de-exteriores\" target=\"_blank\" rel=\"noopener\">aqui<\/a>).<\/p>\n<p>A RTP foi o local escolhido para esta apresenta\u00e7\u00e3o,\u00a0organizada pela Avantools, que esteve a cargo de Maribel Rom\u00e1n, da Direc\u00e7\u00e3o Comercial da <strong>RIEDEL <\/strong>Communications South Europe S.L.U. e Marcos Talamonti, do departamento de engenharia.<\/p>\n<p><a href=\"\/contacts.html\">Contacte-nos<\/a> para mais informa\u00e7\u00f5es sobre a <strong>RIEDEL<\/strong> e os seus produtos.<\/p>\n<p>&nbsp;<\/p>\n<p style=\"text-align: right;\"><img decoding=\"async\" src=\"\/images\/2012_logo.png\" \/><\/p>\n<hr \/>\n","protected":false},"excerpt":{"rendered":"<p>A RIEDEL veio apresentar as suas novidades a Lisboa. A RTP foi o local escolhido para esta apresenta\u00e7\u00e3o. As \u00faltimas novidades da RIEDEL foram apresentadas em Portugal. Em destaque, particularmente, a Mediornet (veja outras not\u00edcias sobre este produto aqui). A RTP foi o local escolhido para esta apresenta\u00e7\u00e3o,\u00a0organizada pela Avantools, que esteve a cargo de &hellip; <\/p>\n<p class=\"link-more\"><a href=\"https:\/\/news.avantools.pt\/?p=292\" class=\"more-link\">Continuar a ler <span class=\"screen-reader-text\">&#8220;Riedel apresenta novidades&#8221;<\/span><\/a><\/p>\n","protected":false},"author":2,"featured_media":0,"comment_status":"open","ping_status":"open","sticky":false,"template":"","format":"standard","meta":{"_jetpack_memberships_contains_paid_content":false,"footnotes":"","_links_to":"","_links_to_target":""},"categories":[92],"tags":[85,9,110],"class_list":["post-292","post","type-post","status-publish","format-standard","hentry","category-broadcast","tag-mediornet","tag-riedel","tag-rtp"],"jetpack_featured_media_url":"","jetpack_sharing_enabled":true,"_links":{"self":[{"href":"https:\/\/news.avantools.pt\/index.php?rest_route=\/wp\/v2\/posts\/292","targetHints":{"allow":["GET"]}}],"collection":[{"href":"https:\/\/news.avantools.pt\/index.php?rest_route=\/wp\/v2\/posts"}],"about":[{"href":"https:\/\/news.avantools.pt\/index.php?rest_route=\/wp\/v2\/types\/post"}],"author":[{"embeddable":true,"href":"https:\/\/news.avantools.pt\/index.php?rest_route=\/wp\/v2\/users\/2"}],"replies":[{"embeddable":true,"href":"https:\/\/news.avantools.pt\/index.php?rest_route=%2Fwp%2Fv2%2Fcomments&post=292"}],"version-history":[{"count":2,"href":"https:\/\/news.avantools.pt\/index.php?rest_route=\/wp\/v2\/posts\/292\/revisions"}],"predecessor-version":[{"id":1037,"href":"https:\/\/news.avantools.pt\/index.php?rest_route=\/wp\/v2\/posts\/292\/revisions\/1037"}],"wp:attachment":[{"href":"https:\/\/news.avantools.pt\/index.php?rest_route=%2Fwp%2Fv2%2Fmedia&parent=292"}],"wp:term":[{"taxonomy":"category","embeddable":true,"href":"https:\/\/news.avantools.pt\/index.php?rest_route=%2Fwp%2Fv2%2Fcategories&post=292"},{"taxonomy":"post_tag","embeddable":true,"href":"https:\/\/news.avantools.pt\/index.php?rest_route=%2Fwp%2Fv2%2Ftags&post=292"}],"curies":[{"name":"wp","href":"https:\/\/api.w.org\/{rel}","templated":true}]}}