{"id":295,"date":"2016-06-27T23:55:00","date_gmt":"2016-06-27T22:55:00","guid":{"rendered":"http:\/\/avantools.pt\/noticias\/seminario-loudness-1"},"modified":"2018-04-03T01:16:33","modified_gmt":"2018-04-03T00:16:33","slug":"seminario-loudness-1","status":"publish","type":"post","link":"https:\/\/news.avantools.pt\/?p=295","title":{"rendered":"Semin\u00e1rio Loudness (1)"},"content":{"rendered":"<p>O Semin\u00e1rio sobre Loudness, uma organiza\u00e7\u00e3o da <strong>Avantools<\/strong> com o apoio da <strong>RTW<\/strong>, arrancou hoje na ETIC.<\/p>\n<p>&nbsp;<\/p>\n<p><img data-recalc-dims=\"1\" decoding=\"async\" class=\"aligncenter\" src=\"https:\/\/i0.wp.com\/wwwavantoolseu.worldsecuresystems.com\/images\/seminario2.jpg?w=525&#038;ssl=1\" \/><\/p>\n<p>&nbsp;<\/p>\n<p><img data-recalc-dims=\"1\" decoding=\"async\" class=\"aligncenter\" src=\"https:\/\/i0.wp.com\/wwwavantoolseu.worldsecuresystems.com\/images\/seminario1.jpg?w=525&#038;ssl=1\" \/><\/p>\n<p>Conceitos e ferramentas foi o tema que ocupou a aten\u00e7\u00e3o da interessada plateia. Presentes diversos profissionais de empresas portuguesas de broadcast, para al\u00e9m de muitos alunos da ETIC.<\/p>\n<p>As apresenta\u00e7\u00f5es de hoje estiveram a cargo de Michael Kahsnitz e de Arjen Hofland da <strong>RTW<\/strong>.<\/p>\n<p>A presen\u00e7a das duas figuras da <strong>RTW<\/strong> continua com novas apresenta\u00e7\u00f5es e ac\u00e7\u00f5es de forma\u00e7\u00e3o at\u00e9 ao pr\u00f3ximo dia 29, agora dedicadas exclusivamente \u00e0s \u00a0empresas de\u00a0<i>broadcast<\/i>\u00a0portuguesas.<\/p>\n<p>Mais informa\u00e7\u00e3o <a href=\"\/seminario-loudness.html\">aqui<\/a> e <a href=\"\/promo-loudness.html\">aqui<\/a>.<\/p>\n<p>Se quiser saber mais sobre o tema ou sobre os produtos e solu\u00e7\u00f5es que temos dispon\u00edveis para si, <a href=\"\/contacts.html\">contacte-nos<\/a>.<\/p>\n<p>&nbsp;<\/p>\n<p><img data-recalc-dims=\"1\" decoding=\"async\" class=\"alignright\" src=\"https:\/\/i0.wp.com\/wwwavantoolseu.worldsecuresystems.com\/images\/Logos\/rtw-logo.png?w=209&#038;ssl=1\"  \/><\/p>\n<p style=\"text-align: right;\"><img data-recalc-dims=\"1\" loading=\"lazy\" decoding=\"async\" class=\"alignnone wp-image-662 size-thumbnail\" src=\"https:\/\/i0.wp.com\/news.avantools.pt\/wp-content\/uploads\/2014\/03\/cropped-avanToolsCubeLogo.png?resize=150%2C150&#038;ssl=1\" alt=\"\" width=\"150\" height=\"150\" srcset=\"https:\/\/i0.wp.com\/news.avantools.pt\/wp-content\/uploads\/2014\/03\/cropped-avanToolsCubeLogo.png?resize=150%2C150&amp;ssl=1 150w, https:\/\/i0.wp.com\/news.avantools.pt\/wp-content\/uploads\/2014\/03\/cropped-avanToolsCubeLogo.png?resize=300%2C300&amp;ssl=1 300w, https:\/\/i0.wp.com\/news.avantools.pt\/wp-content\/uploads\/2014\/03\/cropped-avanToolsCubeLogo.png?resize=768%2C768&amp;ssl=1 768w, https:\/\/i0.wp.com\/news.avantools.pt\/wp-content\/uploads\/2014\/03\/cropped-avanToolsCubeLogo.png?resize=1024%2C1024&amp;ssl=1 1024w, https:\/\/i0.wp.com\/news.avantools.pt\/wp-content\/uploads\/2014\/03\/cropped-avanToolsCubeLogo.png?resize=100%2C100&amp;ssl=1 100w, https:\/\/i0.wp.com\/news.avantools.pt\/wp-content\/uploads\/2014\/03\/cropped-avanToolsCubeLogo.png?w=2000&amp;ssl=1 2000w, https:\/\/i0.wp.com\/news.avantools.pt\/wp-content\/uploads\/2014\/03\/cropped-avanToolsCubeLogo.png?w=1575&amp;ssl=1 1575w\" sizes=\"auto, (max-width: 150px) 100vw, 150px\" \/><\/p>\n<hr \/>\n<p>&nbsp;<\/p>\n<p>&nbsp;<\/p>\n","protected":false},"excerpt":{"rendered":"<p>O Semin\u00e1rio sobre Loudness, uma organiza\u00e7\u00e3o da Avantools com o apoio da RTW, arrancou hoje na ETIC. &nbsp; &nbsp; Conceitos e ferramentas foi o tema que ocupou a aten\u00e7\u00e3o da interessada plateia. Presentes diversos profissionais de empresas portuguesas de broadcast, para al\u00e9m de muitos alunos da ETIC. As apresenta\u00e7\u00f5es de hoje estiveram a cargo de &hellip; <\/p>\n<p class=\"link-more\"><a href=\"https:\/\/news.avantools.pt\/?p=295\" class=\"more-link\">Continuar a ler <span class=\"screen-reader-text\">&#8220;Semin\u00e1rio Loudness (1)&#8221;<\/span><\/a><\/p>\n","protected":false},"author":2,"featured_media":0,"comment_status":"open","ping_status":"open","sticky":false,"template":"","format":"standard","meta":{"_jetpack_memberships_contains_paid_content":false,"footnotes":"","_links_to":"","_links_to_target":""},"categories":[92,136],"tags":[16,281,280,33],"class_list":["post-295","post","type-post","status-publish","format-standard","hentry","category-broadcast","category-institucional","tag-avantools","tag-etic","tag-loudness","tag-rtw"],"jetpack_featured_media_url":"","jetpack_sharing_enabled":true,"_links":{"self":[{"href":"https:\/\/news.avantools.pt\/index.php?rest_route=\/wp\/v2\/posts\/295","targetHints":{"allow":["GET"]}}],"collection":[{"href":"https:\/\/news.avantools.pt\/index.php?rest_route=\/wp\/v2\/posts"}],"about":[{"href":"https:\/\/news.avantools.pt\/index.php?rest_route=\/wp\/v2\/types\/post"}],"author":[{"embeddable":true,"href":"https:\/\/news.avantools.pt\/index.php?rest_route=\/wp\/v2\/users\/2"}],"replies":[{"embeddable":true,"href":"https:\/\/news.avantools.pt\/index.php?rest_route=%2Fwp%2Fv2%2Fcomments&post=295"}],"version-history":[{"count":2,"href":"https:\/\/news.avantools.pt\/index.php?rest_route=\/wp\/v2\/posts\/295\/revisions"}],"predecessor-version":[{"id":1015,"href":"https:\/\/news.avantools.pt\/index.php?rest_route=\/wp\/v2\/posts\/295\/revisions\/1015"}],"wp:attachment":[{"href":"https:\/\/news.avantools.pt\/index.php?rest_route=%2Fwp%2Fv2%2Fmedia&parent=295"}],"wp:term":[{"taxonomy":"category","embeddable":true,"href":"https:\/\/news.avantools.pt\/index.php?rest_route=%2Fwp%2Fv2%2Fcategories&post=295"},{"taxonomy":"post_tag","embeddable":true,"href":"https:\/\/news.avantools.pt\/index.php?rest_route=%2Fwp%2Fv2%2Ftags&post=295"}],"curies":[{"name":"wp","href":"https:\/\/api.w.org\/{rel}","templated":true}]}}