{"id":3015,"date":"2020-03-22T21:10:14","date_gmt":"2020-03-22T21:10:14","guid":{"rendered":"http:\/\/news.avantools.pt\/?p=3015"},"modified":"2020-03-22T21:46:40","modified_gmt":"2020-03-22T21:46:40","slug":"diana-e-o-bolero","status":"publish","type":"post","link":"https:\/\/news.avantools.pt\/?p=3015","title":{"rendered":"Diana e o Bolero"},"content":{"rendered":"\n<p>O Teatro Diana &#8211; Centro Cultural (Guadalajara, M\u00e9xico) \u00e9 constitu\u00eddo por um conjunto de espa\u00e7os, onde decorrem os mais importantes acontecimentos art\u00edsticos da regi\u00e3o. Trata-se de um centro que voltou a ganhar um importante estatuto, depois de uma recupera\u00e7\u00e3o que ocorreu em 2001. A sala principal acolhe quase 2400 espectadores. A este espa\u00e7o juntam-se outros, que permitem uma actividade muito intensa, significativa e diversificada. Um dos pontos altos na passagem do seu 15\u00ba anivers\u00e1rio, \u00e9 a introdu\u00e7\u00e3o de um novo sistema de intercomunica\u00e7\u00e3o, que liga todos estes diferentes espa\u00e7os. Um sistema assegurado por uma solu\u00e7\u00e3o BOLERO da <strong>RIEDEL<\/strong>.<\/p>\n\n\n\n<figure class=\"wp-block-image size-large\"><img data-recalc-dims=\"1\" loading=\"lazy\" decoding=\"async\" width=\"525\" height=\"350\" src=\"https:\/\/i0.wp.com\/news.avantools.pt\/wp-content\/uploads\/2020\/03\/Diana__c_YorchGomez_f5d459fa44.jpg?resize=525%2C350&#038;ssl=1\" alt=\"\" class=\"wp-image-3016\" srcset=\"https:\/\/i0.wp.com\/news.avantools.pt\/wp-content\/uploads\/2020\/03\/Diana__c_YorchGomez_f5d459fa44.jpg?resize=1024%2C683&amp;ssl=1 1024w, https:\/\/i0.wp.com\/news.avantools.pt\/wp-content\/uploads\/2020\/03\/Diana__c_YorchGomez_f5d459fa44.jpg?resize=300%2C200&amp;ssl=1 300w, https:\/\/i0.wp.com\/news.avantools.pt\/wp-content\/uploads\/2020\/03\/Diana__c_YorchGomez_f5d459fa44.jpg?resize=768%2C512&amp;ssl=1 768w, https:\/\/i0.wp.com\/news.avantools.pt\/wp-content\/uploads\/2020\/03\/Diana__c_YorchGomez_f5d459fa44.jpg?resize=1536%2C1024&amp;ssl=1 1536w, https:\/\/i0.wp.com\/news.avantools.pt\/wp-content\/uploads\/2020\/03\/Diana__c_YorchGomez_f5d459fa44.jpg?w=1920&amp;ssl=1 1920w\" sizes=\"auto, (max-width: 767px) 89vw, (max-width: 1000px) 54vw, (max-width: 1071px) 543px, 580px\" \/><figcaption><em>Centro Cultural Diana (Guadalajara, M\u00e9xico)<\/em><\/figcaption><\/figure>\n\n\n\n<p>O edif\u00edcio que antecedeu o actual <a href=\"https:\/\/www.teatrodiana.com\/\">Centro Cultural Diana<\/a>, o Cine Diana foi desenhado em 1964 pelo arquitecto Julio de la Pe\u00f1a e marcou pelo arrojo da sua solu\u00e7\u00e3o uma \u00e9poca da arquitectura sul-americana. Funcionou como cinema, centro de neg\u00f3cios e hotel at\u00e9 1995, data em que este complexo foi encerrado. Um grande projecto de reabilita\u00e7\u00e3o levado a cabo em 2001, permitiu recuperar o espa\u00e7o e adapt\u00e1-lo \u00e0 fun\u00e7\u00e3o de centro cultural. \u00c9 nesse \u00e2mbito que funciona at\u00e9 hoje, com uma actividade muito intensa e diversificada.<\/p>\n\n\n\n<figure class=\"wp-block-image size-large\"><img data-recalc-dims=\"1\" loading=\"lazy\" decoding=\"async\" width=\"525\" height=\"295\" src=\"https:\/\/i0.wp.com\/news.avantools.pt\/wp-content\/uploads\/2019\/11\/Bolero_Beltpack_Produktbild_Website-3.png?resize=525%2C295&#038;ssl=1\" alt=\"\" class=\"wp-image-2656\" srcset=\"https:\/\/i0.wp.com\/news.avantools.pt\/wp-content\/uploads\/2019\/11\/Bolero_Beltpack_Produktbild_Website-3.png?resize=1024%2C575&amp;ssl=1 1024w, https:\/\/i0.wp.com\/news.avantools.pt\/wp-content\/uploads\/2019\/11\/Bolero_Beltpack_Produktbild_Website-3.png?resize=300%2C168&amp;ssl=1 300w, https:\/\/i0.wp.com\/news.avantools.pt\/wp-content\/uploads\/2019\/11\/Bolero_Beltpack_Produktbild_Website-3.png?resize=768%2C431&amp;ssl=1 768w, https:\/\/i0.wp.com\/news.avantools.pt\/wp-content\/uploads\/2019\/11\/Bolero_Beltpack_Produktbild_Website-3.png?w=1140&amp;ssl=1 1140w\" sizes=\"auto, (max-width: 767px) 89vw, (max-width: 1000px) 54vw, (max-width: 1071px) 543px, 580px\" \/><figcaption><em>Beltpack 6 teclas BOLERO<\/em><\/figcaption><\/figure>\n\n\n\n<p>O Centro Cultural Diana, compreende, para al\u00e9m da grande sala, com uma lota\u00e7\u00e3o de cerca de 2400 lugares, uma sala mais pequena, o Estudio Diana, destinado a actividades que requerem uma atmosfera mais \u00edntima e outras salas de ensaio. Todo este complexo tem naturalmente requisitos t\u00e9cnicos m\u00faltiplos e uma intercomunica\u00e7\u00e3o eficaz e de qualidade, entre os diferentes espa\u00e7os e os diferentes sectores t\u00e9cnicos \u00e9 uma das exig\u00eancias mais prementes. A solu\u00e7\u00e3o encontrada pelos respons\u00e1veis, agora que se procedeu a uma total renova\u00e7\u00e3o do equipamento que estava instalado desde a inaugura\u00e7\u00e3o deste teatro, compreende o BOLERO da <strong>RIEDEL<\/strong>.<\/p>\n\n\n\n<figure class=\"wp-block-image size-large\"><img data-recalc-dims=\"1\" loading=\"lazy\" decoding=\"async\" width=\"525\" height=\"295\" src=\"https:\/\/i0.wp.com\/news.avantools.pt\/wp-content\/uploads\/2020\/03\/Bolero_Antenne_Produktbild_Website.png?resize=525%2C295&#038;ssl=1\" alt=\"\" class=\"wp-image-3019\" srcset=\"https:\/\/i0.wp.com\/news.avantools.pt\/wp-content\/uploads\/2020\/03\/Bolero_Antenne_Produktbild_Website.png?resize=1024%2C575&amp;ssl=1 1024w, https:\/\/i0.wp.com\/news.avantools.pt\/wp-content\/uploads\/2020\/03\/Bolero_Antenne_Produktbild_Website.png?resize=300%2C168&amp;ssl=1 300w, https:\/\/i0.wp.com\/news.avantools.pt\/wp-content\/uploads\/2020\/03\/Bolero_Antenne_Produktbild_Website.png?resize=768%2C431&amp;ssl=1 768w, https:\/\/i0.wp.com\/news.avantools.pt\/wp-content\/uploads\/2020\/03\/Bolero_Antenne_Produktbild_Website.png?w=1140&amp;ssl=1 1140w\" sizes=\"auto, (max-width: 767px) 89vw, (max-width: 1000px) 54vw, (max-width: 1071px) 543px, 580px\" \/><figcaption><em>Antena Activa Bolero<\/em><\/figcaption><\/figure>\n\n\n\n<p>A solu\u00e7\u00e3o BOLERO, a primeira a ser montada no M\u00e9xico, compreende um sistema que garante uma cobertura sem problemas, comunica\u00e7\u00f5es claras e de qualidade, entre o palco e das \u00e1reas t\u00e9cnicas e permite, al\u00e9m disso, futura expans\u00e3o, Esta solu\u00e7\u00e3o garante agora uma produ\u00e7\u00e3o mais flu\u00edda de espect\u00e1culos e uma intercomunica\u00e7\u00e3o sem quaisquer atropelos e da mais alta qualidade, entre as diferentes \u00e1reas e dentro das particulares exig\u00eancias deste grande centro multidisciplinar.<\/p>\n\n\n\n<p><a href=\"https:\/\/www.riedel.net\/products\/intercom\/\">Saiba mais<\/a> sobre este e outros sistemas de intercomunica\u00e7\u00e3o da <strong>RIEDEL<\/strong> e <a href=\"http:\/\/avantools.pt\/contacts.html\">consulte-nos<\/a> para mais informa\u00e7\u00f5es.<\/p>\n\n\n\n<figure class=\"wp-block-image size-large is-resized\"><img data-recalc-dims=\"1\" loading=\"lazy\" decoding=\"async\" src=\"https:\/\/i0.wp.com\/news.avantools.pt\/wp-content\/uploads\/2018\/11\/Riedel_Logo.png?resize=355%2C105&#038;ssl=1\" alt=\"\" class=\"wp-image-1634\" width=\"355\" height=\"105\" srcset=\"https:\/\/i0.wp.com\/news.avantools.pt\/wp-content\/uploads\/2018\/11\/Riedel_Logo.png?resize=1024%2C302&amp;ssl=1 1024w, https:\/\/i0.wp.com\/news.avantools.pt\/wp-content\/uploads\/2018\/11\/Riedel_Logo.png?resize=300%2C88&amp;ssl=1 300w, https:\/\/i0.wp.com\/news.avantools.pt\/wp-content\/uploads\/2018\/11\/Riedel_Logo.png?resize=768%2C226&amp;ssl=1 768w, https:\/\/i0.wp.com\/news.avantools.pt\/wp-content\/uploads\/2018\/11\/Riedel_Logo.png?w=1280&amp;ssl=1 1280w\" sizes=\"auto, (max-width: 355px) 100vw, 355px\" \/><\/figure>\n\n\n\n<hr class=\"wp-block-separator is-style-wide\"\/>\n","protected":false},"excerpt":{"rendered":"<p>O Teatro Diana &#8211; Centro Cultural (Guadalajara, M\u00e9xico) \u00e9 constitu\u00eddo por um conjunto de espa\u00e7os, onde decorrem os mais importantes acontecimentos art\u00edsticos da regi\u00e3o. Trata-se de um centro que voltou a ganhar um importante estatuto, depois de uma recupera\u00e7\u00e3o que ocorreu em 2001. A sala principal acolhe quase 2400 espectadores. A este espa\u00e7o juntam-se outros, &hellip; <\/p>\n<p class=\"link-more\"><a href=\"https:\/\/news.avantools.pt\/?p=3015\" class=\"more-link\">Continuar a ler <span class=\"screen-reader-text\">&#8220;Diana e o Bolero&#8221;<\/span><\/a><\/p>\n","protected":false},"author":2,"featured_media":0,"comment_status":"closed","ping_status":"open","sticky":false,"template":"","format":"standard","meta":{"_jetpack_memberships_contains_paid_content":false,"footnotes":"","_links_to":"","_links_to_target":""},"categories":[444,95,1],"tags":[111,9],"class_list":["post-3015","post","type-post","status-publish","format-standard","hentry","category-intercomunicacao","category-live","category-uncategorised","tag-bolero","tag-riedel"],"jetpack_featured_media_url":"","jetpack_sharing_enabled":true,"_links":{"self":[{"href":"https:\/\/news.avantools.pt\/index.php?rest_route=\/wp\/v2\/posts\/3015","targetHints":{"allow":["GET"]}}],"collection":[{"href":"https:\/\/news.avantools.pt\/index.php?rest_route=\/wp\/v2\/posts"}],"about":[{"href":"https:\/\/news.avantools.pt\/index.php?rest_route=\/wp\/v2\/types\/post"}],"author":[{"embeddable":true,"href":"https:\/\/news.avantools.pt\/index.php?rest_route=\/wp\/v2\/users\/2"}],"replies":[{"embeddable":true,"href":"https:\/\/news.avantools.pt\/index.php?rest_route=%2Fwp%2Fv2%2Fcomments&post=3015"}],"version-history":[{"count":11,"href":"https:\/\/news.avantools.pt\/index.php?rest_route=\/wp\/v2\/posts\/3015\/revisions"}],"predecessor-version":[{"id":3028,"href":"https:\/\/news.avantools.pt\/index.php?rest_route=\/wp\/v2\/posts\/3015\/revisions\/3028"}],"wp:attachment":[{"href":"https:\/\/news.avantools.pt\/index.php?rest_route=%2Fwp%2Fv2%2Fmedia&parent=3015"}],"wp:term":[{"taxonomy":"category","embeddable":true,"href":"https:\/\/news.avantools.pt\/index.php?rest_route=%2Fwp%2Fv2%2Fcategories&post=3015"},{"taxonomy":"post_tag","embeddable":true,"href":"https:\/\/news.avantools.pt\/index.php?rest_route=%2Fwp%2Fv2%2Ftags&post=3015"}],"curies":[{"name":"wp","href":"https:\/\/api.w.org\/{rel}","templated":true}]}}