{"id":3086,"date":"2018-05-22T18:19:15","date_gmt":"2018-05-22T17:19:15","guid":{"rendered":"http:\/\/news.avantools.pt\/?p=1366"},"modified":"2018-05-22T18:19:15","modified_gmt":"2018-05-22T17:19:15","slug":"a-exposync-lisboa-vem-ai-2","status":"publish","type":"post","link":"https:\/\/news.avantools.pt\/?p=3086","title":{"rendered":"A ExpoSync Lisboa vem a\u00ed"},"content":{"rendered":"<p>\u00c9 a segunda edi\u00e7\u00e3o da <strong>EXPOSYNC Lisboa<\/strong> e come\u00e7a j\u00e1 no pr\u00f3ximo domingo na FIL. A <strong>AVANTOOLS<\/strong> est\u00e1 presente.<\/p>\n<p style=\"text-align: center;\"><img data-recalc-dims=\"1\" loading=\"lazy\" decoding=\"async\" class=\"aligncenter wp-image-1367 size-full\" src=\"https:\/\/i0.wp.com\/news.avantools.pt\/wp-content\/uploads\/2018\/05\/Exposync.jpg?resize=503%2C157&#038;ssl=1\" alt=\"\" width=\"503\" height=\"157\" srcset=\"https:\/\/i0.wp.com\/news.avantools.pt\/wp-content\/uploads\/2018\/05\/Exposync.jpg?w=503&amp;ssl=1 503w, https:\/\/i0.wp.com\/news.avantools.pt\/wp-content\/uploads\/2018\/05\/Exposync.jpg?resize=300%2C94&amp;ssl=1 300w\" sizes=\"auto, (max-width: 503px) 100vw, 503px\" \/><\/p>\n<p>A <a href=\"https:\/\/exposynclisboa.fil.pt\/\"><strong>ExpoSync Lisboa<\/strong><\/a> \u00e9 uma feira profissional de Tecnologias Audiovisuais e da M\u00fasica, Fotografia e Multim\u00e9dia. Esta \u00e9 a segunda edi\u00e7\u00e3o deste importante certame, no qual vamos marcar uma presen\u00e7a.<\/p>\n<p>Uma feira, uma tem\u00e1tica e um programa que d\u00e3o eco a uma \u00e1rea pujante e com um peso particularmente relevante para a expans\u00e3o da economia do Pa\u00eds.<\/p>\n<p>A presente edi\u00e7\u00e3o vai ter lugar de 26-29 de maio na FIL, no Pavilh\u00e3o 3 e destina-se exclusivamente a profissionais. Pode fazer o seu registo e obter a credita\u00e7\u00e3o que lhe dar\u00e1 o acesso gratuito no site\u00a0 onde pode tamb\u00e9m <a href=\"https:\/\/exposynclisboa.fil.pt\/\">saber mais sobre <strong>o certame<\/strong><\/a>, consultar toda a programa\u00e7\u00e3o e registar-se.<\/p>\n<p>L\u00e1 o esperaremos.<\/p>\n<p>&nbsp;<\/p>\n<p style=\"text-align: right;\"><img data-recalc-dims=\"1\" loading=\"lazy\" decoding=\"async\" class=\"alignnone size-full wp-image-1368\" src=\"https:\/\/i0.wp.com\/news.avantools.pt\/wp-content\/uploads\/2018\/05\/esl_logo3.png?resize=282%2C120&#038;ssl=1\" alt=\"\" width=\"282\" height=\"120\" \/><\/p>\n<hr \/>\n","protected":false},"excerpt":{"rendered":"<p>\u00c9 a segunda edi\u00e7\u00e3o da EXPOSYNC Lisboa e come\u00e7a j\u00e1 no pr\u00f3ximo domingo na FIL. A AVANTOOLS est\u00e1 presente. A ExpoSync Lisboa \u00e9 uma feira profissional de Tecnologias Audiovisuais e da M\u00fasica, Fotografia e Multim\u00e9dia. Esta \u00e9 a segunda edi\u00e7\u00e3o deste importante certame, no qual vamos marcar uma presen\u00e7a. Uma feira, uma tem\u00e1tica e um &hellip; <\/p>\n<p class=\"link-more\"><a href=\"https:\/\/news.avantools.pt\/?p=3086\" class=\"more-link\">Continuar a ler <span class=\"screen-reader-text\">&#8220;A ExpoSync Lisboa vem a\u00ed&#8221;<\/span><\/a><\/p>\n","protected":false},"author":2,"featured_media":0,"comment_status":"closed","ping_status":"open","sticky":false,"template":"","format":"standard","meta":{"_jetpack_memberships_contains_paid_content":false,"footnotes":"","_links_to":"","_links_to_target":""},"categories":[92,95,93,94,266,96],"tags":[405,407],"class_list":["post-3086","post","type-post","status-publish","format-standard","hentry","category-broadcast","category-live","category-radio","category-studio","category-televisao","category-video","tag-expo-sync-lisboa-2018","tag-trade-show"],"jetpack_featured_media_url":"","jetpack_sharing_enabled":true,"_links":{"self":[{"href":"https:\/\/news.avantools.pt\/index.php?rest_route=\/wp\/v2\/posts\/3086","targetHints":{"allow":["GET"]}}],"collection":[{"href":"https:\/\/news.avantools.pt\/index.php?rest_route=\/wp\/v2\/posts"}],"about":[{"href":"https:\/\/news.avantools.pt\/index.php?rest_route=\/wp\/v2\/types\/post"}],"author":[{"embeddable":true,"href":"https:\/\/news.avantools.pt\/index.php?rest_route=\/wp\/v2\/users\/2"}],"replies":[{"embeddable":true,"href":"https:\/\/news.avantools.pt\/index.php?rest_route=%2Fwp%2Fv2%2Fcomments&post=3086"}],"version-history":[{"count":0,"href":"https:\/\/news.avantools.pt\/index.php?rest_route=\/wp\/v2\/posts\/3086\/revisions"}],"wp:attachment":[{"href":"https:\/\/news.avantools.pt\/index.php?rest_route=%2Fwp%2Fv2%2Fmedia&parent=3086"}],"wp:term":[{"taxonomy":"category","embeddable":true,"href":"https:\/\/news.avantools.pt\/index.php?rest_route=%2Fwp%2Fv2%2Fcategories&post=3086"},{"taxonomy":"post_tag","embeddable":true,"href":"https:\/\/news.avantools.pt\/index.php?rest_route=%2Fwp%2Fv2%2Ftags&post=3086"}],"curies":[{"name":"wp","href":"https:\/\/api.w.org\/{rel}","templated":true}]}}