{"id":310,"date":"2014-12-23T00:00:00","date_gmt":"2014-12-23T00:00:00","guid":{"rendered":"http:\/\/avantools.pt\/noticias\/sincronismo-audio-e-video-com-o-v_pro8"},"modified":"2018-03-26T17:11:57","modified_gmt":"2018-03-26T16:11:57","slug":"sincronismo-audio-e-video-com-o-v_pro8","status":"publish","type":"post","link":"https:\/\/news.avantools.pt\/?p=310","title":{"rendered":"Sincronismo \u00e1udio e v\u00eddeo com o V_Pro8"},"content":{"rendered":"<p>Tem um <i>OB van<\/i> e problemas de sincroniza\u00e7\u00e3o do sinal video e \u00e1udio? Este<br \/>\nvideo \u00e9 para si.<\/p>\n<p><center><br \/>\n<iframe loading=\"lazy\" src=\"\/\/www.youtube.com\/embed\/MmMnz9AudUE\" width=\"560\" height=\"315\" frameborder=\"0\" allowfullscreen=\"allowfullscreen\"><\/iframe><\/center>&nbsp;<\/p>\n<p>&nbsp;<\/p>\n<p>O <strong>V_pro8<\/strong> da <strong>Lawo<\/strong> pode gerar o seu pr\u00f3prio teste de sincronismo entre o sinal video e \u00e1udio e medir o exacto\u00a0<em>delay<\/em> entre eles. Veja o video, saiba mais sobre<br \/>\no\u00a0V_pro8 <a title=\"v-pro8\" href=\"https:\/\/www.lawo.com\/en\/products\/video-line\/v-pro8.html\">aqui<\/a> ou, se\u00a0preferir, <a href=\"\/contacts.html\">consulte-nos<\/a>.<\/p>\n<p>&nbsp;<\/p>\n<p style=\"text-align: right;\"><img data-recalc-dims=\"1\" decoding=\"async\" title=\"\" src=\"https:\/\/i0.wp.com\/wwwavantoolseu.worldsecuresystems.com\/images\/Logos\/lawo-60px.png?w=525&#038;ssl=1\" alt=\"\" \/><\/p>\n<hr \/>\n","protected":false},"excerpt":{"rendered":"<p>Tem um OB van e problemas de sincroniza\u00e7\u00e3o do sinal video e \u00e1udio? Este video \u00e9 para si. &nbsp; &nbsp; O V_pro8 da Lawo pode gerar o seu pr\u00f3prio teste de sincronismo entre o sinal video e \u00e1udio e medir o exacto\u00a0delay entre eles. Veja o video, saiba mais sobre o\u00a0V_pro8 aqui ou, se\u00a0preferir, consulte-nos. &hellip; <\/p>\n<p class=\"link-more\"><a href=\"https:\/\/news.avantools.pt\/?p=310\" class=\"more-link\">Continuar a ler <span class=\"screen-reader-text\">&#8220;Sincronismo \u00e1udio e v\u00eddeo com o V_Pro8&#8221;<\/span><\/a><\/p>\n","protected":false},"author":2,"featured_media":0,"comment_status":"open","ping_status":"open","sticky":false,"template":"","format":"standard","meta":{"_jetpack_memberships_contains_paid_content":false,"footnotes":"","_links_to":"","_links_to_target":""},"categories":[],"tags":[36,2,73,27],"class_list":["post-310","post","type-post","status-publish","format-standard","hentry","tag-broadcast","tag-lawo","tag-ob-van","tag-v_pro8"],"jetpack_featured_media_url":"","jetpack_sharing_enabled":true,"_links":{"self":[{"href":"https:\/\/news.avantools.pt\/index.php?rest_route=\/wp\/v2\/posts\/310","targetHints":{"allow":["GET"]}}],"collection":[{"href":"https:\/\/news.avantools.pt\/index.php?rest_route=\/wp\/v2\/posts"}],"about":[{"href":"https:\/\/news.avantools.pt\/index.php?rest_route=\/wp\/v2\/types\/post"}],"author":[{"embeddable":true,"href":"https:\/\/news.avantools.pt\/index.php?rest_route=\/wp\/v2\/users\/2"}],"replies":[{"embeddable":true,"href":"https:\/\/news.avantools.pt\/index.php?rest_route=%2Fwp%2Fv2%2Fcomments&post=310"}],"version-history":[{"count":2,"href":"https:\/\/news.avantools.pt\/index.php?rest_route=\/wp\/v2\/posts\/310\/revisions"}],"predecessor-version":[{"id":563,"href":"https:\/\/news.avantools.pt\/index.php?rest_route=\/wp\/v2\/posts\/310\/revisions\/563"}],"wp:attachment":[{"href":"https:\/\/news.avantools.pt\/index.php?rest_route=%2Fwp%2Fv2%2Fmedia&parent=310"}],"wp:term":[{"taxonomy":"category","embeddable":true,"href":"https:\/\/news.avantools.pt\/index.php?rest_route=%2Fwp%2Fv2%2Fcategories&post=310"},{"taxonomy":"post_tag","embeddable":true,"href":"https:\/\/news.avantools.pt\/index.php?rest_route=%2Fwp%2Fv2%2Ftags&post=310"}],"curies":[{"name":"wp","href":"https:\/\/api.w.org\/{rel}","templated":true}]}}