{"id":3207,"date":"2020-06-06T01:45:47","date_gmt":"2020-06-06T00:45:47","guid":{"rendered":"http:\/\/news.avantools.pt\/?p=3207"},"modified":"2020-06-07T16:57:59","modified_gmt":"2020-06-07T15:57:59","slug":"tao-facil-como-fazer-zapping","status":"publish","type":"post","link":"https:\/\/news.avantools.pt\/?p=3207","title":{"rendered":"T\u00e3o f\u00e1cil como fazer zapping"},"content":{"rendered":"\n<p>A DPG Media \u00e9 um poderoso grupo de media, com presen\u00e7a nos sectores da informa\u00e7\u00e3o e entretenimento, nas \u00e1reas da imprensa escrita, TV e R\u00e1dio. Opera em diversos pa\u00edses do norte da Europa. Com dois centros nevr\u00e1lgicos de produ\u00e7\u00e3o em funcionamento, na B\u00e9lgica, a DPG Media necessitava de uma solu\u00e7\u00e3o t\u00e9cnica que lhe permitisse operar, segundo as circunst\u00e2ncias, a partir de um desses centros, utilizando os recursos t\u00e9cnicos do outro. Duas localiza\u00e7\u00f5es, um sistema, foi a palavra de ordem. A solu\u00e7\u00e3o foi constru\u00edda a partir de uma infraestrutura idealizada pelos engenheiros da DPG Media e desenvolvida e implementada pela <strong>LAWO<\/strong>. T\u00e3o f\u00e1cil como fazer <em>zapping<\/em>. <\/p>\n\n\n\n<figure class=\"wp-block-image size-large\"><img data-recalc-dims=\"1\" loading=\"lazy\" decoding=\"async\" width=\"525\" height=\"326\" src=\"https:\/\/i0.wp.com\/news.avantools.pt\/wp-content\/uploads\/2020\/06\/DPG-Media.png?resize=525%2C326&#038;ssl=1\" alt=\"\" class=\"wp-image-3208\" srcset=\"https:\/\/i0.wp.com\/news.avantools.pt\/wp-content\/uploads\/2020\/06\/DPG-Media.png?resize=1024%2C636&amp;ssl=1 1024w, https:\/\/i0.wp.com\/news.avantools.pt\/wp-content\/uploads\/2020\/06\/DPG-Media.png?resize=300%2C186&amp;ssl=1 300w, https:\/\/i0.wp.com\/news.avantools.pt\/wp-content\/uploads\/2020\/06\/DPG-Media.png?resize=768%2C477&amp;ssl=1 768w, https:\/\/i0.wp.com\/news.avantools.pt\/wp-content\/uploads\/2020\/06\/DPG-Media.png?w=1229&amp;ssl=1 1229w\" sizes=\"auto, (max-width: 767px) 89vw, (max-width: 1000px) 54vw, (max-width: 1071px) 543px, 580px\" \/><figcaption><em>O centro de produ\u00e7\u00e3o da DPG Media em Antu\u00e9rpia<\/em><\/figcaption><\/figure>\n\n\n\n<p>Tudo come\u00e7ou quando a <strong>LAWO<\/strong> foi contactada h\u00e1 4 anos pela Medialaan, de  Vilvoorde, a 40 km de Bruxelas, na B\u00e9lgica. O desafio foi o de instalar duas novas r\u00e9gies para o centro de informa\u00e7\u00e3o. A <strong>LAWO<\/strong> forneceu ent\u00e3o, entre outro equipamento, duas mesas <em>mc\u00b256<\/em> e <em>routers<\/em> <em>Nova73<\/em>. Nessa altura, o protocolo MADI era o preferido, por raz\u00f5es pr\u00e1ticas, situa\u00e7\u00e3o que se veio mais tarde a alterar com a adop\u00e7\u00e3o do protocolo RAVENNA\/AES67 de <em>Audio-over-IP<\/em> (AoIP).<\/p>\n\n\n\n<p>Todo este  equipamento foi instalado na sede da Medialaan em Vilevoord, onde decorria toda a produ\u00e7\u00e3o da informa\u00e7\u00e3o e do canal de TV VTM. A Medialaan foi, entretanto, adquirida pela <a rel=\"noreferrer noopener\" href=\"https:\/\/www.dpgmediagroup.com\/\" target=\"_blank\">DPG Media<\/a> que, para al\u00e9m da B\u00e9lgica, estendeu a sua oferta tamb\u00e9m \u00e0 Holanda e \u00e0 Dinamarca. <\/p>\n\n\n\n<div class=\"wp-block-image\"><figure class=\"alignright size-large is-resized\"><img data-recalc-dims=\"1\" loading=\"lazy\" decoding=\"async\" src=\"https:\/\/i0.wp.com\/news.avantools.pt\/wp-content\/uploads\/2020\/06\/Lawo-DPG-media7.jpg?resize=307%2C204&#038;ssl=1\" alt=\"\" class=\"wp-image-3210\" width=\"307\" height=\"204\" srcset=\"https:\/\/i0.wp.com\/news.avantools.pt\/wp-content\/uploads\/2020\/06\/Lawo-DPG-media7.jpg?w=600&amp;ssl=1 600w, https:\/\/i0.wp.com\/news.avantools.pt\/wp-content\/uploads\/2020\/06\/Lawo-DPG-media7.jpg?resize=300%2C200&amp;ssl=1 300w\" sizes=\"auto, (max-width: 307px) 100vw, 307px\" \/><\/figure><\/div>\n\n\n\n<p>Depois da aquisi\u00e7\u00e3o da Medialaan, foi tomada a decis\u00e3o de mudar a sede e as reda\u00e7\u00f5es de todas as publica\u00e7\u00f5es do grupo para Antu\u00e9rpia. As reda\u00e7\u00f5es da TV (<a rel=\"noreferrer noopener\" href=\"https:\/\/www.hln.be\/nieuws\/vtm-nieuws\" target=\"_blank\">VTM<\/a>) e as esta\u00e7\u00f5es de r\u00e1dio do grupo (<a rel=\"noreferrer noopener\" href=\"https:\/\/qmusic.nl\/online-radio-luisteren\" target=\"_blank\">Qmusic<\/a>, <a rel=\"noreferrer noopener\" href=\"https:\/\/joe.be\/\" target=\"_blank\">Joe<\/a> e <a rel=\"noreferrer noopener\" href=\"https:\/\/www.willy.radio\/\" target=\"_blank\">Willy<\/a>) iriam tamb\u00e9m ser deslocadas, de modo a tirar partido das sinergias criadas pela concentra\u00e7\u00e3o de toda a actividade debaixo do mesmo tecto. Mas o edif\u00edcio da <a rel=\"noreferrer noopener\" href=\"https:\/\/www.dpgmediagroup.com\/en\/news\/news-city-will-be-based-antwerp-autumn-2019\" target=\"_blank\">News City<\/a> em Antu\u00e9rpia n\u00e3o tinha sido concebido e n\u00e3o dispunha de espa\u00e7o para acomodar, simultaneamente, as reda\u00e7\u00f5es para a imprensa escrita e os est\u00fadios de r\u00e1dio e TV studios. Por outro lado a infraestrutura da DPG Media em Vilvoorde era nova, e substitu\u00ed-la n\u00e3o era op\u00e7\u00e3o. Acrescia que o departamento de Entretenimento da DPG Media iria, em qualquer caso, permanecer em Vilvoorde.<\/p>\n\n\n\n<div class=\"wp-block-image\"><figure class=\"aligncenter size-large\"><img data-recalc-dims=\"1\" loading=\"lazy\" decoding=\"async\" width=\"512\" height=\"250\" src=\"https:\/\/i0.wp.com\/news.avantools.pt\/wp-content\/uploads\/2020\/06\/COntrolRoom.png?resize=512%2C250&#038;ssl=1\" alt=\"\" class=\"wp-image-3211\" srcset=\"https:\/\/i0.wp.com\/news.avantools.pt\/wp-content\/uploads\/2020\/06\/COntrolRoom.png?w=512&amp;ssl=1 512w, https:\/\/i0.wp.com\/news.avantools.pt\/wp-content\/uploads\/2020\/06\/COntrolRoom.png?resize=300%2C146&amp;ssl=1 300w\" sizes=\"auto, (max-width: 512px) 100vw, 512px\" \/><figcaption><em>No centro de produ\u00e7\u00e3o em Antu\u00e9rpia controla-se equipamento instalado a 40km<\/em><\/figcaption><\/figure><\/div>\n\n\n\n<p>A partir da experi\u00eancia adquirida com o equipamento que tinha sido instalado 3 anos antes, e das suas capacidades de distribuir sinal <em>\u00e1udio-over-WAN-IP<\/em>, e tendo em conta a recente aquisi\u00e7\u00e3o, por parte da DGP Media, de novo equipamento v\u00eddeo, era necess\u00e1ria agora uma solu\u00e7\u00e3o potente, que permitisse distribuir igualmente sinal <em>v\u00eddeo-over-WAN-IP<\/em> e proporcionasse a liga\u00e7\u00e3o dos dois centros de produ\u00e7\u00e3o, de Vilevoord e de Antu\u00e9rpia, separados por 40 km. Era necess\u00e1ria uma solu\u00e7\u00e3o &#8220;duas localiza\u00e7\u00f5es, um sistema.&#8221; Foram estes os dados de base do concurso lan\u00e7ado.<\/p>\n\n\n\n<p>Estava assim em marcha um vasto e significativo projecto. Projecto que tem como sua espinha dorsal uma liga\u00e7\u00e3o entre Vilvoorde e Antu\u00e9rpia assente numa estrutura de <em>fibra \u00f3ptica escura<\/em>, redundante. Uma liga\u00e7\u00e3o com 400Gbps de banda passante, por linha. Esta \u00e9 dividida em duas: 200Gbps reservados para tr\u00e1fego administrativo, e os restantes 200Gbps para aplica\u00e7\u00f5es de <em>broadcast<\/em>, i.e. \u00e1udio, v\u00eddeo e sinais de controlo. \u00c9 redundante porque dois fluxos de dados semelhantes s\u00e3o enviados por duas liga\u00e7\u00f5es diferentes, de modo a assegurar a transmiss\u00e3o integral e segura. <\/p>\n\n\n\n<div class=\"wp-block-image\"><figure class=\"alignleft size-large is-resized\"><img data-recalc-dims=\"1\" loading=\"lazy\" decoding=\"async\" src=\"https:\/\/i0.wp.com\/news.avantools.pt\/wp-content\/uploads\/2020\/06\/Lawo-DPG-media5.jpg?resize=382%2C214&#038;ssl=1\" alt=\"\" class=\"wp-image-3212\" width=\"382\" height=\"214\" srcset=\"https:\/\/i0.wp.com\/news.avantools.pt\/wp-content\/uploads\/2020\/06\/Lawo-DPG-media5.jpg?w=600&amp;ssl=1 600w, https:\/\/i0.wp.com\/news.avantools.pt\/wp-content\/uploads\/2020\/06\/Lawo-DPG-media5.jpg?resize=300%2C169&amp;ssl=1 300w\" sizes=\"auto, (max-width: 382px) 100vw, 382px\" \/><\/figure><\/div>\n\n\n\n<p>Depois de, em Maio de 2019, ter ganho o concurso para o fornecimento do equipamento especificado, a <strong>LAWO<\/strong> come\u00e7ou a estudar uma solu\u00e7\u00e3o que veio a ser testada e implementada entre Outubro e Novembro. Esta solu\u00e7\u00e3o tem por base a plataforma <em>V__matrix<\/em>, o <em>mc\u00b2 Micro Core<\/em>, o <em>mxGUI<\/em>, o <em>A__mic8<\/em>, o <em>SMART<\/em> e o <em>VSM broadcast control system<\/em>, especialmente desenvolvido para este efeito. O equipamento <strong>LAWO<\/strong> j\u00e1 existente est\u00e1 naturalmente incorporado na solu\u00e7\u00e3o encontrada. Solu\u00e7\u00e3o que entrou em funcionamento no sector de Entretenimento em Outubro de 2019 e no da Informa\u00e7\u00e3o em Fevereiro de 2020.  <\/p>\n\n\n\n<p>Uma opera\u00e7\u00e3o muito complexa, ambiciosa e inovadora, sobre a qual poder\u00e1 ficar a saber todos os pormenores<a rel=\"noreferrer noopener\" href=\"https:\/\/www.lawo.com\/fileadmin\/content\/Case_Studies\/Lawo_Case_Study_DPG_Media.pdf\" target=\"_blank\"> aqui<\/a> e <a rel=\"noreferrer noopener\" href=\"https:\/\/www.lawo.com\/up-to-date\/news\/nbsp\/dpg_media_completes_new_lawo_powered_st2110_broadcast_facilities.html\" target=\"_blank\">aqui<\/a>. Poder\u00e1 tamb\u00e9m <a rel=\"noreferrer noopener\" href=\"https:\/\/www.lawo.com\/home.html\" target=\"_blank\">ficar a saber mais<\/a> sobre as solu\u00e7\u00f5es <strong>LAWO<\/strong> acima descritas. Se quiser ficar a saber ainda mais sobre  qual a que mais se adequa \u00e0s suas necessidades, convidamo-lo <a href=\"http:\/\/avantools.pt\/contacts.html\">a vir falar connosco<\/a>.<\/p>\n\n\n\n<figure class=\"wp-block-image size-large is-resized\"><img data-recalc-dims=\"1\" loading=\"lazy\" decoding=\"async\" src=\"https:\/\/i0.wp.com\/news.avantools.pt\/wp-content\/uploads\/2019\/09\/Lawo_Logo.gif?resize=238%2C238&#038;ssl=1\" alt=\"\" class=\"wp-image-2447\" width=\"238\" height=\"238\"\/><\/figure>\n\n\n\n<hr class=\"wp-block-separator is-style-wide\"\/>\n","protected":false},"excerpt":{"rendered":"<p>A DPG Media \u00e9 um poderoso grupo de media, com presen\u00e7a nos sectores da informa\u00e7\u00e3o e entretenimento, nas \u00e1reas da imprensa escrita, TV e R\u00e1dio. Opera em diversos pa\u00edses do norte da Europa. Com dois centros nevr\u00e1lgicos de produ\u00e7\u00e3o em funcionamento, na B\u00e9lgica, a DPG Media necessitava de uma solu\u00e7\u00e3o t\u00e9cnica que lhe permitisse operar, &hellip; <\/p>\n<p class=\"link-more\"><a href=\"https:\/\/news.avantools.pt\/?p=3207\" class=\"more-link\">Continuar a ler <span class=\"screen-reader-text\">&#8220;T\u00e3o f\u00e1cil como fazer zapping&#8221;<\/span><\/a><\/p>\n","protected":false},"author":2,"featured_media":3208,"comment_status":"closed","ping_status":"open","sticky":false,"template":"","format":"standard","meta":{"_jetpack_memberships_contains_paid_content":false,"footnotes":"","_links_to":"","_links_to_target":""},"categories":[92,483,93,266],"tags":[501,2],"class_list":["post-3207","post","type-post","status-publish","format-standard","has-post-thumbnail","hentry","category-broadcast","category-producao","category-radio","category-televisao","tag-dpg-media","tag-lawo"],"jetpack_featured_media_url":"https:\/\/i0.wp.com\/news.avantools.pt\/wp-content\/uploads\/2020\/06\/DPG-Media.png?fit=1229%2C763&ssl=1","jetpack_sharing_enabled":true,"_links":{"self":[{"href":"https:\/\/news.avantools.pt\/index.php?rest_route=\/wp\/v2\/posts\/3207","targetHints":{"allow":["GET"]}}],"collection":[{"href":"https:\/\/news.avantools.pt\/index.php?rest_route=\/wp\/v2\/posts"}],"about":[{"href":"https:\/\/news.avantools.pt\/index.php?rest_route=\/wp\/v2\/types\/post"}],"author":[{"embeddable":true,"href":"https:\/\/news.avantools.pt\/index.php?rest_route=\/wp\/v2\/users\/2"}],"replies":[{"embeddable":true,"href":"https:\/\/news.avantools.pt\/index.php?rest_route=%2Fwp%2Fv2%2Fcomments&post=3207"}],"version-history":[{"count":20,"href":"https:\/\/news.avantools.pt\/index.php?rest_route=\/wp\/v2\/posts\/3207\/revisions"}],"predecessor-version":[{"id":3232,"href":"https:\/\/news.avantools.pt\/index.php?rest_route=\/wp\/v2\/posts\/3207\/revisions\/3232"}],"wp:featuredmedia":[{"embeddable":true,"href":"https:\/\/news.avantools.pt\/index.php?rest_route=\/wp\/v2\/media\/3208"}],"wp:attachment":[{"href":"https:\/\/news.avantools.pt\/index.php?rest_route=%2Fwp%2Fv2%2Fmedia&parent=3207"}],"wp:term":[{"taxonomy":"category","embeddable":true,"href":"https:\/\/news.avantools.pt\/index.php?rest_route=%2Fwp%2Fv2%2Fcategories&post=3207"},{"taxonomy":"post_tag","embeddable":true,"href":"https:\/\/news.avantools.pt\/index.php?rest_route=%2Fwp%2Fv2%2Ftags&post=3207"}],"curies":[{"name":"wp","href":"https:\/\/api.w.org\/{rel}","templated":true}]}}