{"id":329,"date":"2017-02-10T00:00:00","date_gmt":"2017-02-10T00:00:00","guid":{"rendered":"http:\/\/avantools.pt\/noticias\/v_pro8-ainda-mais-poderoso"},"modified":"2018-04-03T16:42:45","modified_gmt":"2018-04-03T15:42:45","slug":"v_pro8-ainda-mais-poderoso","status":"publish","type":"post","link":"https:\/\/news.avantools.pt\/?p=329","title":{"rendered":"V_pro8 ainda mais poderoso"},"content":{"rendered":"<p>A <strong>LAWO<\/strong> lan\u00e7ou um importante <em>upgrade<\/em> para o seu <strong>V_pro8<\/strong>. Novas capacidades para uma ferramenta cl\u00e1ssica e indispens\u00e1vel.<\/p>\n<p style=\"text-align: center;\"><img data-recalc-dims=\"1\" decoding=\"async\" class=\"aligncenter\" src=\"https:\/\/i0.wp.com\/wwwavantoolseu.worldsecuresystems.com\/images\/2014-V_pro8-prod-top_01.jpeg?w=525&#038;ssl=1\"  \/><\/p>\n<p>\u00c9 uma poderos\u00edssima ferramenta dispon\u00edvel no mercado para ligar diferentes formatos de video bem como video e \u00e1udio. Agora o <strong>V_pro8<\/strong> foi objecto de importante <em>upgrade<\/em> de software que o transforma numa ferramenta ainda mais poderosa.<\/p>\n<p>O <strong>V_pro8<\/strong> \u00e9 um potente, compacto e vers\u00e1til processador de video de 8 canais, capaz de converter diferentes formatos, com correc\u00e7\u00e3o de cor<br \/>\ne <em>embedding<\/em> e <em>deembedding<\/em> de \u00e1udio, entre muitas outras fun\u00e7\u00f5es.<\/p>\n<p>Agora o <strong>V_pro8<\/strong> foi dotado de ainda mais capacidades que o transformaram de uma ferramenta muito poderosa numa outra verdadeiramente insubstitu\u00edvel.<\/p>\n<p>Veja <a title=\"novo vprolink\" href=\"https:\/\/www.lawo.com\/products\/video-processing-core-infrastructure\/v-pro8.html\" target=\"_blank\" rel=\"noopener\">aqui<\/a> tudo sobre o <strong>V_pro8<\/strong> e <a title=\"novo vprolink\" href=\"https:\/\/www.lawo.com\/up-to-date\/news\/nbsp\/lawo_debuts_the_all_new_v_pro8_8_channel_video_processing_toolkit_at_ise_2017.html\" target=\"_blank\" rel=\"noopener\">aqui<\/a> sobre as novas possibilidades agora dispon\u00edveis.<\/p>\n<p>Saiba ainda mais sobre o <strong>V_pro8<\/strong> <a href=\"\/contacts.html\">Visite-nos<\/a>, venha falar connosco e testar este equipamento \u00fanico.<\/p>\n<p>&nbsp;<\/p>\n<p style=\"text-align: right;\"><img data-recalc-dims=\"1\" loading=\"lazy\" decoding=\"async\" class=\"alignnone size-full wp-image-397\" src=\"https:\/\/i0.wp.com\/news.avantools.pt\/wp-content\/uploads\/2014\/03\/lawo_logo.png?resize=74%2C74&#038;ssl=1\" alt=\"\" width=\"74\" height=\"74\" \/><\/p>\n<hr \/>\n<p>&nbsp;<\/p>\n","protected":false},"excerpt":{"rendered":"<p>A LAWO lan\u00e7ou um importante upgrade para o seu V_pro8. Novas capacidades para uma ferramenta cl\u00e1ssica e indispens\u00e1vel. \u00c9 uma poderos\u00edssima ferramenta dispon\u00edvel no mercado para ligar diferentes formatos de video bem como video e \u00e1udio. Agora o V_pro8 foi objecto de importante upgrade de software que o transforma numa ferramenta ainda mais poderosa. O &hellip; <\/p>\n<p class=\"link-more\"><a href=\"https:\/\/news.avantools.pt\/?p=329\" class=\"more-link\">Continuar a ler <span class=\"screen-reader-text\">&#8220;V_pro8 ainda mais poderoso&#8221;<\/span><\/a><\/p>\n","protected":false},"author":2,"featured_media":0,"comment_status":"open","ping_status":"open","sticky":false,"template":"","format":"standard","meta":{"_jetpack_memberships_contains_paid_content":false,"footnotes":"","_links_to":"","_links_to_target":""},"categories":[266,96],"tags":[2,27],"class_list":["post-329","post","type-post","status-publish","format-standard","hentry","category-televisao","category-video","tag-lawo","tag-v_pro8"],"jetpack_featured_media_url":"","jetpack_sharing_enabled":true,"_links":{"self":[{"href":"https:\/\/news.avantools.pt\/index.php?rest_route=\/wp\/v2\/posts\/329","targetHints":{"allow":["GET"]}}],"collection":[{"href":"https:\/\/news.avantools.pt\/index.php?rest_route=\/wp\/v2\/posts"}],"about":[{"href":"https:\/\/news.avantools.pt\/index.php?rest_route=\/wp\/v2\/types\/post"}],"author":[{"embeddable":true,"href":"https:\/\/news.avantools.pt\/index.php?rest_route=\/wp\/v2\/users\/2"}],"replies":[{"embeddable":true,"href":"https:\/\/news.avantools.pt\/index.php?rest_route=%2Fwp%2Fv2%2Fcomments&post=329"}],"version-history":[{"count":2,"href":"https:\/\/news.avantools.pt\/index.php?rest_route=\/wp\/v2\/posts\/329\/revisions"}],"predecessor-version":[{"id":1135,"href":"https:\/\/news.avantools.pt\/index.php?rest_route=\/wp\/v2\/posts\/329\/revisions\/1135"}],"wp:attachment":[{"href":"https:\/\/news.avantools.pt\/index.php?rest_route=%2Fwp%2Fv2%2Fmedia&parent=329"}],"wp:term":[{"taxonomy":"category","embeddable":true,"href":"https:\/\/news.avantools.pt\/index.php?rest_route=%2Fwp%2Fv2%2Fcategories&post=329"},{"taxonomy":"post_tag","embeddable":true,"href":"https:\/\/news.avantools.pt\/index.php?rest_route=%2Fwp%2Fv2%2Ftags&post=329"}],"curies":[{"name":"wp","href":"https:\/\/api.w.org\/{rel}","templated":true}]}}