{"id":332,"date":"2016-08-06T23:40:00","date_gmt":"2016-08-06T22:40:00","guid":{"rendered":"http:\/\/avantools.pt\/noticias\/um-rio-de-lawo"},"modified":"2018-04-03T11:07:36","modified_gmt":"2018-04-03T10:07:36","slug":"um-rio-de-lawo","status":"publish","type":"post","link":"https:\/\/news.avantools.pt\/?p=332","title":{"rendered":"Um Rio de Lawo"},"content":{"rendered":"<p>A cerim\u00f3nia de abertura \u00e9 sempre um dos dos momentos mais aguardados e um dos pontos altos dos Jogos Ol\u00edmpicos. Mas haver\u00e1 muitos outros! A <strong>LAWO<\/strong> est\u00e1 no Rio para ajudar a que tudo isto lhe chegue em condi\u00e7\u00f5es.<\/p>\n<p><img data-recalc-dims=\"1\" decoding=\"async\" class=\"aligncenter\" src=\"https:\/\/i0.wp.com\/wwwavantoolseu.worldsecuresystems.com\/images\/13873194_1129794237080472_1908716180995035129_n.jpg?w=525&#038;ssl=1\"  \/><\/p>\n<p>Na edi\u00e7\u00e3o de 2016 dos Jogos Ol\u00edmpicos, no Rio de Janeiro, o som da transmiss\u00e3o da sempre muito aguardada cerim\u00f3nia de abertura foi comandado a partir de uma Lawo\u00a0<strong>mc\u00b266 Mrk II<\/strong> da <a title=\"lawo\" href=\"https:\/\/www.lawo.com\/\" target=\"_blank\" rel=\"noopener\">Lawo<\/a>. Esta mesa est\u00e1 integrada no <a title=\"OB15\" href=\"http:\/\/www.euromediagroup.com\/trucks\/cvg-ob-15\/\">OB15<\/a> do <a title=\"Euromedia Group\" href=\"http:\/\/www.euromediagroup.com\/\" target=\"_blank\" rel=\"noopener\">Euromedia Group<\/a> utilizado pela belga <a title=\"NEP OB15\" href=\"http:\/\/nepgroup.be\/en\/\" target=\"_blank\" rel=\"noopener\">NEP<\/a>, a empresa que faz a cobertura das cerim\u00f3nias de abertura e encerramento dos Jogos, bem como dos eventos que ter\u00e3o lugar no Maracan\u00e3.<\/p>\n<p>A <a title=\"NBC\" href=\"http:\/\/www.nbcolympics.com\/\" target=\"_blank\" rel=\"noopener\">NBC<\/a>, entretanto, optou por usar outros dois produtos da <strong>LAWO<\/strong>,\u00a0no \u00e2mbito<br \/>\nda sua cobertura deste Rio2016.<\/p>\n<p>Trata-se sistema <strong>VSM<\/strong> (Virtual Studio Manager) e o sistema de coment\u00e1rio baseado no protocolo Ravenna <strong>LCU. <\/strong>Saiba mais sobre \u00a0utiliza\u00e7\u00e3o destas duas solu\u00e7\u00f5es <strong>LAWO<\/strong> <a title=\"nbc lawo rio2016\" href=\"http:\/\/www.tvbeurope.com\/lawo-to-aid-nbc-olympic-coverage\/\" target=\"_blank\" rel=\"noopener\">aqui<\/a>.<\/p>\n<p><strong><img data-recalc-dims=\"1\" decoding=\"async\" class=\"aligncenter\" src=\"https:\/\/i0.wp.com\/wwwavantoolseu.worldsecuresystems.com\/images\/LCU.jpg?w=525&#038;ssl=1\"  \/><\/strong><\/p>\n<p>Veja mais sobre a\u00a0<strong>mc\u00b266<\/strong>\u00a0<a title=\"mc266\" href=\"https:\/\/www.lawo.com\/products\/audio-production-consoles\/mc266.html\" target=\"_blank\" rel=\"noopener\">aqui<\/a>, sobre o sistema <strong>VSM<\/strong> <a title=\"vsm\" href=\"https:\/\/www.lawo.com\/products\/control\/vsm.html\" target=\"_blank\" rel=\"noopener\">aqui<\/a> e sobre o <strong>LCU<\/strong> <a title=\"LCU\" href=\"https:\/\/www.lawo.com\/fr\/up-to-date\/news\/nbsp\/lawo_introduces_ravenna_based_commentary_unit_at_ibc.html\">aqui<\/a>.<\/p>\n<p><a href=\"\/contacts.html\">Contacte-nos<\/a> para mais informa\u00e7\u00f5es.<\/p>\n<p>&nbsp;<\/p>\n<p style=\"text-align: right;\"><img decoding=\"async\" src=\"\/images\/lawo_logo.jpg\" \/><\/p>\n<hr \/>\n","protected":false},"excerpt":{"rendered":"<p>A cerim\u00f3nia de abertura \u00e9 sempre um dos dos momentos mais aguardados e um dos pontos altos dos Jogos Ol\u00edmpicos. Mas haver\u00e1 muitos outros! A LAWO est\u00e1 no Rio para ajudar a que tudo isto lhe chegue em condi\u00e7\u00f5es. Na edi\u00e7\u00e3o de 2016 dos Jogos Ol\u00edmpicos, no Rio de Janeiro, o som da transmiss\u00e3o da &hellip; <\/p>\n<p class=\"link-more\"><a href=\"https:\/\/news.avantools.pt\/?p=332\" class=\"more-link\">Continuar a ler <span class=\"screen-reader-text\">&#8220;Um Rio de Lawo&#8221;<\/span><\/a><\/p>\n","protected":false},"author":2,"featured_media":0,"comment_status":"open","ping_status":"open","sticky":false,"template":"","format":"standard","meta":{"_jetpack_memberships_contains_paid_content":false,"footnotes":"","_links_to":"","_links_to_target":""},"categories":[92],"tags":[2,117,293,73,288,221],"class_list":["post-332","post","type-post","status-publish","format-standard","hentry","category-broadcast","tag-lawo","tag-lcu-commentary-units","tag-mc66-mrk-ii","tag-ob-van","tag-rio2016","tag-vsm-virtual-studio-manager"],"jetpack_featured_media_url":"","jetpack_sharing_enabled":true,"_links":{"self":[{"href":"https:\/\/news.avantools.pt\/index.php?rest_route=\/wp\/v2\/posts\/332","targetHints":{"allow":["GET"]}}],"collection":[{"href":"https:\/\/news.avantools.pt\/index.php?rest_route=\/wp\/v2\/posts"}],"about":[{"href":"https:\/\/news.avantools.pt\/index.php?rest_route=\/wp\/v2\/types\/post"}],"author":[{"embeddable":true,"href":"https:\/\/news.avantools.pt\/index.php?rest_route=\/wp\/v2\/users\/2"}],"replies":[{"embeddable":true,"href":"https:\/\/news.avantools.pt\/index.php?rest_route=%2Fwp%2Fv2%2Fcomments&post=332"}],"version-history":[{"count":2,"href":"https:\/\/news.avantools.pt\/index.php?rest_route=\/wp\/v2\/posts\/332\/revisions"}],"predecessor-version":[{"id":1041,"href":"https:\/\/news.avantools.pt\/index.php?rest_route=\/wp\/v2\/posts\/332\/revisions\/1041"}],"wp:attachment":[{"href":"https:\/\/news.avantools.pt\/index.php?rest_route=%2Fwp%2Fv2%2Fmedia&parent=332"}],"wp:term":[{"taxonomy":"category","embeddable":true,"href":"https:\/\/news.avantools.pt\/index.php?rest_route=%2Fwp%2Fv2%2Fcategories&post=332"},{"taxonomy":"post_tag","embeddable":true,"href":"https:\/\/news.avantools.pt\/index.php?rest_route=%2Fwp%2Fv2%2Ftags&post=332"}],"curies":[{"name":"wp","href":"https:\/\/api.w.org\/{rel}","templated":true}]}}