{"id":334,"date":"2016-07-21T20:52:00","date_gmt":"2016-07-21T19:52:00","guid":{"rendered":"http:\/\/avantools.pt\/noticias\/whats-up-dock"},"modified":"2018-04-03T01:30:23","modified_gmt":"2018-04-03T00:30:23","slug":"whats-up-dock","status":"publish","type":"post","link":"https:\/\/news.avantools.pt\/?p=334","title":{"rendered":"What&#8217;s up Dock?"},"content":{"rendered":"<p>O <strong>Dock Protools<\/strong> da <strong>Avid<\/strong> \u00e9 um perif\u00e9rico de controlo de todas as fun\u00e7\u00f5es da sua <em>workstation<\/em>. Foi concebido para elevar o seu fluxo de trabalho a novos patamares.<br \/>\nVeja aqui como&#8230;<\/p>\n<p style=\"text-align: center;\"><iframe loading=\"lazy\" src=\"https:\/\/www.youtube.com\/embed\/a1MBUJBdiMI\" width=\"512\" height=\"288\" frameborder=\"0\" allowfullscreen=\"allowfullscreen\"> &lt;br \/&gt; <\/iframe><\/p>\n<p><a href=\"\/contacts.html\" target=\"_blank\" rel=\"noopener\">Venha ver<\/a> o <strong>Protools Dock<\/strong> em ac\u00e7\u00e3o e saiba ainda mais <a title=\"dock\" href=\"http:\/\/www.avid.com\/products\/pro-tools-dock\" target=\"_blank\" rel=\"noopener\">aqui<\/a>.<\/p>\n<p>&nbsp;<\/p>\n<p style=\"text-align: right;\"><img decoding=\"async\" src=\"\/images\/avid_technology_inc_-_logo.png\" \/><\/p>\n<hr \/>\n","protected":false},"excerpt":{"rendered":"<p>O Dock Protools da Avid \u00e9 um perif\u00e9rico de controlo de todas as fun\u00e7\u00f5es da sua workstation. Foi concebido para elevar o seu fluxo de trabalho a novos patamares. Veja aqui como&#8230; &lt;br \/&gt; Venha ver o Protools Dock em ac\u00e7\u00e3o e saiba ainda mais aqui. &nbsp;<\/p>\n","protected":false},"author":2,"featured_media":0,"comment_status":"open","ping_status":"open","sticky":false,"template":"","format":"standard","meta":{"_jetpack_memberships_contains_paid_content":false,"footnotes":"","_links_to":"","_links_to_target":""},"categories":[94],"tags":[270,5],"class_list":["post-334","post","type-post","status-publish","format-standard","hentry","category-studio","tag-dock","tag-protools"],"jetpack_featured_media_url":"","jetpack_sharing_enabled":true,"_links":{"self":[{"href":"https:\/\/news.avantools.pt\/index.php?rest_route=\/wp\/v2\/posts\/334","targetHints":{"allow":["GET"]}}],"collection":[{"href":"https:\/\/news.avantools.pt\/index.php?rest_route=\/wp\/v2\/posts"}],"about":[{"href":"https:\/\/news.avantools.pt\/index.php?rest_route=\/wp\/v2\/types\/post"}],"author":[{"embeddable":true,"href":"https:\/\/news.avantools.pt\/index.php?rest_route=\/wp\/v2\/users\/2"}],"replies":[{"embeddable":true,"href":"https:\/\/news.avantools.pt\/index.php?rest_route=%2Fwp%2Fv2%2Fcomments&post=334"}],"version-history":[{"count":2,"href":"https:\/\/news.avantools.pt\/index.php?rest_route=\/wp\/v2\/posts\/334\/revisions"}],"predecessor-version":[{"id":1025,"href":"https:\/\/news.avantools.pt\/index.php?rest_route=\/wp\/v2\/posts\/334\/revisions\/1025"}],"wp:attachment":[{"href":"https:\/\/news.avantools.pt\/index.php?rest_route=%2Fwp%2Fv2%2Fmedia&parent=334"}],"wp:term":[{"taxonomy":"category","embeddable":true,"href":"https:\/\/news.avantools.pt\/index.php?rest_route=%2Fwp%2Fv2%2Fcategories&post=334"},{"taxonomy":"post_tag","embeddable":true,"href":"https:\/\/news.avantools.pt\/index.php?rest_route=%2Fwp%2Fv2%2Ftags&post=334"}],"curies":[{"name":"wp","href":"https:\/\/api.w.org\/{rel}","templated":true}]}}