{"id":3371,"date":"2020-08-01T23:06:16","date_gmt":"2020-08-01T22:06:16","guid":{"rendered":"http:\/\/news.avantools.pt\/?p=3371"},"modified":"2020-08-02T00:47:33","modified_gmt":"2020-08-01T23:47:33","slug":"a-lawo-na-volksoper-de-viena","status":"publish","type":"post","link":"https:\/\/news.avantools.pt\/?p=3371","title":{"rendered":"A LAWO na Volksoper de Viena"},"content":{"rendered":"\n<p>A <strong>LAWO<\/strong> produz mesas de mistura que se tornaram no verdadeiro padr\u00e3o pelo qual se rege a ind\u00fastria. Para al\u00e9m da sua fun\u00e7\u00e3o central, as mesas da <strong>LAWO<\/strong> constituem um n\u00facleo de controlo de todas as opera\u00e7\u00f5es de um centro de produ\u00e7\u00e3o \u00e1udio, qualquer que seja a sua fun\u00e7\u00e3o. Para al\u00e9m da sua qualidade, fiabilidade e facilidade de opera\u00e7\u00e3o, as mesas de mistura da <strong>LAWO<\/strong> oferecem esta capacidade de poderem ser o ponto nevr\u00e1lgico de controlo de todas as opera\u00e7\u00f5es, incluindo a sua integra\u00e7\u00e3o completa com o v\u00eddeo. Seja num est\u00fadio, num teatro, numa sala de concertos ou de congressos, ao vivo, com processamento <em>on the fly<\/em> ou em registo para posterior processamento. E mais! Gra\u00e7as \u00e0s novas facilidades, entretanto introduzidas, as mesas <strong>LAWO<\/strong> podem ser configuradas e operadas directamente, aproveitando capacidades do software e as suas excepcionais qualidades ergon\u00f3micas ou remotamente. Ou seja, literalmente, a quil\u00f3metros de dist\u00e2ncia. Assim se passa, por exemplo, na <em>Volksoper<\/em> de Viena.<\/p>\n\n\n\n<figure class=\"wp-block-image size-large\"><img data-recalc-dims=\"1\" loading=\"lazy\" decoding=\"async\" width=\"525\" height=\"349\" src=\"https:\/\/i0.wp.com\/news.avantools.pt\/wp-content\/uploads\/2020\/08\/Presse_Zuschauerraum_von_Buehne_aus_Schlussapplaus_Lady.jpg?resize=525%2C349&#038;ssl=1\" alt=\"\" class=\"wp-image-3379\" srcset=\"https:\/\/i0.wp.com\/news.avantools.pt\/wp-content\/uploads\/2020\/08\/Presse_Zuschauerraum_von_Buehne_aus_Schlussapplaus_Lady.jpg?resize=1024%2C681&amp;ssl=1 1024w, https:\/\/i0.wp.com\/news.avantools.pt\/wp-content\/uploads\/2020\/08\/Presse_Zuschauerraum_von_Buehne_aus_Schlussapplaus_Lady.jpg?resize=300%2C200&amp;ssl=1 300w, https:\/\/i0.wp.com\/news.avantools.pt\/wp-content\/uploads\/2020\/08\/Presse_Zuschauerraum_von_Buehne_aus_Schlussapplaus_Lady.jpg?resize=768%2C511&amp;ssl=1 768w, https:\/\/i0.wp.com\/news.avantools.pt\/wp-content\/uploads\/2020\/08\/Presse_Zuschauerraum_von_Buehne_aus_Schlussapplaus_Lady.jpg?w=1082&amp;ssl=1 1082w\" sizes=\"auto, (max-width: 767px) 89vw, (max-width: 1000px) 54vw, (max-width: 1071px) 543px, 580px\" \/><figcaption>A Volksoper de Viena<\/figcaption><\/figure>\n\n\n\n<p>O <a rel=\"noreferrer noopener\" href=\"https:\/\/www.volksoper.at\/volksoper_wien\/index.en.php\" target=\"_blank\">Volksoper de Viena<\/a> (\u00c1ustria) \u00e9 um dos teatros mais importantes do mundo. Conhecido, sobretudo, pela oferta do que de mais sofisticado pode ser apreciado em mat\u00e9ria de entretenimento musical, \u00e9 l\u00edder no popular g\u00e9nero musical da opereta, e pelo seu palco correm tamb\u00e9m as maiores produ\u00e7\u00f5es de \u00f3pera, dan\u00e7a e musicais da Europa. As instala\u00e7\u00f5es da Volksoper Viena s\u00e3o usadas para registar transmiss\u00f5es de televis\u00e3o ou concertos e para a realiza\u00e7\u00e3o de todo o \u00e1udio usado nas suas suas produ\u00e7\u00f5es. \u00d3peras compostas entre o s\u00e9culo XVIII e o s\u00e9culo XXI s\u00e3o a\u00ed regularmente apresentadas, que juntamente com uma enorme diversidade de espect\u00e1culos de opereta (o ponto forte do Volksoper), bailado e musicais, perfaz as mais de 30 produ\u00e7\u00f5es diferentes que habitualmente comp\u00f5em o programa anual da sala. E, em cada temporada, perto de 400 000 espectadores assistem \u00e0s cerca de 300 r\u00e9citas anuais que passam pelo palco desta grande sala, constru\u00edda em finais do s\u00e9culo XIX e com mais de 1300 lugares. <\/p>\n\n\n\n<div class=\"wp-block-image\"><figure class=\"aligncenter size-large is-resized\"><img data-recalc-dims=\"1\" loading=\"lazy\" decoding=\"async\" src=\"https:\/\/i0.wp.com\/news.avantools.pt\/wp-content\/uploads\/2020\/08\/Wien1.png?resize=525%2C272&#038;ssl=1\" alt=\"\" class=\"wp-image-3373\" width=\"525\" height=\"272\" srcset=\"https:\/\/i0.wp.com\/news.avantools.pt\/wp-content\/uploads\/2020\/08\/Wien1.png?w=787&amp;ssl=1 787w, https:\/\/i0.wp.com\/news.avantools.pt\/wp-content\/uploads\/2020\/08\/Wien1.png?resize=300%2C156&amp;ssl=1 300w, https:\/\/i0.wp.com\/news.avantools.pt\/wp-content\/uploads\/2020\/08\/Wien1.png?resize=768%2C399&amp;ssl=1 768w\" sizes=\"auto, (max-width: 525px) 100vw, 525px\" \/><figcaption>Volksoper Viena (est\u00fadio 1)<\/figcaption><\/figure><\/div>\n\n\n\n<p>No \u00fanico espa\u00e7o multifuncional de Viena, a produ\u00e7\u00e3o completa de \u00f3pera, opereta, musicais e bailado implica um enorme grau de exig\u00eancia e necessidade de flexibilidade, sem descurar a qualidade de toda a opera\u00e7\u00e3o. Mais de 150 cantores, 95  m\u00fasicos e 100  bailarinos que comp\u00f5em o quadro da Volksoper Viena, imp\u00f5em exig\u00eancias excepcionais na qualidade da tecnologia \u00e1udio utilizada, tanto nos espect\u00e1culos, como nos est\u00fadios. <\/p>\n\n\n\n<div class=\"wp-block-image\"><figure class=\"alignright size-large is-resized\"><img data-recalc-dims=\"1\" loading=\"lazy\" decoding=\"async\" src=\"https:\/\/i0.wp.com\/news.avantools.pt\/wp-content\/uploads\/2020\/08\/Wien3.png?resize=348%2C210&#038;ssl=1\" alt=\"\" class=\"wp-image-3377\" width=\"348\" height=\"210\" srcset=\"https:\/\/i0.wp.com\/news.avantools.pt\/wp-content\/uploads\/2020\/08\/Wien3.png?w=609&amp;ssl=1 609w, https:\/\/i0.wp.com\/news.avantools.pt\/wp-content\/uploads\/2020\/08\/Wien3.png?resize=300%2C182&amp;ssl=1 300w\" sizes=\"auto, (max-width: 348px) 100vw, 348px\" \/><\/figure><\/div>\n\n\n\n<p> A resposta para tamanho desafio foi uma nova mesa modelo <a rel=\"noreferrer noopener\" href=\"https:\/\/www.lawo.com\/products\/audio-production-consoles\/mc256.html\" target=\"_blank\">mc\u00b2 56<\/a> da <strong>LAWO<\/strong>, capaz de responder a todos os requisitos exigidos. A nova mesa de 32 vias, tem 98 canais de DSP e uma matriz de <em>routing<\/em> de 8192 x 8192 pontos. Configurada para SMPTE 2110, AES67\/Ravenna e Dante, est\u00e1 optimizada para produ\u00e7\u00e3o v\u00eddeo  com base IP. Entre tantas outras caracter\u00edsticas, a nova mesa disp\u00f5e ainda da tecnologia <em>LiveView<\/em>  que permite gerar visualiza\u00e7\u00f5es dos <em>streams<\/em> de video em cada um dos monitores das vias da mesa.<\/p>\n\n\n\n<div class=\"wp-block-image\"><figure class=\"alignleft size-large is-resized\"><img data-recalc-dims=\"1\" loading=\"lazy\" decoding=\"async\" src=\"https:\/\/i0.wp.com\/news.avantools.pt\/wp-content\/uploads\/2020\/08\/Wien2-2.png?resize=393%2C293&#038;ssl=1\" alt=\"\" class=\"wp-image-3376\" width=\"393\" height=\"293\" srcset=\"https:\/\/i0.wp.com\/news.avantools.pt\/wp-content\/uploads\/2020\/08\/Wien2-2.png?w=781&amp;ssl=1 781w, https:\/\/i0.wp.com\/news.avantools.pt\/wp-content\/uploads\/2020\/08\/Wien2-2.png?resize=300%2C224&amp;ssl=1 300w, https:\/\/i0.wp.com\/news.avantools.pt\/wp-content\/uploads\/2020\/08\/Wien2-2.png?resize=768%2C574&amp;ssl=1 768w\" sizes=\"auto, (max-width: 393px) 100vw, 393px\" \/><\/figure><\/div>\n\n\n\n<p>Apanhada pela crise pand\u00e9mica, a instala\u00e7\u00e3o da nova <strong>mc\u00b2 56<\/strong> foi conduzida e conclu\u00edda com sucesso, \u00e0 dist\u00e2ncia, a partir do quartel-general da <strong>LAWO<\/strong>. A pr\u00e1tica, ditada pelas circunst\u00e2ncias, virou rotina e qualquer altera\u00e7\u00e3o \u00e9 feita agora remotamente, sem problemas. Devido \u00e0 pandemia, a programa\u00e7\u00e3o do Volksoper Viena tamb\u00e9m sofreu altera\u00e7\u00f5es, mas n\u00e3o parou. E a nova temporada ir\u00e1 iniciar-se em Setembro, como programado, com a opereta de Johann Strauss &#8220;Die Fledermaus&#8221;, a que se seguir\u00e1 o conhecido &#8220;Kiss Me, Kate&#8221; de Cole Porter e logo depois &#8220;Sweet Charity,&#8221; a adapta\u00e7\u00e3o do filme de Frederico Fellini &#8220;Le Notti di Cabiria.&#8221; Em todas estas produ\u00e7\u00f5es o controlo de todas as opera\u00e7\u00f5es \u00e1udio e a comunica\u00e7\u00e3o entre equipamentos de todas as salas e palcos estar\u00e1 assegurada pela <strong>mc\u00b2 56<\/strong>.  <\/p>\n\n\n\n<p><a rel=\"noreferrer noopener\" href=\"https:\/\/www.digitalavmagazine.com\/en\/2020\/07\/10\/la-opera-popular-de-viena-instala-una-consola-lawo-mc%C2%B256-con-control-remoto\/\" target=\"_blank\">Saiba mais<\/a> sobre esta opera\u00e7\u00e3o de instala\u00e7\u00e3o da <strong>mc\u00b2 56<\/strong> e fique a conhecer melhor todas as suas caracter\u00edsticas <a rel=\"noreferrer noopener\" href=\"https:\/\/www.lawo.com\/products\/audio-production-consoles\/mc256.html\" target=\"_blank\">aqui<\/a>. Mesas <strong>LAWO<\/strong> foram utilizadas na recente transmiss\u00e3o do concerto comemorativo do feriado de 14 Julho em Fran\u00e7a, com transmiss\u00e3o para 10 milh\u00f5es de espectadores. Veja tudo <a rel=\"noreferrer noopener\" href=\"https:\/\/www.lawo.com\/up-to-date\/news\/nbsp\/bastille_day_2020_concert_de_paris_mixed_with_lawo_mc2_consoles_for_a_10_million_tv_audience.html\" target=\"_blank\">aqui<\/a>.<\/p>\n\n\n\n<p>Se quiser ficar a saber mais sobre a <strong>LAWO<\/strong> e os seus equipamentos, saber da experi\u00eancia de outros utilizadores portugueses ou como a LAWO poder\u00e1 ser a solu\u00e7\u00e3o para as suas necessidades de produ\u00e7\u00e3o \u00e1udio, <a rel=\"noreferrer noopener\" href=\"http:\/\/avantool.pt\/contacts.html\" target=\"_blank\">contacte-nos<\/a>.<\/p>\n\n\n\n<figure class=\"wp-block-image size-large is-resized\"><img data-recalc-dims=\"1\" loading=\"lazy\" decoding=\"async\" src=\"https:\/\/i0.wp.com\/news.avantools.pt\/wp-content\/uploads\/2014\/03\/lawo_logo.png?resize=136%2C136&#038;ssl=1\" alt=\"\" class=\"wp-image-397\" width=\"136\" height=\"136\"\/><\/figure>\n\n\n\n<hr class=\"wp-block-separator is-style-wide\"\/>\n\n\n\n<p><\/p>\n","protected":false},"excerpt":{"rendered":"<p>A LAWO produz mesas de mistura que se tornaram no verdadeiro padr\u00e3o pelo qual se rege a ind\u00fastria. Para al\u00e9m da sua fun\u00e7\u00e3o central, as mesas da LAWO constituem um n\u00facleo de controlo de todas as opera\u00e7\u00f5es de um centro de produ\u00e7\u00e3o \u00e1udio, qualquer que seja a sua fun\u00e7\u00e3o. Para al\u00e9m da sua qualidade, fiabilidade &hellip; <\/p>\n<p class=\"link-more\"><a href=\"https:\/\/news.avantools.pt\/?p=3371\" class=\"more-link\">Continuar a ler <span class=\"screen-reader-text\">&#8220;A LAWO na Volksoper de Viena&#8221;<\/span><\/a><\/p>\n","protected":false},"author":2,"featured_media":3373,"comment_status":"closed","ping_status":"open","sticky":false,"template":"","format":"standard","meta":{"_jetpack_memberships_contains_paid_content":false,"footnotes":"","_links_to":"","_links_to_target":""},"categories":[92,95,483,266,96],"tags":[2,82,509],"class_list":["post-3371","post","type-post","status-publish","format-standard","has-post-thumbnail","hentry","category-broadcast","category-live","category-producao","category-televisao","category-video","tag-lawo","tag-mc56","tag-volksoper"],"jetpack_featured_media_url":"https:\/\/i0.wp.com\/news.avantools.pt\/wp-content\/uploads\/2020\/08\/Wien1.png?fit=787%2C409&ssl=1","jetpack_sharing_enabled":true,"_links":{"self":[{"href":"https:\/\/news.avantools.pt\/index.php?rest_route=\/wp\/v2\/posts\/3371","targetHints":{"allow":["GET"]}}],"collection":[{"href":"https:\/\/news.avantools.pt\/index.php?rest_route=\/wp\/v2\/posts"}],"about":[{"href":"https:\/\/news.avantools.pt\/index.php?rest_route=\/wp\/v2\/types\/post"}],"author":[{"embeddable":true,"href":"https:\/\/news.avantools.pt\/index.php?rest_route=\/wp\/v2\/users\/2"}],"replies":[{"embeddable":true,"href":"https:\/\/news.avantools.pt\/index.php?rest_route=%2Fwp%2Fv2%2Fcomments&post=3371"}],"version-history":[{"count":19,"href":"https:\/\/news.avantools.pt\/index.php?rest_route=\/wp\/v2\/posts\/3371\/revisions"}],"predecessor-version":[{"id":3397,"href":"https:\/\/news.avantools.pt\/index.php?rest_route=\/wp\/v2\/posts\/3371\/revisions\/3397"}],"wp:featuredmedia":[{"embeddable":true,"href":"https:\/\/news.avantools.pt\/index.php?rest_route=\/wp\/v2\/media\/3373"}],"wp:attachment":[{"href":"https:\/\/news.avantools.pt\/index.php?rest_route=%2Fwp%2Fv2%2Fmedia&parent=3371"}],"wp:term":[{"taxonomy":"category","embeddable":true,"href":"https:\/\/news.avantools.pt\/index.php?rest_route=%2Fwp%2Fv2%2Fcategories&post=3371"},{"taxonomy":"post_tag","embeddable":true,"href":"https:\/\/news.avantools.pt\/index.php?rest_route=%2Fwp%2Fv2%2Ftags&post=3371"}],"curies":[{"name":"wp","href":"https:\/\/api.w.org\/{rel}","templated":true}]}}