{"id":3408,"date":"2020-08-15T19:54:44","date_gmt":"2020-08-15T18:54:44","guid":{"rendered":"http:\/\/news.avantools.pt\/?p=3408"},"modified":"2020-08-15T22:34:51","modified_gmt":"2020-08-15T21:34:51","slug":"neos-da-spl-o-melhor-de-dois-mundos","status":"publish","type":"post","link":"https:\/\/news.avantools.pt\/?p=3408","title":{"rendered":"NEOS da SPL, o melhor de dois mundos"},"content":{"rendered":"\n<p>Perfeita, em todos os aspectos, a <em>NEOS<\/em> da <strong>SPL<\/strong> \u00e9 a mesa para ocupar o lugar central de qualquer est\u00fadio. Se o seu objectivo \u00e9 a produ\u00e7\u00e3o de som ou m\u00fasica e qualidade \u00e9 a sua palavra chave e o seu factor distintivo, se quer integrar, de forma exemplar anal\u00f3gico e digital, se quer uma mesa capaz de controlar diversos recursos do seu est\u00fadio, s\u00f3 tem uma op\u00e7\u00e3o: a <strong>NEOS<\/strong>.<\/p>\n\n\n\n<figure class=\"wp-block-image size-large\"><img data-recalc-dims=\"1\" loading=\"lazy\" decoding=\"async\" width=\"525\" height=\"248\" src=\"https:\/\/i0.wp.com\/news.avantools.pt\/wp-content\/uploads\/2020\/08\/Neos_frontal.png?resize=525%2C248&#038;ssl=1\" alt=\"\" class=\"wp-image-3411\" srcset=\"https:\/\/i0.wp.com\/news.avantools.pt\/wp-content\/uploads\/2020\/08\/Neos_frontal.png?resize=1024%2C483&amp;ssl=1 1024w, https:\/\/i0.wp.com\/news.avantools.pt\/wp-content\/uploads\/2020\/08\/Neos_frontal.png?resize=300%2C142&amp;ssl=1 300w, https:\/\/i0.wp.com\/news.avantools.pt\/wp-content\/uploads\/2020\/08\/Neos_frontal.png?resize=768%2C362&amp;ssl=1 768w, https:\/\/i0.wp.com\/news.avantools.pt\/wp-content\/uploads\/2020\/08\/Neos_frontal.png?resize=1536%2C725&amp;ssl=1 1536w, https:\/\/i0.wp.com\/news.avantools.pt\/wp-content\/uploads\/2020\/08\/Neos_frontal.png?resize=2048%2C966&amp;ssl=1 2048w\" sizes=\"auto, (max-width: 767px) 89vw, (max-width: 1000px) 54vw, (max-width: 1071px) 543px, 580px\" \/><figcaption><em>A nova NEOS da SPL<\/em><\/figcaption><\/figure>\n\n\n\n<p>Quando se misturam diferentes pistas de uma sess\u00e3o de grava\u00e7\u00e3o pretende-se combinar essas pistas num formato final, normalmente, duas pistas est\u00e9reo. Outros formatos s\u00e3o poss\u00edveis, como no caso dos sistemas <em>surround<\/em>, 5.1, 7.1, 11.1, DTS, Dolby Atmos ou Sony 360 Reality Audio, por exemplo, entre outros. Ou mais ainda, em casos especiais, como instala\u00e7\u00f5es, espect\u00e1culos de teatro ou concertos esse n\u00famero pode ainda aumentar. O que, em qualquer caso est\u00e1 a acontecer \u00e9 a combina\u00e7\u00e3o de um n\u00famero vari\u00e1vel de sinais de entrada (que pode chegar \u00e0s muitas centenas, no caso do cinema, por exemplo) para um desses formatos de sa\u00edda descritos anteriormente. O que uma mesa de mistura faz \u00e9 a integra\u00e7\u00e3o desses sinais de entrada e a sua distribui\u00e7\u00e3o por essas vias de sa\u00edda, seja para uma sub-mistura ou para fixa\u00e7\u00e3o num qualquer sistema de registo, seja ainda para a sua transmiss\u00e3o ao vivo, num espect\u00e1culo, via r\u00e1dio ou televis\u00e3o. O processo de integra\u00e7\u00e3o dos sinais de entrada e distribui\u00e7\u00e3o pelos canais de sa\u00edda \u00e9 o somat\u00f3rio (em ingl\u00eas <em>summing<\/em>) <\/p>\n\n\n\n<figure class=\"wp-block-image size-large\"><img data-recalc-dims=\"1\" loading=\"lazy\" decoding=\"async\" width=\"525\" height=\"328\" src=\"https:\/\/i0.wp.com\/news.avantools.pt\/wp-content\/uploads\/2020\/08\/neos_mit_seitenteil-768x480-1.jpg?resize=525%2C328&#038;ssl=1\" alt=\"\" class=\"wp-image-3413\" srcset=\"https:\/\/i0.wp.com\/news.avantools.pt\/wp-content\/uploads\/2020\/08\/neos_mit_seitenteil-768x480-1.jpg?w=768&amp;ssl=1 768w, https:\/\/i0.wp.com\/news.avantools.pt\/wp-content\/uploads\/2020\/08\/neos_mit_seitenteil-768x480-1.jpg?resize=300%2C188&amp;ssl=1 300w\" sizes=\"auto, (max-width: 767px) 89vw, (max-width: 1000px) 54vw, (max-width: 1071px) 543px, 580px\" \/><figcaption><em>nova Neos, muito compacta<\/em><\/figcaption><\/figure>\n\n\n\n<p>Originalmente, na era pr\u00e9-electr\u00f3nica, o primeiro respons\u00e1vel pelo somat\u00f3rio dos diferentes sinais era o pr\u00f3prio executante, m\u00fasico ou actor, ou o maestro, cuja fun\u00e7\u00e3o era a de equilibrar, ao vivo, a din\u00e2mica dos sinais de modo a produzir uma mistura harmoniosa, para assim chegar directamente aos ouvidos do ouvinte ou espectador. Com o advento da electr\u00f3nica, da capta\u00e7\u00e3o atrav\u00e9s de v\u00e1rios microfones e da multiplica\u00e7\u00e3o de plataformas de registo e transmiss\u00e3o, surgiu a mesa de mistura. Esta permitiu controlar fisicamente a voltagem dos diferentes sinais que chegavam \u00e0 mesa de mistura. A passagem para a era digital permitiu que a mistura passasse a ser feita sempre no dom\u00ednio do digital, isto \u00e9, o que na realidade se est\u00e1 a fazer \u00e9 somar zeros e uns. \u00c9 o m\u00e9todo mais corrente utilizado hoje. O debate entre a qualidade do som integrado (<em>summed<\/em>) analogicamente ou digitalmente \u00e9 um cl\u00e1ssico, e a op\u00e7\u00e3o por um ou por outro m\u00e9todo tem os seus m\u00e9ritos e dem\u00e9ritos. O que sai de um est\u00fadio tem de ser da melhor qualidade, \u00e9 ponto assente. Mas, em \u00faltima an\u00e1lise, cabe ao ouvido final do produtor a escolha. Comum a todos os detractores do <em>summing<\/em> digital \u00e9 a sua falta de perspectiva, com os diferentes sinais como que esmagados contra uma superf\u00edcie plana. O <em>summing<\/em> anal\u00f3gico mant\u00e9m uma profundidade e uma margem de opera\u00e7\u00e3o neste dom\u00ednio, um pouco, se se quiser, como, na fotografia, o fot\u00f3grafo joga com a profundidade de campo. O exemplo, ali\u00e1s, da fotografia com e sem profundidade de campo \u00e9 particularmente esclarecedor. <\/p>\n\n\n\n<p>Existem v\u00e1rias solu\u00e7\u00f5es no mercado para a mistura anal\u00f3gica. A <strong>AVANTOOLS<\/strong> prop\u00f5e-lhe a <em>NEOS<\/em> da <strong>SPL<\/strong>.<\/p>\n\n\n\n<p>Esta \u00e9 uma mesa not\u00e1vel, dispondo de um conjunto assinal\u00e1vel de vantagens. Integra-se perfeitamente com a sua DAW, mas permite fazer o <em>summing<\/em> anal\u00f3gico, mantendo assim essa tal margem de manobra e assegurando a <em>profundidade de campo<\/em> que falta ao digital. Proporciona, por isso, uma qualidade de som superior n\u00e3o alcan\u00e7\u00e1vel numa solu\u00e7\u00e3o totalmente digital. A <em>NEOS<\/em> \u00e9 uma mesa de 24 vias, de mistura ou integra\u00e7\u00e3o, muito compacta, com <em>faders<\/em> est\u00e9reo e controladores de panorama. \u00c9 tamb\u00e9m o primeiro produto deste tipo a utilizar a tecnologia <em>120V rail<\/em>, o que lhe confere uma qualidade superior e caracter\u00edsticas de funcionamento especiais. Fique a saber mais sobre esta tecnologia e sobre a raz\u00e3o das excepcionais qualidade sonoras que proporciona <a rel=\"noreferrer noopener\" href=\"https:\/\/spl.audio\/120v-technologie\/?lang=en\" target=\"_blank\">aqui<\/a>. Esta \u00e9 a tecnologia usada, por exemplo, nos not\u00e1veis pr\u00e9-amplificadores modelo <em>Crescendo<\/em> e no novo <em>Crescendo Duo<\/em>, sobre os quais fal\u00e1mos <a rel=\"noreferrer noopener\" href=\"https:\/\/news.avantools.pt\/?p=2637\" target=\"_blank\">aqui<\/a> e <a rel=\"noreferrer noopener\" href=\"https:\/\/news.avantools.pt\/?p=3029\" target=\"_blank\">aqui<\/a>. A NEOS constitui ainda um sistema de controlo do seu est\u00fadio, atrav\u00e9s do seu esquema integrado de I\/O.<\/p>\n\n\n\n<figure class=\"wp-block-image size-large\"><img data-recalc-dims=\"1\" loading=\"lazy\" decoding=\"async\" width=\"525\" height=\"268\" src=\"https:\/\/i0.wp.com\/news.avantools.pt\/wp-content\/uploads\/2020\/08\/Neon_R-942x480-1.png?resize=525%2C268&#038;ssl=1\" alt=\"\" class=\"wp-image-3412\" srcset=\"https:\/\/i0.wp.com\/news.avantools.pt\/wp-content\/uploads\/2020\/08\/Neon_R-942x480-1.png?w=942&amp;ssl=1 942w, https:\/\/i0.wp.com\/news.avantools.pt\/wp-content\/uploads\/2020\/08\/Neon_R-942x480-1.png?resize=300%2C153&amp;ssl=1 300w, https:\/\/i0.wp.com\/news.avantools.pt\/wp-content\/uploads\/2020\/08\/Neon_R-942x480-1.png?resize=768%2C391&amp;ssl=1 768w\" sizes=\"auto, (max-width: 767px) 89vw, (max-width: 1000px) 54vw, (max-width: 1071px) 543px, 580px\" \/><\/figure>\n\n\n\n<p>Veja este video sobre a nova <em>NEOS<\/em>.<\/p>\n\n\n\n<p><a rel=\"noreferrer noopener\" href=\"https:\/\/spl.audio\/studio\/neos\/?lang=en\" target=\"_blank\">Saiba mais<\/a> sobre a <em>NEOS<\/em> e aproveite para <a rel=\"noreferrer noopener\" href=\"https:\/\/spl.audio\/produktuebersicht-nach-anwendung\/?lang=en\" target=\"_blank\">saber mais ainda<\/a> sobre a diversificada linha de produtos da <strong>SPL<\/strong>. Para mais esclarecimentos  <a rel=\"noreferrer noopener\" href=\"http:\/\/avantools.pt\/contacts.html\" target=\"_blank\">contactando-nos<\/a> para demonstra\u00e7\u00f5es, para obter mais informa\u00e7\u00e3o sobre estes produtos e condi\u00e7\u00f5es de aquisi\u00e7\u00e3o dos equipamento SPL.<\/p>\n\n\n\n<figure class=\"wp-block-image size-large is-resized\"><img data-recalc-dims=\"1\" loading=\"lazy\" decoding=\"async\" src=\"https:\/\/i0.wp.com\/news.avantools.pt\/wp-content\/uploads\/2020\/01\/SPLogo_150.jpg?resize=198%2C140&#038;ssl=1\" alt=\"\" class=\"wp-image-2831\" width=\"198\" height=\"140\"\/><\/figure>\n\n\n\n<hr class=\"wp-block-separator is-style-wide\"\/>\n","protected":false},"excerpt":{"rendered":"<p>Perfeita, em todos os aspectos, a NEOS da SPL \u00e9 a mesa para ocupar o lugar central de qualquer est\u00fadio. Se o seu objectivo \u00e9 a produ\u00e7\u00e3o de som ou m\u00fasica e qualidade \u00e9 a sua palavra chave e o seu factor distintivo, se quer integrar, de forma exemplar anal\u00f3gico e digital, se quer uma &hellip; <\/p>\n<p class=\"link-more\"><a href=\"https:\/\/news.avantools.pt\/?p=3408\" class=\"more-link\">Continuar a ler <span class=\"screen-reader-text\">&#8220;NEOS da SPL, o melhor de dois mundos&#8221;<\/span><\/a><\/p>\n","protected":false},"author":2,"featured_media":3411,"comment_status":"closed","ping_status":"open","sticky":false,"template":"","format":"standard","meta":{"_jetpack_memberships_contains_paid_content":false,"footnotes":"","_links_to":"","_links_to_target":""},"categories":[464,483,94],"tags":[511,32],"class_list":["post-3408","post","type-post","status-publish","format-standard","has-post-thumbnail","hentry","category-pos-prod","category-producao","category-studio","tag-neos","tag-spl"],"jetpack_featured_media_url":"https:\/\/i0.wp.com\/news.avantools.pt\/wp-content\/uploads\/2020\/08\/Neos_frontal.png?fit=2560%2C1208&ssl=1","jetpack_sharing_enabled":true,"_links":{"self":[{"href":"https:\/\/news.avantools.pt\/index.php?rest_route=\/wp\/v2\/posts\/3408","targetHints":{"allow":["GET"]}}],"collection":[{"href":"https:\/\/news.avantools.pt\/index.php?rest_route=\/wp\/v2\/posts"}],"about":[{"href":"https:\/\/news.avantools.pt\/index.php?rest_route=\/wp\/v2\/types\/post"}],"author":[{"embeddable":true,"href":"https:\/\/news.avantools.pt\/index.php?rest_route=\/wp\/v2\/users\/2"}],"replies":[{"embeddable":true,"href":"https:\/\/news.avantools.pt\/index.php?rest_route=%2Fwp%2Fv2%2Fcomments&post=3408"}],"version-history":[{"count":11,"href":"https:\/\/news.avantools.pt\/index.php?rest_route=\/wp\/v2\/posts\/3408\/revisions"}],"predecessor-version":[{"id":3423,"href":"https:\/\/news.avantools.pt\/index.php?rest_route=\/wp\/v2\/posts\/3408\/revisions\/3423"}],"wp:featuredmedia":[{"embeddable":true,"href":"https:\/\/news.avantools.pt\/index.php?rest_route=\/wp\/v2\/media\/3411"}],"wp:attachment":[{"href":"https:\/\/news.avantools.pt\/index.php?rest_route=%2Fwp%2Fv2%2Fmedia&parent=3408"}],"wp:term":[{"taxonomy":"category","embeddable":true,"href":"https:\/\/news.avantools.pt\/index.php?rest_route=%2Fwp%2Fv2%2Fcategories&post=3408"},{"taxonomy":"post_tag","embeddable":true,"href":"https:\/\/news.avantools.pt\/index.php?rest_route=%2Fwp%2Fv2%2Ftags&post=3408"}],"curies":[{"name":"wp","href":"https:\/\/api.w.org\/{rel}","templated":true}]}}