{"id":350,"date":"2015-07-27T00:00:00","date_gmt":"2015-07-26T23:00:00","guid":{"rendered":"http:\/\/avantools.pt\/noticias\/vive-la-mc-36"},"modified":"2021-07-31T17:13:32","modified_gmt":"2021-07-31T16:13:32","slug":"vive-la-mc%c2%b236","status":"publish","type":"post","link":"https:\/\/news.avantools.pt\/?p=350","title":{"rendered":"Vive la mc\u00b236!"},"content":{"rendered":"<p>Quase meio milh\u00e3o de espectadores reuniu-se \u00e0 volta do do Champ de Mars, em Paris, para ouvir a \u201cCarmina Burana\u201d de Carl Orff. Comemorava-se o 14 de julho, a festa nacional francesa. No palco 250 m\u00fasicos da Orquestra Nacional de Fran\u00e7a e o Coro da Radio France. As mesas de mistura foram <strong>mc\u00b236<\/strong> da <strong>LAWO<\/strong>.<\/p>\n<p><img data-recalc-dims=\"1\" loading=\"lazy\" decoding=\"async\" class=\"aligncenter wp-image-4408 size-full\" src=\"https:\/\/i0.wp.com\/news.avantools.pt\/wp-content\/uploads\/2015\/07\/1_200895_Lawo-Bastille-Day.jpg?resize=525%2C350&#038;ssl=1\" alt=\"\" width=\"525\" height=\"350\" srcset=\"https:\/\/i0.wp.com\/news.avantools.pt\/wp-content\/uploads\/2015\/07\/1_200895_Lawo-Bastille-Day.jpg?w=650&amp;ssl=1 650w, https:\/\/i0.wp.com\/news.avantools.pt\/wp-content\/uploads\/2015\/07\/1_200895_Lawo-Bastille-Day.jpg?resize=300%2C200&amp;ssl=1 300w\" sizes=\"auto, (max-width: 525px) 100vw, 525px\" \/><\/p>\n<div style=\"text-align: center;\"><\/div>\n<div>Veja <a title=\"mc\u00b236 bastilha\" href=\"https:\/\/www.lawo.com\/up-to-date\/news\/nbsp\/bastille_day_en.html\">aqui<\/a> a descri\u00e7\u00e3o desta mega opera\u00e7\u00e3o. Saiba mais sobre a\u00a0<strong><a title=\"mc236\" href=\"https:\/\/www.lawo.com\/products\/broadcast-live-consoles\/mc236.html\">mc\u00b236\u00a0<\/a><\/strong>aqui.<\/div>\n<div><a href=\"\/contacts.html\">Visite-nos<\/a> para saber mais ainda sobre este produto.<\/div>\n<div><\/div>\n<div><\/div>\n<div style=\"text-align: center;\"><img data-recalc-dims=\"1\" loading=\"lazy\" decoding=\"async\" class=\"alignnone size-full wp-image-397\" src=\"https:\/\/i0.wp.com\/news.avantools.pt\/wp-content\/uploads\/2014\/03\/lawo_logo.png?resize=74%2C74&#038;ssl=1\" alt=\"\" width=\"74\" height=\"74\" \/><\/div>\n<div style=\"text-align: right;\">\n<hr \/>\n<\/div>\n","protected":false},"excerpt":{"rendered":"<p>Quase meio milh\u00e3o de espectadores reuniu-se \u00e0 volta do do Champ de Mars, em Paris, para ouvir a \u201cCarmina Burana\u201d de Carl Orff. Comemorava-se o 14 de julho, a festa nacional francesa. No palco 250 m\u00fasicos da Orquestra Nacional de Fran\u00e7a e o Coro da Radio France. As mesas de mistura foram mc\u00b236 da LAWO. &hellip; <\/p>\n<p class=\"link-more\"><a href=\"https:\/\/news.avantools.pt\/?p=350\" class=\"more-link\">Continuar a ler <span class=\"screen-reader-text\">&#8220;Vive la mc\u00b236!&#8221;<\/span><\/a><\/p>\n","protected":false},"author":2,"featured_media":0,"comment_status":"open","ping_status":"open","sticky":false,"template":"","format":"standard","meta":{"_jetpack_memberships_contains_paid_content":false,"footnotes":"","_links_to":"","_links_to_target":""},"categories":[95],"tags":[2,34],"class_list":["post-350","post","type-post","status-publish","format-standard","hentry","category-live","tag-lawo","tag-mc36"],"jetpack_featured_media_url":"","jetpack_sharing_enabled":true,"_links":{"self":[{"href":"https:\/\/news.avantools.pt\/index.php?rest_route=\/wp\/v2\/posts\/350","targetHints":{"allow":["GET"]}}],"collection":[{"href":"https:\/\/news.avantools.pt\/index.php?rest_route=\/wp\/v2\/posts"}],"about":[{"href":"https:\/\/news.avantools.pt\/index.php?rest_route=\/wp\/v2\/types\/post"}],"author":[{"embeddable":true,"href":"https:\/\/news.avantools.pt\/index.php?rest_route=\/wp\/v2\/users\/2"}],"replies":[{"embeddable":true,"href":"https:\/\/news.avantools.pt\/index.php?rest_route=%2Fwp%2Fv2%2Fcomments&post=350"}],"version-history":[{"count":2,"href":"https:\/\/news.avantools.pt\/index.php?rest_route=\/wp\/v2\/posts\/350\/revisions"}],"predecessor-version":[{"id":4409,"href":"https:\/\/news.avantools.pt\/index.php?rest_route=\/wp\/v2\/posts\/350\/revisions\/4409"}],"wp:attachment":[{"href":"https:\/\/news.avantools.pt\/index.php?rest_route=%2Fwp%2Fv2%2Fmedia&parent=350"}],"wp:term":[{"taxonomy":"category","embeddable":true,"href":"https:\/\/news.avantools.pt\/index.php?rest_route=%2Fwp%2Fv2%2Fcategories&post=350"},{"taxonomy":"post_tag","embeddable":true,"href":"https:\/\/news.avantools.pt\/index.php?rest_route=%2Fwp%2Fv2%2Ftags&post=350"}],"curies":[{"name":"wp","href":"https:\/\/api.w.org\/{rel}","templated":true}]}}