{"id":36,"date":"2016-09-01T00:00:00","date_gmt":"2016-08-31T23:00:00","guid":{"rendered":"http:\/\/avantools.pt\/noticias\/8k-o-recorde-do-rio"},"modified":"2018-04-03T01:51:00","modified_gmt":"2018-04-03T00:51:00","slug":"8k-caiu-um-recorde-no-rio2016","status":"publish","type":"post","link":"https:\/\/news.avantools.pt\/?p=36","title":{"rendered":"8K, caiu um recorde no Rio2016"},"content":{"rendered":"<p>A NHK estabeleceu um novo recorde mundial na produ\u00e7\u00e3o de televis\u00e3o, cobrindo, pela primeira vez na hist\u00f3ria, os JO do Rio2016 inteiramente em 8K. A <strong>LAWO<\/strong> e a <strong>RIEDEL<\/strong> formaram equipa na estafeta.<\/p>\n<div class=\"irc_mimg irc_hic illPdFK0EjVo-lvVgf-rIiHk\"><a class=\"irc_mil i3597 illPdFK0EjVo-zixyDjKkw5M\" tabindex=\"0\" href=\"https:\/\/www.google.pt\/url?sa=i&amp;rct=j&amp;q=&amp;esrc=s&amp;source=images&amp;cd=&amp;ved=2ahUKEwjb85iz8JzaAhWG8RQKHS_7CCsQjRx6BAgAEAU&amp;url=http%3A%2F%2Fwww.live-production.tv%2Fcase-studies%2Fproduction-facilities%2Fhd-and-multi-media-production-fifa-world-cup%25E2%2584%25A2-2014.html&amp;psig=AOvVaw343Y_67gCVHTduZXVBy5ZK&amp;ust=1522802732733337\" target=\"_blank\" rel=\"noopener\" data-noload=\"\" data-ved=\"2ahUKEwjb85iz8JzaAhWG8RQKHS_7CCsQjRx6BAgAEAU\" data-cthref=\"\/url?sa=i&amp;rct=j&amp;q=&amp;esrc=s&amp;source=images&amp;cd=&amp;ved=2ahUKEwjb85iz8JzaAhWG8RQKHS_7CCsQjRx6BAgAEAU&amp;url=http%3A%2F%2Fwww.live-production.tv%2Fcase-studies%2Fproduction-facilities%2Fhd-and-multi-media-production-fifa-world-cup%25E2%2584%25A2-2014.html&amp;psig=AOvVaw343Y_67gCVHTduZXVBy5ZK&amp;ust=1522802732733337\"><img data-recalc-dims=\"1\" loading=\"lazy\" decoding=\"async\" class=\"irc_mi aligncenter\" src=\"https:\/\/i0.wp.com\/www.live-production.tv\/sites\/default\/files\/styles\/article_main_image_706\/public\/53_8K_22.2_audio_mixer_LAWO.jpg?resize=525%2C350\" alt=\"Image result for NHK-8K-Production-benches\" width=\"525\" height=\"350\" \/><\/a><\/div>\n<p>Para tudo h\u00e1 uma primeira vez. A NHK estabeleceu um marco hist\u00f3rico ao cobrir, pela primeira vez na hist\u00f3ria do broadcasting, os Jogos Ol\u00edmpicos do Rio2016 em 8k. A transmiss\u00e3o esteve dispon\u00edvel no\u00a0<i>IBC 8K Theater<\/i> e para os espectadores no Jap\u00e3o. O conte\u00fado 8k foi tamb\u00e9m disponibilizado, depois<br \/>\nde convertido, para os espectadores que acedem ao servi\u00e7o 4k.<\/p>\n<p>Com dois carros de exteriores especialmente equipados para o efeito foi poss\u00edvel cobrir as cerim\u00f3nias de abertura e de encerramento, as provas de basquetebol, judo, atletismo e nata\u00e7\u00e3o.<\/p>\n<p>O \u00e1udio representou um desafio especial e o papel de maior relevo coube \u00e0 mesa da <strong>LAWO<\/strong> <a title=\"mc266\" href=\"https:\/\/www.lawo.com\/products\/audio-production-consoles\/mc266.html\" target=\"_blank\" rel=\"noopener\">modelo\u00a0<\/a><strong><a title=\"mc266\" href=\"https:\/\/www.lawo.com\/products\/audio-production-consoles\/mc266.html\" target=\"_blank\" rel=\"noopener\">mc\u00b266<\/a><\/strong>, especialmente adequada \u00e0s necessidades de mistura em 22.2 do\u00a0formato 8k.<\/p>\n<p>A <strong>RIEDEL<\/strong>, por sua vez, contribuiu com o <strong><a title=\"mediornet\" href=\"https:\/\/www.riedel.net\/en\/products\/media-networks\/mediornet-modular\/\" target=\"_blank\" rel=\"noopener\">Mediornet<\/a><\/strong> para o <em>routing<\/em> e transmiss\u00e3o de dados.<\/p>\n<p>Veja <a title=\"nhk 9k\" href=\"http:\/\/www.sportsvideo.org\/2016\/08\/26\/live-from-rio-2016-nhk-takes-8k-production-to-new-level\/\" target=\"_blank\" rel=\"noopener\">aqui<\/a> uma descri\u00e7\u00e3o desta inovadora opera\u00e7\u00e3o.<\/p>\n<p>Para saber mais, <a href=\"\/contacts.html\">contacte-nos<\/a>.<\/p>\n<p><img data-recalc-dims=\"1\" decoding=\"async\" class=\"alignright\" src=\"https:\/\/i0.wp.com\/wwwavantoolseu.worldsecuresystems.com\/images\/2012_logo.png?w=525&#038;ssl=1\" \/><\/p>\n<p style=\"text-align: right;\">\u00a0 <img decoding=\"async\" src=\"\/images\/lawo_logo.jpg\" \/><\/p>\n<hr \/>\n","protected":false},"excerpt":{"rendered":"<p>A NHK estabeleceu um novo recorde mundial na produ\u00e7\u00e3o de televis\u00e3o, cobrindo, pela primeira vez na hist\u00f3ria, os JO do Rio2016 inteiramente em 8K. A LAWO e a RIEDEL formaram equipa na estafeta. Para tudo h\u00e1 uma primeira vez. A NHK estabeleceu um marco hist\u00f3rico ao cobrir, pela primeira vez na hist\u00f3ria do broadcasting, os &hellip; <\/p>\n<p class=\"link-more\"><a href=\"https:\/\/news.avantools.pt\/?p=36\" class=\"more-link\">Continuar a ler <span class=\"screen-reader-text\">&#8220;8K, caiu um recorde no Rio2016&#8221;<\/span><\/a><\/p>\n","protected":false},"author":2,"featured_media":0,"comment_status":"open","ping_status":"open","sticky":false,"template":"","format":"standard","meta":{"_jetpack_memberships_contains_paid_content":false,"footnotes":"","_links_to":"","_links_to_target":""},"categories":[92],"tags":[290,289,2,148,85,9,288],"class_list":["post-36","post","type-post","status-publish","format-standard","hentry","category-broadcast","tag-4k","tag-8k","tag-lawo","tag-mc66","tag-mediornet","tag-riedel","tag-rio2016"],"jetpack_featured_media_url":"","jetpack_sharing_enabled":true,"_links":{"self":[{"href":"https:\/\/news.avantools.pt\/index.php?rest_route=\/wp\/v2\/posts\/36","targetHints":{"allow":["GET"]}}],"collection":[{"href":"https:\/\/news.avantools.pt\/index.php?rest_route=\/wp\/v2\/posts"}],"about":[{"href":"https:\/\/news.avantools.pt\/index.php?rest_route=\/wp\/v2\/types\/post"}],"author":[{"embeddable":true,"href":"https:\/\/news.avantools.pt\/index.php?rest_route=\/wp\/v2\/users\/2"}],"replies":[{"embeddable":true,"href":"https:\/\/news.avantools.pt\/index.php?rest_route=%2Fwp%2Fv2%2Fcomments&post=36"}],"version-history":[{"count":2,"href":"https:\/\/news.avantools.pt\/index.php?rest_route=\/wp\/v2\/posts\/36\/revisions"}],"predecessor-version":[{"id":1035,"href":"https:\/\/news.avantools.pt\/index.php?rest_route=\/wp\/v2\/posts\/36\/revisions\/1035"}],"wp:attachment":[{"href":"https:\/\/news.avantools.pt\/index.php?rest_route=%2Fwp%2Fv2%2Fmedia&parent=36"}],"wp:term":[{"taxonomy":"category","embeddable":true,"href":"https:\/\/news.avantools.pt\/index.php?rest_route=%2Fwp%2Fv2%2Fcategories&post=36"},{"taxonomy":"post_tag","embeddable":true,"href":"https:\/\/news.avantools.pt\/index.php?rest_route=%2Fwp%2Fv2%2Ftags&post=36"}],"curies":[{"name":"wp","href":"https:\/\/api.w.org\/{rel}","templated":true}]}}