{"id":3661,"date":"2020-11-29T16:56:59","date_gmt":"2020-11-29T16:56:59","guid":{"rendered":"http:\/\/news.avantools.pt\/?p=3661"},"modified":"2020-11-29T21:59:35","modified_gmt":"2020-11-29T21:59:35","slug":"novo-rsp-1216hl-smartpanel-da-riedel","status":"publish","type":"post","link":"https:\/\/news.avantools.pt\/?p=3661","title":{"rendered":"Novo RSP-1216HL SMARTPANEL da RIEDEL"},"content":{"rendered":"\n<p class=\"has-drop-cap\">Conhe\u00e7a o novo <em>RSP-1216HL SMARTPANEL<\/em> da <strong>RIEDEL<\/strong>. O mais compacto da s\u00e9rie 1200, que lhe oferece um mundo de possibilidades. <em>Intercomunica\u00e7\u00e3o<\/em> e <em>conectividade<\/em>: se o seu universo de trabalho envolve estes dois factores, vai ter de conhecer o novo <em>RSP-1216HL<\/em> para ficar a saber as vantagens que o novo produto lhe vai trazer. Nenhuma opera\u00e7\u00e3o moderna, que envolva estes dois conceitos, no <em>broadcast<\/em>, no <em>live<\/em> ou noutra qualquer aplica\u00e7\u00e3o que envolva intercomunica\u00e7\u00e3o e controlo de sinal, pode passar sem ele.<\/p>\n\n\n\n<figure class=\"wp-block-image size-large\"><img data-recalc-dims=\"1\" loading=\"lazy\" decoding=\"async\" width=\"525\" height=\"295\" src=\"https:\/\/i0.wp.com\/news.avantools.pt\/wp-content\/uploads\/2020\/11\/RSP_1216_Profile_Final_2020.png?resize=525%2C295&#038;ssl=1\" alt=\"\" class=\"wp-image-3663\" srcset=\"https:\/\/i0.wp.com\/news.avantools.pt\/wp-content\/uploads\/2020\/11\/RSP_1216_Profile_Final_2020.png?resize=1024%2C575&amp;ssl=1 1024w, https:\/\/i0.wp.com\/news.avantools.pt\/wp-content\/uploads\/2020\/11\/RSP_1216_Profile_Final_2020.png?resize=300%2C168&amp;ssl=1 300w, https:\/\/i0.wp.com\/news.avantools.pt\/wp-content\/uploads\/2020\/11\/RSP_1216_Profile_Final_2020.png?resize=768%2C431&amp;ssl=1 768w, https:\/\/i0.wp.com\/news.avantools.pt\/wp-content\/uploads\/2020\/11\/RSP_1216_Profile_Final_2020.png?w=1140&amp;ssl=1 1140w\" sizes=\"auto, (max-width: 767px) 89vw, (max-width: 1000px) 54vw, (max-width: 1071px) 543px, 580px\" \/><\/figure>\n\n\n\n<p>A <strong>RIEDEL<\/strong> elevou os conceitos de <em>Intercomunica\u00e7\u00e3o<\/em> e <em>conectividade<\/em> a um novo patamar. Um patamar t\u00e3o alto que se tornou o <em>standard<\/em> de facto da ind\u00fastria.  <\/p>\n\n\n\n<p>Sistemas de <em>partyline<\/em> como o&nbsp;<strong><a href=\"https:\/\/www.riedel.net\/products-solutions\/intercom\/performer-partyline-intercom\/\">Performer<\/a>&nbsp;<\/strong>foram concebido para intercomunica\u00e7\u00e3o entre pequenos grupos, enquanto sistemas foram concebidos para projectos mais complexos que requerem uma opera\u00e7\u00e3o baseada num sistema de matriz, escal\u00e1vel, como o&nbsp;<strong><a href=\"https:\/\/www.riedel.net\/products-solutions\/intercom\/artist-matrix-intercom\/hardware\/\">Artist<\/a><\/strong>. Uma plataforma de intercomunica\u00e7\u00e3o deste tipo oferece um grau sem precedente de flexibilidade, fiabilidade e controlo. Com o um sistema deste tipo, a integra\u00e7\u00e3o de solu\u00e7\u00f5es de intercomunica\u00e7\u00e3o sem fios como r\u00e1dios o  <strong><a href=\"https:\/\/www.riedel.net\/products-solutions\/intercom\/bolero-wireless-intercom\/\">Bolero<\/a>&nbsp;<\/strong>da pr\u00f3pria <strong>RIEDEL<\/strong>, \u00e9 t\u00e3o f\u00e1cil como montar umm sistema de <em>Wide Area Networks<\/em> para produ\u00e7\u00e3o remota. Uma infraestrutura como o Artist proporciona um elevado grau de descentraliza\u00e7\u00e3o e flexibilidade de opera\u00e7\u00e3o, que reduz consideravelmente os problemas de cablagem e os custos inerentes. Por outro lado, o Artist constitui uma solu\u00e7\u00e3o \u00e0 prova de futuro: o sistema \u00e9 escal\u00e1vel proporcionando  8 x 8 at\u00e9 1024 x 1024 portas, <em>non-blocking<\/em>, permitindo-lhe crescer com as exig\u00eancias de qualquer novo projecto e a introdu\u00e7\u00e3o de qualquer nova tecnologia. <\/p>\n\n\n\n<p>Um sistema t\u00edpico de intercomunica\u00e7\u00e3o e distribui\u00e7\u00e3o de sinal \u00e9 o que a gravura representa<\/p>\n\n\n\n<figure class=\"wp-block-image size-large\"><img data-recalc-dims=\"1\" loading=\"lazy\" decoding=\"async\" width=\"525\" height=\"295\" src=\"https:\/\/i0.wp.com\/news.avantools.pt\/wp-content\/uploads\/2020\/11\/Riedel_System_2018.png?resize=525%2C295&#038;ssl=1\" alt=\"\" class=\"wp-image-3664\" srcset=\"https:\/\/i0.wp.com\/news.avantools.pt\/wp-content\/uploads\/2020\/11\/Riedel_System_2018.png?resize=1024%2C576&amp;ssl=1 1024w, https:\/\/i0.wp.com\/news.avantools.pt\/wp-content\/uploads\/2020\/11\/Riedel_System_2018.png?resize=300%2C169&amp;ssl=1 300w, https:\/\/i0.wp.com\/news.avantools.pt\/wp-content\/uploads\/2020\/11\/Riedel_System_2018.png?resize=768%2C432&amp;ssl=1 768w, https:\/\/i0.wp.com\/news.avantools.pt\/wp-content\/uploads\/2020\/11\/Riedel_System_2018.png?resize=1536%2C864&amp;ssl=1 1536w, https:\/\/i0.wp.com\/news.avantools.pt\/wp-content\/uploads\/2020\/11\/Riedel_System_2018.png?w=1920&amp;ssl=1 1920w\" sizes=\"auto, (max-width: 767px) 89vw, (max-width: 1000px) 54vw, (max-width: 1071px) 543px, 580px\" \/><\/figure>\n\n\n\n<p>O controlo integrado de um sistema deste tipo \u00e9 o que proporcionam os <em>smartpanels<\/em>. Como o seu funcionamento assente em <em>apps<\/em>, concebidas para responder aos diferentes fluxos de trabalho utilizados, os <em><em>smartpanels<\/em><\/em>, como os da <em>s\u00e9rie 1200<\/em>, constituem ferramentas fundamentais que respondem de um modo intuitivo \u00e0s necessidades de opera\u00e7\u00e3o. <\/p>\n\n\n\n<figure class=\"wp-block-image size-large\"><img data-recalc-dims=\"1\" loading=\"lazy\" decoding=\"async\" width=\"525\" height=\"295\" src=\"https:\/\/i0.wp.com\/news.avantools.pt\/wp-content\/uploads\/2020\/11\/RSP-1216_Rear_2020.png?resize=525%2C295&#038;ssl=1\" alt=\"\" class=\"wp-image-3665\" srcset=\"https:\/\/i0.wp.com\/news.avantools.pt\/wp-content\/uploads\/2020\/11\/RSP-1216_Rear_2020.png?resize=1024%2C575&amp;ssl=1 1024w, https:\/\/i0.wp.com\/news.avantools.pt\/wp-content\/uploads\/2020\/11\/RSP-1216_Rear_2020.png?resize=300%2C168&amp;ssl=1 300w, https:\/\/i0.wp.com\/news.avantools.pt\/wp-content\/uploads\/2020\/11\/RSP-1216_Rear_2020.png?resize=768%2C431&amp;ssl=1 768w, https:\/\/i0.wp.com\/news.avantools.pt\/wp-content\/uploads\/2020\/11\/RSP-1216_Rear_2020.png?w=1140&amp;ssl=1 1140w\" sizes=\"auto, (max-width: 767px) 89vw, (max-width: 1000px) 54vw, (max-width: 1071px) 543px, 580px\" \/><\/figure>\n\n\n\n<p>\u00c9 neste contexto que surge o novo RSP-1216HL, compacto e poderoso.<\/p>\n\n\n\n<ul class=\"wp-block-list\"><li>Baseado em <em>apps<\/em>: um painel, um n\u00famero infind\u00e1vel de aplica\u00e7\u00f5es.<\/li><li>Suporte para uma variedade de fluxos de trabalho (\u201cTalk\/Listen\u201d ou \u201cTalk\/Mute\u201d).&nbsp;<\/li><li>16 inovadoras teclas tipo <em> hybrid-lever<\/em>,  com o codificador rotativo integrado.<\/li><li>Etiquetas de 8 caracteres (principal), e 16 sub-etiquetas (secund\u00e1rio), com os \u00edcones definidos pelo utilizador.<\/li><li>1 altifalante <em>full range<\/em> integrado.<\/li><li>Ajustamentos para o microfone frontal. <\/li><\/ul>\n\n\n\n<p>O novo RSP-1216HL vai continuar a marcar o percurso de inova\u00e7\u00e3o e desenvolvimento que a RIEDEL introduziu na \u00e1rea da intercomunica\u00e7\u00e3o e controlo de sinal.<\/p>\n\n\n\n<p>Saiba mais sobre o novo RSP-1216HL <a rel=\"noreferrer noopener\" href=\"https:\/\/www.riedel.net\/fileadmin\/user_upload\/800-downloads\/02-Brochures\/1200_Series_Brochure_2020.pdf\" target=\"_blank\">aqui<\/a> e <a href=\"https:\/\/www.riedel.net\/news\/news-detail\/riedel-introduces-the-rsp-1216hl-smartpanel-a-new-1ru-addition-to-the-powerful-1200-series-of-intel\/\" target=\"_blank\" rel=\"noreferrer noopener\">aqui<\/a>, ou <a rel=\"noreferrer noopener\" href=\"http:\/\/avantools.pt\/contacts.html\" target=\"_blank\">pe\u00e7a-nos<\/a> uma demonstra\u00e7\u00e3o.<\/p>\n\n\n\n<figure class=\"wp-block-image size-large is-resized\"><img data-recalc-dims=\"1\" loading=\"lazy\" decoding=\"async\" src=\"https:\/\/i0.wp.com\/news.avantools.pt\/wp-content\/uploads\/2018\/11\/Riedel_Logo.png?resize=419%2C124&#038;ssl=1\" alt=\"\" class=\"wp-image-1634\" width=\"419\" height=\"124\" srcset=\"https:\/\/i0.wp.com\/news.avantools.pt\/wp-content\/uploads\/2018\/11\/Riedel_Logo.png?resize=1024%2C302&amp;ssl=1 1024w, https:\/\/i0.wp.com\/news.avantools.pt\/wp-content\/uploads\/2018\/11\/Riedel_Logo.png?resize=300%2C88&amp;ssl=1 300w, https:\/\/i0.wp.com\/news.avantools.pt\/wp-content\/uploads\/2018\/11\/Riedel_Logo.png?resize=768%2C226&amp;ssl=1 768w, https:\/\/i0.wp.com\/news.avantools.pt\/wp-content\/uploads\/2018\/11\/Riedel_Logo.png?w=1280&amp;ssl=1 1280w\" sizes=\"auto, (max-width: 419px) 100vw, 419px\" \/><\/figure>\n\n\n\n<hr class=\"wp-block-separator is-style-wide\"\/>\n","protected":false},"excerpt":{"rendered":"<p>Conhe\u00e7a o novo RSP-1216HL SMARTPANEL da RIEDEL. O mais compacto da s\u00e9rie 1200, que lhe oferece um mundo de possibilidades. Intercomunica\u00e7\u00e3o e conectividade: se o seu universo de trabalho envolve estes dois factores, vai ter de conhecer o novo RSP-1216HL para ficar a saber as vantagens que o novo produto lhe vai trazer. Nenhuma opera\u00e7\u00e3o &hellip; <\/p>\n<p class=\"link-more\"><a href=\"https:\/\/news.avantools.pt\/?p=3661\" class=\"more-link\">Continuar a ler <span class=\"screen-reader-text\">&#8220;Novo RSP-1216HL SMARTPANEL da RIEDEL&#8221;<\/span><\/a><\/p>\n","protected":false},"author":2,"featured_media":3666,"comment_status":"closed","ping_status":"open","sticky":false,"template":"","format":"standard","meta":{"_jetpack_memberships_contains_paid_content":false,"footnotes":"","_links_to":"","_links_to_target":""},"categories":[92,95,1],"tags":[84,9,528],"class_list":["post-3661","post","type-post","status-publish","format-standard","has-post-thumbnail","hentry","category-broadcast","category-live","category-uncategorised","tag-intercomunicacao","tag-riedel","tag-rsp-1216hl-smartpanel"],"jetpack_featured_media_url":"https:\/\/i0.wp.com\/news.avantools.pt\/wp-content\/uploads\/2020\/11\/RSP_1216_Front_Final_2020.png?fit=1140%2C640&ssl=1","jetpack_sharing_enabled":true,"_links":{"self":[{"href":"https:\/\/news.avantools.pt\/index.php?rest_route=\/wp\/v2\/posts\/3661","targetHints":{"allow":["GET"]}}],"collection":[{"href":"https:\/\/news.avantools.pt\/index.php?rest_route=\/wp\/v2\/posts"}],"about":[{"href":"https:\/\/news.avantools.pt\/index.php?rest_route=\/wp\/v2\/types\/post"}],"author":[{"embeddable":true,"href":"https:\/\/news.avantools.pt\/index.php?rest_route=\/wp\/v2\/users\/2"}],"replies":[{"embeddable":true,"href":"https:\/\/news.avantools.pt\/index.php?rest_route=%2Fwp%2Fv2%2Fcomments&post=3661"}],"version-history":[{"count":8,"href":"https:\/\/news.avantools.pt\/index.php?rest_route=\/wp\/v2\/posts\/3661\/revisions"}],"predecessor-version":[{"id":3673,"href":"https:\/\/news.avantools.pt\/index.php?rest_route=\/wp\/v2\/posts\/3661\/revisions\/3673"}],"wp:featuredmedia":[{"embeddable":true,"href":"https:\/\/news.avantools.pt\/index.php?rest_route=\/wp\/v2\/media\/3666"}],"wp:attachment":[{"href":"https:\/\/news.avantools.pt\/index.php?rest_route=%2Fwp%2Fv2%2Fmedia&parent=3661"}],"wp:term":[{"taxonomy":"category","embeddable":true,"href":"https:\/\/news.avantools.pt\/index.php?rest_route=%2Fwp%2Fv2%2Fcategories&post=3661"},{"taxonomy":"post_tag","embeddable":true,"href":"https:\/\/news.avantools.pt\/index.php?rest_route=%2Fwp%2Fv2%2Ftags&post=3661"}],"curies":[{"name":"wp","href":"https:\/\/api.w.org\/{rel}","templated":true}]}}