{"id":3674,"date":"2020-12-05T22:39:15","date_gmt":"2020-12-05T22:39:15","guid":{"rendered":"http:\/\/news.avantools.pt\/?p=3674"},"modified":"2020-12-19T18:56:16","modified_gmt":"2020-12-19T18:56:16","slug":"eis-o-novo-pro-tools-carbon","status":"publish","type":"post","link":"https:\/\/news.avantools.pt\/?p=3674","title":{"rendered":"Eis o novo Pro Tools | Carbon"},"content":{"rendered":"\n<p class=\"has-drop-cap\">Destinado a m\u00fasicos, bandas e produtores,\u00a0o <strong>Pro Tools | Carbon<\/strong>\u00a0da <strong>AVID<\/strong> \u00e9 um novo conceito de interface \u00e1udio, concebido para captar todo o brilho do seu som<strong>.<\/strong>\u00a0Trata-se de um sistema h\u00edbrido, que exibe uma enorme qualidade de som e combina o poder do CPU do seu computador com a acelera\u00e7\u00e3o proporcionada pelos DSP HDX internos. Poder\u00e1 assim levar o seu computador ao limite, quando gravar e misturar atrav\u00e9s dos plugins AAX DSP, e dispor\u00e1 de monitoriza\u00e7\u00e3o com lat\u00eancia quase zero. Ao toque de um bot\u00e3o. Tudo no Pro Tools.<\/p>\n\n\n\n<figure class=\"wp-block-image size-large\"><img data-recalc-dims=\"1\" loading=\"lazy\" decoding=\"async\" width=\"525\" height=\"337\" src=\"https:\/\/i0.wp.com\/news.avantools.pt\/wp-content\/uploads\/2020\/12\/Pro-Tools-Carbon_Blog.png?resize=525%2C337&#038;ssl=1\" alt=\"\" class=\"wp-image-3689\" srcset=\"https:\/\/i0.wp.com\/news.avantools.pt\/wp-content\/uploads\/2020\/12\/Pro-Tools-Carbon_Blog.png?resize=1024%2C657&amp;ssl=1 1024w, https:\/\/i0.wp.com\/news.avantools.pt\/wp-content\/uploads\/2020\/12\/Pro-Tools-Carbon_Blog.png?resize=300%2C192&amp;ssl=1 300w, https:\/\/i0.wp.com\/news.avantools.pt\/wp-content\/uploads\/2020\/12\/Pro-Tools-Carbon_Blog.png?resize=768%2C492&amp;ssl=1 768w, https:\/\/i0.wp.com\/news.avantools.pt\/wp-content\/uploads\/2020\/12\/Pro-Tools-Carbon_Blog.png?w=1126&amp;ssl=1 1126w\" sizes=\"auto, (max-width: 767px) 89vw, (max-width: 1000px) 54vw, (max-width: 1071px) 543px, 580px\" \/><\/figure>\n\n\n\n<p>Com <em>integra\u00e7\u00e3o inteligente do Protools<\/em> (desactive os plugins AAX com o simples premir de um bot\u00e3o), <em>8 processadores DSP HDX<\/em> (grave atrav\u00e9s dos plugins em tempo real), Super Som (convers\u00e3o 32 bit\/192 kHz, <em>clock<\/em> duplamente preciso, pr\u00e9s de microfone transparentes), <em>25 Ins\/34 outs<\/em> (grave com 8 pr\u00e9s cristalinos e 4 sa\u00eddas de auscultadores), plugins e instrumentos digitais de topo (oportunidade para usar as ferramentas digitais mais criativas), o novo <strong>PROTOOLS | CARBON<\/strong> da <strong>AVID<\/strong> \u00e9 a solu\u00e7\u00e3o para todos os seus problemas de produ\u00e7\u00e3o musical e de som, criado com base numa plataforma tecnol\u00f3gica totalmente inovadora e cheia de potencial.<\/p>\n\n\n\n<figure class=\"wp-block-image size-large\"><img data-recalc-dims=\"1\" loading=\"lazy\" decoding=\"async\" width=\"525\" height=\"263\" src=\"https:\/\/i0.wp.com\/news.avantools.pt\/wp-content\/uploads\/2020\/12\/Hybrid-Engine-at-work-in-Pro-Tools_Mobile.jpg?resize=525%2C263&#038;ssl=1\" alt=\"\" class=\"wp-image-3690\" srcset=\"https:\/\/i0.wp.com\/news.avantools.pt\/wp-content\/uploads\/2020\/12\/Hybrid-Engine-at-work-in-Pro-Tools_Mobile.jpg?resize=1024%2C512&amp;ssl=1 1024w, https:\/\/i0.wp.com\/news.avantools.pt\/wp-content\/uploads\/2020\/12\/Hybrid-Engine-at-work-in-Pro-Tools_Mobile.jpg?resize=300%2C150&amp;ssl=1 300w, https:\/\/i0.wp.com\/news.avantools.pt\/wp-content\/uploads\/2020\/12\/Hybrid-Engine-at-work-in-Pro-Tools_Mobile.jpg?resize=768%2C384&amp;ssl=1 768w, https:\/\/i0.wp.com\/news.avantools.pt\/wp-content\/uploads\/2020\/12\/Hybrid-Engine-at-work-in-Pro-Tools_Mobile.jpg?w=1200&amp;ssl=1 1200w\" sizes=\"auto, (max-width: 767px) 89vw, (max-width: 1000px) 54vw, (max-width: 1071px) 543px, 580px\" \/><\/figure>\n\n\n\n<p>A lend\u00e1ria qualidade <strong>AVID<\/strong>, o standard da ind\u00fastria <strong>Protools<\/strong>, a fiabilidade e a flexibilidade da melhor e mais est\u00e1vel ferramenta digital do mercado, combinam-se para dar vida a um novo produto que promete revolucionar novamente o modo de lidar com a produ\u00e7\u00e3o \u00e1udio. Agora com integra\u00e7\u00e3o total do <em>hardware<\/em> e <em>software<\/em>, com uma arquitectura baseada no <em>Hybrid Engine<\/em>, e uma performance sem precedentes. Uma combina\u00e7\u00e3o que lhe permite ir al\u00e9m do imagin\u00e1vel. Com o novo <strong>PRO | TOOLS CARBON<\/strong> pode esperar um desempenho sem paralelo, gra\u00e7as a esta nova ferramenta concebida para dar uma nova dimens\u00e3o ao seu som e para remover obst\u00e1culos.<\/p>\n\n\n\n<figure class=\"wp-block-image size-large\"><img data-recalc-dims=\"1\" loading=\"lazy\" decoding=\"async\" width=\"525\" height=\"263\" src=\"https:\/\/i0.wp.com\/news.avantools.pt\/wp-content\/uploads\/2020\/12\/Diagram-of-HDX-DSPs.jpg?resize=525%2C263&#038;ssl=1\" alt=\"\" class=\"wp-image-3691\" srcset=\"https:\/\/i0.wp.com\/news.avantools.pt\/wp-content\/uploads\/2020\/12\/Diagram-of-HDX-DSPs.jpg?resize=1024%2C512&amp;ssl=1 1024w, https:\/\/i0.wp.com\/news.avantools.pt\/wp-content\/uploads\/2020\/12\/Diagram-of-HDX-DSPs.jpg?resize=300%2C150&amp;ssl=1 300w, https:\/\/i0.wp.com\/news.avantools.pt\/wp-content\/uploads\/2020\/12\/Diagram-of-HDX-DSPs.jpg?resize=768%2C384&amp;ssl=1 768w, https:\/\/i0.wp.com\/news.avantools.pt\/wp-content\/uploads\/2020\/12\/Diagram-of-HDX-DSPs.jpg?w=1200&amp;ssl=1 1200w\" sizes=\"auto, (max-width: 767px) 89vw, (max-width: 1000px) 54vw, (max-width: 1071px) 543px, 580px\" \/><\/figure>\n\n\n\n<figure class=\"wp-block-image size-large\"><img data-recalc-dims=\"1\" loading=\"lazy\" decoding=\"async\" width=\"525\" height=\"327\" src=\"https:\/\/i0.wp.com\/news.avantools.pt\/wp-content\/uploads\/2020\/12\/Mic-Preamp-circuitry.jpg?resize=525%2C327&#038;ssl=1\" alt=\"\" class=\"wp-image-3694\" srcset=\"https:\/\/i0.wp.com\/news.avantools.pt\/wp-content\/uploads\/2020\/12\/Mic-Preamp-circuitry.jpg?w=705&amp;ssl=1 705w, https:\/\/i0.wp.com\/news.avantools.pt\/wp-content\/uploads\/2020\/12\/Mic-Preamp-circuitry.jpg?resize=300%2C187&amp;ssl=1 300w\" sizes=\"auto, (max-width: 525px) 100vw, 525px\" \/><\/figure>\n\n\n\n<figure class=\"wp-block-image size-large\"><img data-recalc-dims=\"1\" loading=\"lazy\" decoding=\"async\" width=\"525\" height=\"327\" src=\"https:\/\/i0.wp.com\/news.avantools.pt\/wp-content\/uploads\/2020\/12\/Mic-Preamps-XLR-Connectors.jpg?resize=525%2C327&#038;ssl=1\" alt=\"\" class=\"wp-image-3695\" srcset=\"https:\/\/i0.wp.com\/news.avantools.pt\/wp-content\/uploads\/2020\/12\/Mic-Preamps-XLR-Connectors.jpg?w=705&amp;ssl=1 705w, https:\/\/i0.wp.com\/news.avantools.pt\/wp-content\/uploads\/2020\/12\/Mic-Preamps-XLR-Connectors.jpg?resize=300%2C187&amp;ssl=1 300w\" sizes=\"auto, (max-width: 525px) 100vw, 525px\" \/><\/figure>\n\n\n\n<p>O novo <strong>PRO TOOLS | CARBON<\/strong> representa um passo revolucion\u00e1rio na produ\u00e7\u00e3o para som e m\u00fasica digital, com uma qualidade, integra\u00e7\u00e3o de recursos e capacidades sem paralelo. <\/p>\n\n\n\n<p>Deixe fluir a sua criatividade sem limites. Na m\u00fasica e no design sonoro, o <strong>PRO TOOLS | CARBON<\/strong> \u00e9 a ferramenta ideal. Sincronize tamb\u00e9m, com toda a precis\u00e3o, a sua produ\u00e7\u00e3o v\u00eddeo. Ao <em>standard<\/em> reinventado, juntam-se agora conversores de alta precis\u00e3o, 8 pr\u00e9s de microfone transparentes e cristalinos, inser\u00e7\u00e3o de todos os plugins e instrumentos cl\u00e1ssicos digitais do mercado de modo integrado e optimizado com o hardware e extraordin\u00e1rias possibilidades de I\/O e <em>routing<\/em>.<\/p>\n\n\n\n<div class=\"wp-block-image\"><figure class=\"alignright size-large is-resized\"><img data-recalc-dims=\"1\" loading=\"lazy\" decoding=\"async\" src=\"https:\/\/i0.wp.com\/news.avantools.pt\/wp-content\/uploads\/2020\/12\/Pro-Tools-2020.11-Hero.jpg?resize=384%2C216&#038;ssl=1\" alt=\"\" class=\"wp-image-3693\" width=\"384\" height=\"216\" srcset=\"https:\/\/i0.wp.com\/news.avantools.pt\/wp-content\/uploads\/2020\/12\/Pro-Tools-2020.11-Hero.jpg?resize=1024%2C576&amp;ssl=1 1024w, https:\/\/i0.wp.com\/news.avantools.pt\/wp-content\/uploads\/2020\/12\/Pro-Tools-2020.11-Hero.jpg?resize=300%2C169&amp;ssl=1 300w, https:\/\/i0.wp.com\/news.avantools.pt\/wp-content\/uploads\/2020\/12\/Pro-Tools-2020.11-Hero.jpg?resize=768%2C432&amp;ssl=1 768w, https:\/\/i0.wp.com\/news.avantools.pt\/wp-content\/uploads\/2020\/12\/Pro-Tools-2020.11-Hero.jpg?resize=1536%2C864&amp;ssl=1 1536w, https:\/\/i0.wp.com\/news.avantools.pt\/wp-content\/uploads\/2020\/12\/Pro-Tools-2020.11-Hero.jpg?w=1920&amp;ssl=1 1920w\" sizes=\"auto, (max-width: 384px) 100vw, 384px\" \/><\/figure><\/div>\n\n\n\n<p>Saiba mais sobre o novo <strong>PROTOOLS | CARBON<\/strong> <a rel=\"noreferrer noopener\" href=\"https:\/\/www.avid.com\/products\/pro-tools-carbon\" target=\"_blank\">aqui<\/a>. Conhe\u00e7a algumas an\u00e1lises sobre este novo e sensacional produto <a rel=\"noreferrer noopener\" href=\"https:\/\/www.soundonsound.com\/news\/exclusive-review-avids-pro-tools-carbon\" target=\"_blank\">aqui<\/a>, <a rel=\"noreferrer noopener\" href=\"https:\/\/www.pro-tools-expert.com\/home-page\/pro-tools-carbon-review\" target=\"_blank\">aqui<\/a> e <a rel=\"noreferrer noopener\" href=\"https:\/\/www.sweetwater.com\/insync\/avid-pro-tools-carbon-first-look\/\" target=\"_blank\">aqui<\/a>. Veja <a rel=\"noreferrer noopener\" href=\"https:\/\/www.youtube.com\/watch?v=k8Cco_hLUPE\" target=\"_blank\">aqui<\/a> ou <a rel=\"noreferrer noopener\" href=\"https:\/\/www.youtube.com\/watch?v=o0W_C5Iw_io\" target=\"_blank\">aqui<\/a> videos com uma an\u00e1lises detalhadas sobre o novo produto. <\/p>\n\n\n\n<p>Saiba ainda mais sobre o novo <strong>PRO TOOLS | CARBON<\/strong>, <a rel=\"noreferrer noopener\" href=\"http:\/\/avantools.pt\/contacts.html\" target=\"_blank\">visite-nos<\/a>!<\/p>\n\n\n\n<div class=\"wp-block-image\"><figure class=\"aligncenter size-large is-resized\"><img data-recalc-dims=\"1\" loading=\"lazy\" decoding=\"async\" src=\"https:\/\/i0.wp.com\/news.avantools.pt\/wp-content\/uploads\/2020\/12\/avidLOGO.png?resize=373%2C136&#038;ssl=1\" alt=\"\" class=\"wp-image-3692\" width=\"373\" height=\"136\" srcset=\"https:\/\/i0.wp.com\/news.avantools.pt\/wp-content\/uploads\/2020\/12\/avidLOGO.png?resize=1024%2C376&amp;ssl=1 1024w, https:\/\/i0.wp.com\/news.avantools.pt\/wp-content\/uploads\/2020\/12\/avidLOGO.png?resize=300%2C110&amp;ssl=1 300w, https:\/\/i0.wp.com\/news.avantools.pt\/wp-content\/uploads\/2020\/12\/avidLOGO.png?resize=768%2C282&amp;ssl=1 768w, https:\/\/i0.wp.com\/news.avantools.pt\/wp-content\/uploads\/2020\/12\/avidLOGO.png?resize=1536%2C564&amp;ssl=1 1536w, https:\/\/i0.wp.com\/news.avantools.pt\/wp-content\/uploads\/2020\/12\/avidLOGO.png?resize=2048%2C752&amp;ssl=1 2048w\" sizes=\"auto, (max-width: 373px) 100vw, 373px\" \/><\/figure><\/div>\n\n\n\n<hr class=\"wp-block-separator is-style-wide\"\/>\n","protected":false},"excerpt":{"rendered":"<p>Destinado a m\u00fasicos, bandas e produtores,\u00a0o Pro Tools | Carbon\u00a0da AVID \u00e9 um novo conceito de interface \u00e1udio, concebido para captar todo o brilho do seu som.\u00a0Trata-se de um sistema h\u00edbrido, que exibe uma enorme qualidade de som e combina o poder do CPU do seu computador com a acelera\u00e7\u00e3o proporcionada pelos DSP HDX internos. &hellip; <\/p>\n<p class=\"link-more\"><a href=\"https:\/\/news.avantools.pt\/?p=3674\" class=\"more-link\">Continuar a ler <span class=\"screen-reader-text\">&#8220;Eis o novo Pro Tools | Carbon&#8221;<\/span><\/a><\/p>\n","protected":false},"author":2,"featured_media":3696,"comment_status":"closed","ping_status":"open","sticky":false,"template":"","format":"standard","meta":{"_jetpack_memberships_contains_paid_content":false,"footnotes":"","_links_to":"","_links_to_target":""},"categories":[94,96],"tags":[4,529,5],"class_list":["post-3674","post","type-post","status-publish","format-standard","has-post-thumbnail","hentry","category-studio","category-video","tag-avid","tag-carbon","tag-protools"],"jetpack_featured_media_url":"https:\/\/i0.wp.com\/news.avantools.pt\/wp-content\/uploads\/2020\/12\/Avid-Pro-Tools-Carbon-First-Look-Featured-Image.jpg?fit=1200%2C628&ssl=1","jetpack_sharing_enabled":true,"_links":{"self":[{"href":"https:\/\/news.avantools.pt\/index.php?rest_route=\/wp\/v2\/posts\/3674","targetHints":{"allow":["GET"]}}],"collection":[{"href":"https:\/\/news.avantools.pt\/index.php?rest_route=\/wp\/v2\/posts"}],"about":[{"href":"https:\/\/news.avantools.pt\/index.php?rest_route=\/wp\/v2\/types\/post"}],"author":[{"embeddable":true,"href":"https:\/\/news.avantools.pt\/index.php?rest_route=\/wp\/v2\/users\/2"}],"replies":[{"embeddable":true,"href":"https:\/\/news.avantools.pt\/index.php?rest_route=%2Fwp%2Fv2%2Fcomments&post=3674"}],"version-history":[{"count":22,"href":"https:\/\/news.avantools.pt\/index.php?rest_route=\/wp\/v2\/posts\/3674\/revisions"}],"predecessor-version":[{"id":3739,"href":"https:\/\/news.avantools.pt\/index.php?rest_route=\/wp\/v2\/posts\/3674\/revisions\/3739"}],"wp:featuredmedia":[{"embeddable":true,"href":"https:\/\/news.avantools.pt\/index.php?rest_route=\/wp\/v2\/media\/3696"}],"wp:attachment":[{"href":"https:\/\/news.avantools.pt\/index.php?rest_route=%2Fwp%2Fv2%2Fmedia&parent=3674"}],"wp:term":[{"taxonomy":"category","embeddable":true,"href":"https:\/\/news.avantools.pt\/index.php?rest_route=%2Fwp%2Fv2%2Fcategories&post=3674"},{"taxonomy":"post_tag","embeddable":true,"href":"https:\/\/news.avantools.pt\/index.php?rest_route=%2Fwp%2Fv2%2Ftags&post=3674"}],"curies":[{"name":"wp","href":"https:\/\/api.w.org\/{rel}","templated":true}]}}