{"id":3762,"date":"2021-01-17T14:24:10","date_gmt":"2021-01-17T14:24:10","guid":{"rendered":"http:\/\/news.avantools.pt\/?p=3762"},"modified":"2021-01-17T14:39:48","modified_gmt":"2021-01-17T14:39:48","slug":"nova-mc%c2%b236-da-lawo-o-melhor-tornou-se-ainda-melhor","status":"publish","type":"post","link":"https:\/\/news.avantools.pt\/?p=3762","title":{"rendered":"Nova mc\u00b236 da LAWO: o melhor tornou-se ainda melhor"},"content":{"rendered":"\n<p class=\"has-drop-cap\">A <strong>LAWO<\/strong> \u00e9 a marca de refer\u00eancia na \u00e1rea das mesas de som. As mesas <strong>LAWO<\/strong> tornaram-se o s\u00edmbolo da qualidade e o padr\u00e3o em rela\u00e7\u00e3o ao qual este equipamento \u00e9 medido. A s\u00e9rie <em>mc\u00b2 <\/em>possui todas as caracter\u00edsticas que se exigem de uma mesa de produ\u00e7\u00e3o \u00e1udio em tempos modernos. Seja na \u00e1rea do broadcast, do <em>live<\/em>, em est\u00fadio ou nos locais mais in\u00f3spitos onde se espera qualidade de topo e fiabilidade total, as mesas das s\u00e9rie <em>mc\u00b2<\/em> s\u00e3o a \u00fanica resposta segura. O modelo <em>mc\u00b236<\/em> \u00e9, desde o seu surgimento, aquele que se tem destacado pelo seu car\u00e1cter compacto, as caracter\u00edsticas \u00fanicas, robustez e qualidade sem par. Na sua categoria, a <em>mc\u00b236<\/em> \u00e9 a melhor. Pois a melhor tornou-se ainda melhor. Baseado no novo <em>A__UHD Core<\/em>, a nova <em>mc\u00b236 MkII<\/em> acompanha as exig\u00eancias do presente e promete acompanhar o futuro. <strong>LAWO<\/strong>, n\u00e3o h\u00e1 melhor escolha.<\/p>\n\n\n\n<figure class=\"wp-block-image size-large\"><img data-recalc-dims=\"1\" loading=\"lazy\" decoding=\"async\" width=\"525\" height=\"299\" src=\"https:\/\/i0.wp.com\/news.avantools.pt\/wp-content\/uploads\/2021\/01\/LAWO_mc2-36-mkII_16faders.jpg?resize=525%2C299&#038;ssl=1\" alt=\"\" class=\"wp-image-3765\" srcset=\"https:\/\/i0.wp.com\/news.avantools.pt\/wp-content\/uploads\/2021\/01\/LAWO_mc2-36-mkII_16faders.jpg?resize=1024%2C583&amp;ssl=1 1024w, https:\/\/i0.wp.com\/news.avantools.pt\/wp-content\/uploads\/2021\/01\/LAWO_mc2-36-mkII_16faders.jpg?resize=300%2C171&amp;ssl=1 300w, https:\/\/i0.wp.com\/news.avantools.pt\/wp-content\/uploads\/2021\/01\/LAWO_mc2-36-mkII_16faders.jpg?resize=768%2C437&amp;ssl=1 768w, https:\/\/i0.wp.com\/news.avantools.pt\/wp-content\/uploads\/2021\/01\/LAWO_mc2-36-mkII_16faders.jpg?resize=1536%2C874&amp;ssl=1 1536w, https:\/\/i0.wp.com\/news.avantools.pt\/wp-content\/uploads\/2021\/01\/LAWO_mc2-36-mkII_16faders.jpg?w=1920&amp;ssl=1 1920w\" sizes=\"auto, (max-width: 767px) 89vw, (max-width: 1000px) 54vw, (max-width: 1071px) 543px, 580px\" \/><figcaption><em>mc\u00b236 MkII<\/em><\/figcaption><\/figure>\n\n\n\n<p>Aqueles que conhecem a <strong>LAWO<\/strong> e os desenvolvimentos introduzidos pela marca alem\u00e3 no dom\u00ednio das mesas de produ\u00e7\u00e3o \u00e1udio, estar\u00e3o familiarizados com as recentes melhorias introduzidas nas mesas das s\u00e9ries <em>mc\u00b296 e mc\u00b256 MkII<\/em>. Estas melhorias chegam agora \u00e0 compacta <em>mc\u00b236<\/em>. A inova\u00e7\u00e3o neste modelo consiste em proporcionar aos utilizadores que necessitam de uma pequena mesa compacta, capacidades nunca antes dispon\u00edveis: Uma mesa <em>IP-native<\/em>, com um poder impressionante de processamento e conectividade sem precedentes. Mais: a nova mesa n\u00e3o s\u00f3 proporciona a melhor conectividade via IP, mas tamb\u00e9m as entradas de microfone e sa\u00eddas da classe <strong>LAWO<\/strong>, para al\u00e9m de liga\u00e7\u00e3o AES3 e uma porta MADI para liga\u00e7\u00e3o a equipamento SDI. <\/p>\n\n\n\n<figure class=\"wp-block-image size-large\"><img data-recalc-dims=\"1\" loading=\"lazy\" decoding=\"async\" width=\"525\" height=\"165\" src=\"https:\/\/i0.wp.com\/news.avantools.pt\/wp-content\/uploads\/2021\/01\/LAWO_A__UHD_Core.jpg?resize=525%2C165&#038;ssl=1\" alt=\"\" class=\"wp-image-3767\" srcset=\"https:\/\/i0.wp.com\/news.avantools.pt\/wp-content\/uploads\/2021\/01\/LAWO_A__UHD_Core.jpg?resize=1024%2C321&amp;ssl=1 1024w, https:\/\/i0.wp.com\/news.avantools.pt\/wp-content\/uploads\/2021\/01\/LAWO_A__UHD_Core.jpg?resize=300%2C94&amp;ssl=1 300w, https:\/\/i0.wp.com\/news.avantools.pt\/wp-content\/uploads\/2021\/01\/LAWO_A__UHD_Core.jpg?resize=768%2C240&amp;ssl=1 768w, https:\/\/i0.wp.com\/news.avantools.pt\/wp-content\/uploads\/2021\/01\/LAWO_A__UHD_Core.jpg?resize=1536%2C481&amp;ssl=1 1536w, https:\/\/i0.wp.com\/news.avantools.pt\/wp-content\/uploads\/2021\/01\/LAWO_A__UHD_Core.jpg?w=1920&amp;ssl=1 1920w\" sizes=\"auto, (max-width: 767px) 89vw, (max-width: 1000px) 54vw, (max-width: 1071px) 543px, 580px\" \/><figcaption><em>A__UHD Core<\/em><\/figcaption><\/figure>\n\n\n\n<p>A nova <em>mc\u00b236 MkII<\/em> est\u00e1 agora associada ao <em>A__UHD Core<\/em>, o que significa que todos os futuros desenvolvimentos se processar\u00e3o numa plataforma \u00fanica e que continuar\u00e1 a haver compatibilidade entre as diversas mesas da s\u00e9rie <em>mc\u00b2<\/em>. A plataforma significa que est\u00e1 aberta uma porta para futuros desenvolvimentos e para novas capacidades de desempenho.<\/p>\n\n\n\n<p>As capacidades da nova <em>mc\u00b236 MkII<\/em> s\u00e3o absolutamente not\u00e1veis. Ora veja aqui algumas:<\/p>\n\n\n\n<ul class=\"wp-block-list\"><li>O poder <strong>DSP mais que duplica.\u00a0<\/strong>S\u00e3o 256 canais de processamento, a 48 e a 96 kHz.<\/li><li><strong>Vasta cpacidade de I\/O.\u00a0<\/strong>S\u00e3o 864 channels, com liga\u00e7\u00f5es locais, que incluem 3 interfaces de rede IP redundantes, 16 entradas mic\/linha <em>Lawo-grade<\/em>, 16 sa\u00eddas de linha, 8 entradas e sa\u00eddas AES3, 8 liga\u00e7\u00f5es GPIO, e uma porta SFP MADI.<\/li><li><strong>IP nativo.\u00a0<\/strong>A<strong> <\/strong>mc\u00b236, alimentada pelo A__UHD Core, \u00e9 compat\u00edvel em modo nativo com os <em>standards<\/em> ST2110, AES67, RAVENNA, and Ember+.<\/li><li><strong>Chassis super compacto.<\/strong>\u00a0O novo chassis \u00e9 o mais pequeno, e leve jamais constru\u00eddo para a s\u00e9rie <em>mc\u00b2<\/em>! Perfeito para uso m\u00f3vel ou qualquer outra situa\u00e7\u00e3o em que haja um espa\u00e7o limitado. h\u00e1 uma vers\u00e3o de 32 vias.<\/li><li><strong>Pequena em tamanho, grande em poder.\u00a0<\/strong>N\u00e3o se iluda com o tamanho. A nova mc\u00b236 pertence \u00e0 categoria das mesas <em>mc\u00b2<\/em>, com todas as caracter\u00edsticas expect\u00e1veis nesta s\u00e9rie..<\/li><li><strong>Medi\u00e7\u00e3o de loudness inclu\u00edda.\u00a0<\/strong>Controlo de loudness de acordo com a norma ITU 1770 (EBU\/R128 or ATSC\/A85).<\/li><li><strong>Integra\u00e7\u00e3o total com o seu sistema de <em>desktop<\/em>.<\/strong>\u00a0Liga\u00e7\u00e3o aos sistemas de grava\u00e7\u00e3o, motores de efeitos e computadores externos sem quaisquer problemas.<\/li><li><strong>Integra\u00e7\u00e3o com sistema de\u00a0Plugins <strong>Waves<sup>\u00ae<\/sup><\/strong>.\u00a0<\/strong>A <em>mc\u00b236<\/em> oferece a melhor integra\u00e7\u00e3o con o sistema, sem necessidade de juntar ecr\u00e3s ou sistemas de controlo extra. <\/li><\/ul>\n\n\n\n<p>Estas s\u00e3o algumas das caracter\u00edsticas da nova <em>mc\u00b236 MkII<\/em> da <strong>LAWO<\/strong>. Para saber mais veja <a rel=\"noreferrer noopener\" href=\"https:\/\/lawo.com\/next-generation-lawo-audio-console-core-and-most-compact-mc%c2%b2-mixing-console-unveiled\/\" target=\"_blank\">aqui<\/a>. Para saber mais ainda sobre o novo modelo, e como satisfazer as suas necessidades espec\u00edficas, <a rel=\"noreferrer noopener\" href=\"http:\/\/avantools.pt\/contacts.html\" target=\"_blank\">contacte-nos<\/a>.<\/p>\n\n\n\n<figure class=\"wp-block-image size-large is-resized\"><img data-recalc-dims=\"1\" loading=\"lazy\" decoding=\"async\" src=\"https:\/\/i0.wp.com\/news.avantools.pt\/wp-content\/uploads\/2019\/09\/Lawo_Logo.gif?resize=297%2C297&#038;ssl=1\" alt=\"\" class=\"wp-image-2447\" width=\"297\" height=\"297\"\/><\/figure>\n\n\n\n<hr class=\"wp-block-separator is-style-wide\"\/>\n","protected":false},"excerpt":{"rendered":"<p>A LAWO \u00e9 a marca de refer\u00eancia na \u00e1rea das mesas de som. As mesas LAWO tornaram-se o s\u00edmbolo da qualidade e o padr\u00e3o em rela\u00e7\u00e3o ao qual este equipamento \u00e9 medido. A s\u00e9rie mc\u00b2 possui todas as caracter\u00edsticas que se exigem de uma mesa de produ\u00e7\u00e3o \u00e1udio em tempos modernos. Seja na \u00e1rea do &hellip; <\/p>\n<p class=\"link-more\"><a href=\"https:\/\/news.avantools.pt\/?p=3762\" class=\"more-link\">Continuar a ler <span class=\"screen-reader-text\">&#8220;Nova mc\u00b236 da LAWO: o melhor tornou-se ainda melhor&#8221;<\/span><\/a><\/p>\n","protected":false},"author":2,"featured_media":0,"comment_status":"closed","ping_status":"open","sticky":false,"template":"","format":"standard","meta":{"_jetpack_memberships_contains_paid_content":false,"footnotes":"","_links_to":"","_links_to_target":""},"categories":[92,435,95,464,93,266,96],"tags":[532,2,531],"class_list":["post-3762","post","type-post","status-publish","format-standard","hentry","category-broadcast","category-internet","category-live","category-pos-prod","category-radio","category-televisao","category-video","tag-a__uhd-core","tag-lawo","tag-mc36-mkii"],"jetpack_featured_media_url":"","jetpack_sharing_enabled":true,"_links":{"self":[{"href":"https:\/\/news.avantools.pt\/index.php?rest_route=\/wp\/v2\/posts\/3762","targetHints":{"allow":["GET"]}}],"collection":[{"href":"https:\/\/news.avantools.pt\/index.php?rest_route=\/wp\/v2\/posts"}],"about":[{"href":"https:\/\/news.avantools.pt\/index.php?rest_route=\/wp\/v2\/types\/post"}],"author":[{"embeddable":true,"href":"https:\/\/news.avantools.pt\/index.php?rest_route=\/wp\/v2\/users\/2"}],"replies":[{"embeddable":true,"href":"https:\/\/news.avantools.pt\/index.php?rest_route=%2Fwp%2Fv2%2Fcomments&post=3762"}],"version-history":[{"count":8,"href":"https:\/\/news.avantools.pt\/index.php?rest_route=\/wp\/v2\/posts\/3762\/revisions"}],"predecessor-version":[{"id":3772,"href":"https:\/\/news.avantools.pt\/index.php?rest_route=\/wp\/v2\/posts\/3762\/revisions\/3772"}],"wp:attachment":[{"href":"https:\/\/news.avantools.pt\/index.php?rest_route=%2Fwp%2Fv2%2Fmedia&parent=3762"}],"wp:term":[{"taxonomy":"category","embeddable":true,"href":"https:\/\/news.avantools.pt\/index.php?rest_route=%2Fwp%2Fv2%2Fcategories&post=3762"},{"taxonomy":"post_tag","embeddable":true,"href":"https:\/\/news.avantools.pt\/index.php?rest_route=%2Fwp%2Fv2%2Ftags&post=3762"}],"curies":[{"name":"wp","href":"https:\/\/api.w.org\/{rel}","templated":true}]}}